{"id":12227,"date":"2017-09-28T10:40:00","date_gmt":"2017-09-28T07:40:00","guid":{"rendered":"https:\/\/dia.edu.az\/?p=12227"},"modified":"2021-03-15T10:41:26","modified_gmt":"2021-03-15T07:41:26","slug":"cumhuriyy%c9%99t%c9%99-ged%c9%99n-yol-movzusunda-konfransda-elmi-m%c9%99ruz%c9%99l%c9%99r-dinl%c9%99nilib","status":"publish","type":"post","link":"https:\/\/legacy.dia.edu.az\/ru\/arxivl\u0259r\/12227","title":{"rendered":"\u201cC\u00fcmhuriyy\u0259t\u0259 ged\u0259n yol\u201d m\u00f6vzusunda konfransda elmi m\u0259ruz\u0259l\u0259r dinl\u0259nilib"},"content":{"rendered":"<p><strong>\u201cC\u00fcmhuriyy\u0259t\u0259 ged\u0259n yol\u201d m\u00f6vzusunda konfransda elmi m\u0259ruz\u0259l\u0259r dinl\u0259nilib<\/strong><br><em>Sen 28 , 2017 &#8211; 08:45<\/em><\/p>\n\n\n\n<p>Sentyabr\u0131n 28-d\u0259 Nazirl\u0259r Kabineti yan\u0131nda \u201c\u0130\u00e7\u0259ri\u015f\u0259h\u0259r&#8221; D\u00f6vl\u0259t Tarix-Memarl\u0131q Qoru\u011fu \u0130dar\u0259si v\u0259 Az\u0259rbaycan Prezidenti yan\u0131nda D\u00f6vl\u0259t \u0130dar\u0259\u00e7ilik Akademiyas\u0131n\u0131n birg\u0259 t\u0259\u015fkilat\u00e7\u0131l\u0131\u011f\u0131 il\u0259 \u201cC\u00fcmhuriyy\u0259t\u0259 ged\u0259n yol\u201d m\u00f6vzusunda elmi-praktik konfrans ke\u00e7irilib.<\/p>\n\n\n\n<p>Elmi konfrans Rusiyada Fevral inqilab\u0131n\u0131n, Qafqaz v\u0259 \u00dcmumrusiya m\u00fcs\u0259lmanlar\u0131 qurultaylar\u0131n\u0131n 100 illiyin\u0259 v\u0259 Bak\u0131n\u0131n azad olunmas\u0131n\u0131n 99 illiyin\u0259 h\u0259sr olunub.<\/p>\n\n\n\n<p>T\u0259dbird\u0259 qurumun Elmi-M\u0259d\u0259ni M\u0259rk\u0259zinin elm \u015f\u00f6b\u0259sinin \u0259m\u0259kda\u015f\u0131, filologiya \u00fczr\u0259 f\u0259ls\u0259f\u0259 doktoru \u0130rad\u0259 Musayeva \u00e7\u0131x\u0131\u015f ed\u0259r\u0259k konfrans\u0131n elmi \u0259h\u0259miyy\u0259tind\u0259n dan\u0131\u015f\u0131b v\u0259 bildirib ki, ba\u015f ver\u0259n hadis\u0259l\u0259rd\u0259n bir \u0259srlik zaman \u00f6tm\u0259sin\u0259 baxmayaraq, g\u0259nc n\u0259slin bunlar\u0131 bilm\u0259si olduqca vacibdir.<\/p>\n\n\n\n<p>Prezident \u0130lham \u018fliyevin Az\u0259rbaycan Xalq C\u00fcmhuriyy\u0259tinin yarad\u0131lmas\u0131n\u0131n 100 illik yubileyinin qeyd olunmas\u0131 il\u0259 ba\u011fl\u0131 bu il may\u0131n 16-da imzalad\u0131\u011f\u0131 S\u0259r\u0259ncam\u0131n \u0259h\u0259miyy\u0259tini vur\u011fulayan natiq bununla ba\u011fl\u0131 Qoruq \u0130dar\u0259sind\u0259 t\u0259dbirl\u0259r plan\u0131n\u0131n haz\u0131rland\u0131\u011f\u0131n\u0131 v\u0259 il \u0259rzind\u0259 bu c\u00fcr t\u0259dbirl\u0259rin bir \u00e7ox qurumlarla, ali m\u0259kt\u0259bl\u0259rl\u0259 \u0259m\u0259kda\u015fl\u0131q \u015f\u0259raitind\u0259 ke\u00e7iril\u0259c\u0259yini qeyd edib: \u201cBu g\u00fcn konfransda \u00f6lk\u0259mizin tan\u0131nm\u0131\u015f aliml\u0259ri, c\u00fcmhuriyy\u0259t t\u0259dqiqat\u00e7\u0131lar\u0131, arxivl\u0259rd\u0259 ill\u0259rl\u0259 i\u015fl\u0259y\u0259n m\u00fct\u0259x\u0259ssisl\u0259r, yeni t\u0259dqiqat\u00e7\u0131lar i\u015ftirak edirl\u0259r. Onlar maraql\u0131 m\u0259ruz\u0259l\u0259rl\u0259 \u00e7\u0131x\u0131\u015f ed\u0259c\u0259kl\u0259r. Bu m\u0259ruz\u0259l\u0259r kitab \u015f\u0259klind\u0259 \u00e7ap edil\u0259r\u0259k t\u0259hsil m\u00fc\u0259ssis\u0259l\u0259rin\u0259 paylan\u0131lacaq. \u0130nan\u0131ram ki, bu toplu Az\u0259rbaycan Xalq C\u00fcmhuriyy\u0259tinin 100 illiyin\u0259 h\u0259sr olunmu\u015f m\u00fch\u00fcm t\u00f6hf\u0259 olacaq\u201d.<\/p>\n\n\n\n<p>Qoruq \u0130dar\u0259sinin Elmi-M\u0259d\u0259ni M\u0259rk\u0259zinin direktoru Cavid Kaz\u0131mov Az\u0259rbaycan Xalq C\u00fcmhuriyy\u0259tinin tariximizd\u0259ki \u0259v\u0259zsiz yerind\u0259n dan\u0131\u015faraq konfrans\u0131 tariximizin \u00f6yr\u0259nilm\u0259sind\u0259 n\u00f6vb\u0259ti add\u0131m kimi qiym\u0259tl\u0259ndirib.<\/p>\n\n\n\n<p>Daha sonra konfransda \u201cAz\u0259rbaycan milli h\u0259r\u0259kat\u0131nda Fevral inqilab\u0131n\u0131n rolu v\u0259 \u0259h\u0259miyy\u0259ti\u201d, \u201cRusiya m\u00fcs\u0259lmanlar\u0131n\u0131n azadl\u0131q m\u00fcbariz\u0259sind\u0259 Az\u0259rbaycan milli h\u0259r\u0259kat\u0131n\u0131n yeri\u201d, \u201cAz\u0259rbaycan milli h\u0259r\u0259kat\u0131n\u0131n \u0259saslar\u0131\u201d, \u201cAz\u0259rbaycan muxtariyy\u0259ti v\u0259 bol\u015fevikl\u0259rin m\u00f6vqeyi\u201d, \u201c\u018f.M.Top\u00e7uba\u015fovun ictimai-siyasi f\u0259aliyy\u0259ti\u201d, \u201cQafqaz m\u00fcs\u0259lmanlar\u0131 qurultay\u0131n\u0131n Az\u0259rbaycan milli h\u0259r\u0259kat\u0131nda yeri\u201d, \u201cBirinci D\u00fcnya m\u00fcharib\u0259sinin \u0259vv\u0259ll\u0259rind\u0259 Osmanl\u0131 d\u00f6vl\u0259tinin Qafqaz siyas\u0259ti v\u0259 m\u00fcst\u0259qil Az\u0259rbaycan ideyas\u0131\u201d m\u00f6vzular\u0131nda m\u0259ruz\u0259l\u0259r dinl\u0259nilib.<\/p>\n\n\n\n<p><\/p>\n\n\n\n<figure class=\"wp-container-2 wp-block-gallery-1 wp-block-gallery columns-3 is-cropped\"><ul class=\"blocks-gallery-grid\"><li class=\"blocks-gallery-item\"><figure><img width=\"640\" height=\"402\" src=\"https:\/\/dia.edu.az\/wp-content\/uploads\/2021\/03\/ISH1.jpg\" alt=\"\" data-id=\"12228\" data-full-url=\"https:\/\/dia.edu.az\/wp-content\/uploads\/2021\/03\/ISH1.jpg\" data-link=\"https:\/\/dia.edu.az\/?attachment_id=12228\" class=\"wp-image-12228\" srcset=\"https:\/\/legacy.dia.edu.az\/wp-content\/uploads\/2021\/03\/ISH1.jpg 640w, https:\/\/legacy.dia.edu.az\/wp-content\/uploads\/2021\/03\/ISH1-300x188.jpg 300w, https:\/\/legacy.dia.edu.az\/wp-content\/uploads\/2021\/03\/ISH1-16x10.jpg 16w, https:\/\/legacy.dia.edu.az\/wp-content\/uploads\/2021\/03\/ISH1-300x188@2x.jpg 600w\" sizes=\"(max-width: 640px) 100vw, 640px\" \/><\/figure><\/li><li class=\"blocks-gallery-item\"><figure><img width=\"629\" height=\"480\" src=\"https:\/\/dia.edu.az\/wp-content\/uploads\/2021\/03\/ISH2.jpg\" alt=\"\" data-id=\"12229\" data-full-url=\"https:\/\/dia.edu.az\/wp-content\/uploads\/2021\/03\/ISH2.jpg\" data-link=\"https:\/\/dia.edu.az\/?attachment_id=12229\" class=\"wp-image-12229\" srcset=\"https:\/\/legacy.dia.edu.az\/wp-content\/uploads\/2021\/03\/ISH2.jpg 629w, https:\/\/legacy.dia.edu.az\/wp-content\/uploads\/2021\/03\/ISH2-300x229.jpg 300w, https:\/\/legacy.dia.edu.az\/wp-content\/uploads\/2021\/03\/ISH2-16x12.jpg 16w, https:\/\/legacy.dia.edu.az\/wp-content\/uploads\/2021\/03\/ISH2-80x62.jpg 80w, https:\/\/legacy.dia.edu.az\/wp-content\/uploads\/2021\/03\/ISH2-300x229@2x.jpg 600w\" sizes=\"(max-width: 629px) 100vw, 629px\" \/><\/figure><\/li><li class=\"blocks-gallery-item\"><figure><img width=\"640\" height=\"360\" src=\"https:\/\/dia.edu.az\/wp-content\/uploads\/2021\/03\/ISH3.jpg\" alt=\"\" data-id=\"12230\" data-full-url=\"https:\/\/dia.edu.az\/wp-content\/uploads\/2021\/03\/ISH3.jpg\" data-link=\"https:\/\/dia.edu.az\/?attachment_id=12230\" class=\"wp-image-12230\" srcset=\"https:\/\/legacy.dia.edu.az\/wp-content\/uploads\/2021\/03\/ISH3.jpg 640w, https:\/\/legacy.dia.edu.az\/wp-content\/uploads\/2021\/03\/ISH3-300x169.jpg 300w, https:\/\/legacy.dia.edu.az\/wp-content\/uploads\/2021\/03\/ISH3-16x9.jpg 16w, https:\/\/legacy.dia.edu.az\/wp-content\/uploads\/2021\/03\/ISH3-300x169@2x.jpg 600w\" sizes=\"(max-width: 640px) 100vw, 640px\" \/><\/figure><\/li><li class=\"blocks-gallery-item\"><figure><img width=\"640\" height=\"467\" src=\"https:\/\/dia.edu.az\/wp-content\/uploads\/2021\/03\/ISH4.jpg\" alt=\"\" data-id=\"12231\" data-full-url=\"https:\/\/dia.edu.az\/wp-content\/uploads\/2021\/03\/ISH4.jpg\" data-link=\"https:\/\/dia.edu.az\/?attachment_id=12231\" class=\"wp-image-12231\" srcset=\"https:\/\/legacy.dia.edu.az\/wp-content\/uploads\/2021\/03\/ISH4.jpg 640w, https:\/\/legacy.dia.edu.az\/wp-content\/uploads\/2021\/03\/ISH4-300x219.jpg 300w, https:\/\/legacy.dia.edu.az\/wp-content\/uploads\/2021\/03\/ISH4-16x12.jpg 16w, https:\/\/legacy.dia.edu.az\/wp-content\/uploads\/2021\/03\/ISH4-300x219@2x.jpg 600w\" sizes=\"(max-width: 640px) 100vw, 640px\" \/><\/figure><\/li><\/ul><\/figure>","protected":false},"excerpt":{"rendered":"<p>\u201cC\u00fcmhuriyy\u0259t\u0259 ged\u0259n yol\u201d m\u00f6vzusunda konfransda elmi m\u0259ruz\u0259l\u0259r dinl\u0259nilibSen 28 , 2017 &#8211; 08:45 Sentyabr\u0131n 28-d\u0259 Nazirl\u0259r Kabineti yan\u0131nda \u201c\u0130\u00e7\u0259ri\u015f\u0259h\u0259r&#8221; D\u00f6vl\u0259t Tarix-Memarl\u0131q Qoru\u011fu \u0130dar\u0259si v\u0259 Az\u0259rbaycan Prezidenti yan\u0131nda D\u00f6vl\u0259t \u0130dar\u0259\u00e7ilik Akademiyas\u0131n\u0131n birg\u0259 t\u0259\u015fkilat\u00e7\u0131l\u0131\u011f\u0131 il\u0259 \u201cC\u00fcmhuriyy\u0259t\u0259 ged\u0259n yol\u201d m\u00f6vzusunda elmi-praktik konfrans ke\u00e7irilib. Elmi konfrans Rusiyada Fevral inqilab\u0131n\u0131n, Qafqaz v\u0259 \u00dcmumrusiya m\u00fcs\u0259lmanlar\u0131 qurultaylar\u0131n\u0131n 100 illiyin\u0259 v\u0259 Bak\u0131n\u0131n azad [&hellip;]<\/p>","protected":false},"author":2,"featured_media":12231,"comment_status":"closed","ping_status":"closed","sticky":false,"template":"","format":"standard","meta":[],"categories":[137],"tags":[],"_links":{"self":[{"href":"https:\/\/legacy.dia.edu.az\/ru\/wp-json\/wp\/v2\/posts\/12227"}],"collection":[{"href":"https:\/\/legacy.dia.edu.az\/ru\/wp-json\/wp\/v2\/posts"}],"about":[{"href":"https:\/\/legacy.dia.edu.az\/ru\/wp-json\/wp\/v2\/types\/post"}],"author":[{"embeddable":true,"href":"https:\/\/legacy.dia.edu.az\/ru\/wp-json\/wp\/v2\/users\/2"}],"replies":[{"embeddable":true,"href":"https:\/\/legacy.dia.edu.az\/ru\/wp-json\/wp\/v2\/comments?post=12227"}],"version-history":[{"count":0,"href":"https:\/\/legacy.dia.edu.az\/ru\/wp-json\/wp\/v2\/posts\/12227\/revisions"}],"wp:featuredmedia":[{"embeddable":true,"href":"https:\/\/legacy.dia.edu.az\/ru\/wp-json\/wp\/v2\/media\/12231"}],"wp:attachment":[{"href":"https:\/\/legacy.dia.edu.az\/ru\/wp-json\/wp\/v2\/media?parent=12227"}],"wp:term":[{"taxonomy":"category","embeddable":true,"href":"https:\/\/legacy.dia.edu.az\/ru\/wp-json\/wp\/v2\/categories?post=12227"},{"taxonomy":"post_tag","embeddable":true,"href":"https:\/\/legacy.dia.edu.az\/ru\/wp-json\/wp\/v2\/tags?post=12227"}],"curies":[{"name":"wp","href":"https:\/\/api.w.org\/{rel}","templated":true}]}}