{"id":12220,"date":"2017-10-09T10:37:00","date_gmt":"2017-10-09T07:37:00","guid":{"rendered":"https:\/\/dia.edu.az\/?p=12220"},"modified":"2021-03-15T10:38:46","modified_gmt":"2021-03-15T07:38:46","slug":"dovl%c9%99t-idar%c9%99cilik-akademiyasinda-az%c9%99rbaycan-dovl%c9%99tciliyinin-huquqi-%c9%99saslari-v%c9%99-inzibati-islahatlar-istiqam%c9%99ti-uzr%c9%99-qisamudd%c9%99tli-ixtisasartirma","status":"publish","type":"post","link":"https:\/\/legacy.dia.edu.az\/ru\/arxivl\u0259r\/12220","title":{"rendered":"D\u00f6vl\u0259t \u0130dar\u0259\u00e7ilik Akademiyas\u0131nda \u00abAz\u0259rbaycan d\u00f6vl\u0259t\u00e7iliyinin h\u00fcquqi \u0259saslar\u0131 v\u0259 inzibati islahatlar\u00bb istiqam\u0259ti \u00fczr\u0259 q\u0131sam\u00fcdd\u0259tli ixtisasart\u0131rma kursu ke\u00e7irilmi\u015fdir"},"content":{"rendered":"<p><strong>D\u00f6vl\u0259t \u0130dar\u0259\u00e7ilik Akademiyas\u0131nda \u00abAz\u0259rbaycan d\u00f6vl\u0259t\u00e7iliyinin h\u00fcquqi \u0259saslar\u0131 v\u0259 inzibati islahatlar\u00bb istiqam\u0259ti \u00fczr\u0259 q\u0131sam\u00fcdd\u0259tli ixtisasart\u0131rma kursu ke\u00e7irilmi\u015fdir<\/strong><br><em>Okt 09 , 2017 &#8211; 11:12<\/em><\/p>\n\n\n\n<p>&nbsp;Bu istiqam\u0259td\u0259 kursun \u0259sas m\u0259qs\u0259di Az\u0259rbaycan\u0131n siyasi-iqtisadi v\u0259 sosial inki\u015faf\u0131 h\u00fcquqi islahatlar\u0131n z\u0259mini kimi, Ali idar\u0259etm\u0259 s\u0259viyy\u0259sind\u0259 islahatlar, Az\u0259rbaycan Respublikas\u0131nda h\u00fcquq islahatlar\u0131, C\u0259za siyas\u0259tinin humanistl\u0259\u015fdirilm\u0259si v\u0259 s. probleml\u0259rl\u0259&nbsp; ba\u011fl\u0131 bilikl\u0259rin dinl\u0259yicil\u0259r\u0259 \u00e7atd\u0131r\u0131lmas\u0131 v\u0259 onlar il\u0259 fikir m\u00fcbadil\u0259sinin apar\u0131lmas\u0131 idi. Kurs \u0259rzind\u0259 \u00abAz\u0259rbaycan d\u00f6vl\u0259t\u00e7iliyinin h\u00fcquqi \u0259saslar\u0131 v\u0259 inzibati islahatlar\u00bb istiqam\u0259ti \u00fczr\u0259 &#8211; Az\u0259rbaycan Respublikas\u0131n\u0131n Prezidenti yan\u0131nda D\u00f6vl\u0259t \u0130dar\u0259\u00e7ilik Akademiyas\u0131n\u0131n rektoru, akademik Urxan \u018fl\u0259kb\u0259rov, Az\u0259rbaycan Respublikas\u0131 Prezidenti Administrasiyas\u0131n\u0131n Qanunvericilik v\u0259 H\u00fcquq Ekspertizas\u0131 M\u0259s\u0259l\u0259l\u0259ri \u015f\u00f6b\u0259sinin ba\u015f m\u0259sl\u0259h\u0259t\u00e7isi Elturan Babayev, Milli M\u0259clisinin H\u00fcquq Siyas\u0259ti v\u0259 D\u00f6vl\u0259t Quruculu\u011fu Komit\u0259sinin s\u0259dri \u018fli H\u00fcseynli, M\u0259rk\u0259zi Se\u00e7ki Komissiyas\u0131n\u0131n \u00fczv\u00fc Fuad Cavadov, \u018fdliyy\u0259 Nazirliyi \u0130ctimaiyy\u0259tl\u0259 \u018flaq\u0259l\u0259r v\u0259 \u0130nsan H\u00fcquqlar\u0131 \u0130dar\u0259sinin r\u0259isi Faiq Qurbanov, Az\u0259rbaycan Respublikas\u0131n\u0131n Prezidenti yan\u0131nda D\u00f6vl\u0259t \u0130dar\u0259\u00e7ilik Akademiyas\u0131 H\u00fcquq-1 kafedras\u0131n\u0131n m\u00fcdiri, dosent F\u0259xr\u0259ddin Na\u011f\u0131yev, Ali M\u0259hk\u0259m\u0259si m\u00fclki kollegiyas\u0131n\u0131n hakimi V\u0259faddin \u0130bayev, D\u00f6vl\u0259t T\u0259hl\u00fck\u0259sizliyi Xidm\u0259ti Akademiyas\u0131n\u0131n \u0259m\u0259kda\u015f\u0131 R\u00f6v\u015f\u0259n \u018fzizov, Ba\u015f Prokurorlu\u011fun Elm-T\u0259dris M\u0259rk\u0259zinin \u0130nsan h\u00fcquq v\u0259 azadl\u0131qlar\u0131n\u0131n m\u00fcdafi\u0259si probleml\u0259ri kafedras\u0131n\u0131n r\u0259isi-b\u00f6y\u00fck prokuror Tal\u0131b C\u0259f\u0259rov, Daxili \u0130\u015fl\u0259r Nazirliyi Ba\u015f M\u00fct\u0259\u015f\u0259kkil Cinay\u0259tkarl\u0131qla M\u00fcbariz\u0259 \u0130dar\u0259sinin T\u0259\u015fkilat\u0131-analitik b\u00f6lm\u0259sinin r\u0259isi Vasif Qas\u0131mov, Ali M\u0259hk\u0259m\u0259sinin hakimi \u0130lqar D\u0259mirov, Bak\u0131 Apellyasiya M\u0259hk\u0259m\u0259sinin hakimi Rafael Eyvazov, Vergil\u0259r Nazirliyi yan\u0131nda Milli g\u0259lirl\u0259r Departamentinin h\u00fcquqi \u015f\u0259xsl\u0259rin d\u00f6vl\u0259t qeydiyyat\u0131 idar\u0259sinin r\u0259isi Samir Seyid\u0259hm\u0259dli, Milli M\u0259clisi \u0130nzibati v\u0259 h\u0259rbi qanunvericilik \u015f\u00f6b\u0259sinin m\u00fcdir m\u00fcavini S\u0259yyad K\u0259rimov, Konstitusiya M\u0259hk\u0259m\u0259si Aparat\u0131n\u0131n M\u0259hk\u0259m\u0259 iclaslar\u0131n\u0131n t\u0259\u015fkili sektorunun m\u00fcdiri F\u0259rrux Seyidov m\u00f6vzular \u00fczr\u0259 m\u00fchazir\u0259l\u0259rl\u0259 \u00e7\u0131x\u0131\u015f etmi\u015fl\u0259r.&nbsp;<\/p>\n\n\n\n<p>Kursun sonunda D\u00f6vl\u0259t \u0130dar\u0259\u00e7ilik Akademiyas\u0131n\u0131n rektoru, akademik Urxan \u018fl\u0259kb\u0259rov dinl\u0259yicil\u0259r qar\u015f\u0131s\u0131nda \u00e7\u0131x\u0131\u015f etmi\u015f v\u0259 onlara kursu m\u00fcv\u0259ff\u0259qiyy\u0259tl\u0259 bitirdikl\u0259rin\u0259 g\u00f6r\u0259 sertifikatlar t\u0259qdim ed\u0259r\u0259k g\u0259l\u0259c\u0259k i\u015fl\u0259rind\u0259 u\u011furlar arzu etmi\u015fl\u0259r.<\/p>\n\n\n\n<p><\/p>\n\n\n\n<figure class=\"wp-container-2 wp-block-gallery-1 wp-block-gallery columns-2 is-cropped\"><ul class=\"blocks-gallery-grid\"><li class=\"blocks-gallery-item\"><figure><img width=\"448\" height=\"297\" src=\"https:\/\/dia.edu.az\/wp-content\/uploads\/2021\/03\/22375293_830917260419562_931159558_o.jpg\" alt=\"\" data-id=\"12221\" data-full-url=\"https:\/\/dia.edu.az\/wp-content\/uploads\/2021\/03\/22375293_830917260419562_931159558_o.jpg\" data-link=\"https:\/\/dia.edu.az\/?attachment_id=12221\" class=\"wp-image-12221\" srcset=\"https:\/\/legacy.dia.edu.az\/wp-content\/uploads\/2021\/03\/22375293_830917260419562_931159558_o.jpg 448w, https:\/\/legacy.dia.edu.az\/wp-content\/uploads\/2021\/03\/22375293_830917260419562_931159558_o-300x199.jpg 300w, https:\/\/legacy.dia.edu.az\/wp-content\/uploads\/2021\/03\/22375293_830917260419562_931159558_o-16x12.jpg 16w, https:\/\/legacy.dia.edu.az\/wp-content\/uploads\/2021\/03\/22375293_830917260419562_931159558_o-150x100.jpg 150w\" sizes=\"(max-width: 448px) 100vw, 448px\" \/><\/figure><\/li><li class=\"blocks-gallery-item\"><figure><img width=\"448\" height=\"297\" src=\"https:\/\/dia.edu.az\/wp-content\/uploads\/2021\/03\/22375457_830917263752895_1277540842_o.jpg\" alt=\"\" data-id=\"12222\" data-full-url=\"https:\/\/dia.edu.az\/wp-content\/uploads\/2021\/03\/22375457_830917263752895_1277540842_o.jpg\" data-link=\"https:\/\/dia.edu.az\/?attachment_id=12222\" class=\"wp-image-12222\" srcset=\"https:\/\/legacy.dia.edu.az\/wp-content\/uploads\/2021\/03\/22375457_830917263752895_1277540842_o.jpg 448w, https:\/\/legacy.dia.edu.az\/wp-content\/uploads\/2021\/03\/22375457_830917263752895_1277540842_o-300x199.jpg 300w, https:\/\/legacy.dia.edu.az\/wp-content\/uploads\/2021\/03\/22375457_830917263752895_1277540842_o-16x12.jpg 16w, https:\/\/legacy.dia.edu.az\/wp-content\/uploads\/2021\/03\/22375457_830917263752895_1277540842_o-150x100.jpg 150w\" sizes=\"(max-width: 448px) 100vw, 448px\" \/><\/figure><\/li><\/ul><\/figure>","protected":false},"excerpt":{"rendered":"<p>D\u00f6vl\u0259t \u0130dar\u0259\u00e7ilik Akademiyas\u0131nda \u00abAz\u0259rbaycan d\u00f6vl\u0259t\u00e7iliyinin h\u00fcquqi \u0259saslar\u0131 v\u0259 inzibati islahatlar\u00bb istiqam\u0259ti \u00fczr\u0259 q\u0131sam\u00fcdd\u0259tli ixtisasart\u0131rma kursu ke\u00e7irilmi\u015fdirOkt 09 , 2017 &#8211; 11:12 &nbsp;Bu istiqam\u0259td\u0259 kursun \u0259sas m\u0259qs\u0259di Az\u0259rbaycan\u0131n siyasi-iqtisadi v\u0259 sosial inki\u015faf\u0131 h\u00fcquqi islahatlar\u0131n z\u0259mini kimi, Ali idar\u0259etm\u0259 s\u0259viyy\u0259sind\u0259 islahatlar, Az\u0259rbaycan Respublikas\u0131nda h\u00fcquq islahatlar\u0131, C\u0259za siyas\u0259tinin humanistl\u0259\u015fdirilm\u0259si v\u0259 s. probleml\u0259rl\u0259&nbsp; ba\u011fl\u0131 bilikl\u0259rin dinl\u0259yicil\u0259r\u0259 \u00e7atd\u0131r\u0131lmas\u0131 v\u0259 onlar [&hellip;]<\/p>","protected":false},"author":2,"featured_media":12221,"comment_status":"closed","ping_status":"closed","sticky":false,"template":"","format":"standard","meta":[],"categories":[137],"tags":[],"_links":{"self":[{"href":"https:\/\/legacy.dia.edu.az\/ru\/wp-json\/wp\/v2\/posts\/12220"}],"collection":[{"href":"https:\/\/legacy.dia.edu.az\/ru\/wp-json\/wp\/v2\/posts"}],"about":[{"href":"https:\/\/legacy.dia.edu.az\/ru\/wp-json\/wp\/v2\/types\/post"}],"author":[{"embeddable":true,"href":"https:\/\/legacy.dia.edu.az\/ru\/wp-json\/wp\/v2\/users\/2"}],"replies":[{"embeddable":true,"href":"https:\/\/legacy.dia.edu.az\/ru\/wp-json\/wp\/v2\/comments?post=12220"}],"version-history":[{"count":0,"href":"https:\/\/legacy.dia.edu.az\/ru\/wp-json\/wp\/v2\/posts\/12220\/revisions"}],"wp:featuredmedia":[{"embeddable":true,"href":"https:\/\/legacy.dia.edu.az\/ru\/wp-json\/wp\/v2\/media\/12221"}],"wp:attachment":[{"href":"https:\/\/legacy.dia.edu.az\/ru\/wp-json\/wp\/v2\/media?parent=12220"}],"wp:term":[{"taxonomy":"category","embeddable":true,"href":"https:\/\/legacy.dia.edu.az\/ru\/wp-json\/wp\/v2\/categories?post=12220"},{"taxonomy":"post_tag","embeddable":true,"href":"https:\/\/legacy.dia.edu.az\/ru\/wp-json\/wp\/v2\/tags?post=12220"}],"curies":[{"name":"wp","href":"https:\/\/api.w.org\/{rel}","templated":true}]}}