{"id":12214,"date":"2017-10-11T10:32:00","date_gmt":"2017-10-11T07:32:00","guid":{"rendered":"https:\/\/dia.edu.az\/?p=12214"},"modified":"2021-03-15T10:34:01","modified_gmt":"2021-03-15T07:34:01","slug":"t%c9%99l%c9%99b%c9%99-g%c9%99ncl%c9%99r-t%c9%99skilatinin-hesabat-secki-konfransi-kecirilmisdir","status":"publish","type":"post","link":"https:\/\/legacy.dia.edu.az\/ru\/arxivl\u0259r\/12214","title":{"rendered":"T\u0259l\u0259b\u0259 G\u0259ncl\u0259r T\u0259\u015fkilat\u0131n\u0131n hesabat-se\u00e7ki konfrans\u0131 ke\u00e7irilmi\u015fdir"},"content":{"rendered":"<p><strong>T\u0259l\u0259b\u0259 G\u0259ncl\u0259r T\u0259\u015fkilat\u0131n\u0131n hesabat-se\u00e7ki konfrans\u0131 ke\u00e7irilmi\u015fdir<\/strong><br><em>Okt 11 , 2017 &#8211; 11:24<\/em><\/p>\n\n\n\n<p>Oktyabr\u0131n 6-da Az\u0259rbaycan Respublikas\u0131n\u0131n Prezidenti yan\u0131nda D\u00f6vl\u0259t \u0130dar\u0259\u00e7ilik Akademiyas\u0131n\u0131n T\u0259l\u0259b\u0259 G\u0259ncl\u0259r T\u0259\u015fkilat\u0131n\u0131n IX Hesabat-Se\u00e7ki Konfrans\u0131 ke\u00e7irilmi\u015fdir.<\/p>\n\n\n\n<p>&nbsp;&nbsp;&nbsp;&nbsp;&nbsp;&nbsp;&nbsp;&nbsp; Konfransda Akademiyan\u0131n humanitar v\u0259 sosial m\u0259s\u0259l\u0259l\u0259r \u00fczr\u0259 &nbsp;prorektoru, h.e.d. Mehdi Abdullayev D\u0130A-da t\u0259l\u0259b\u0259l\u0259rl\u0259 i\u015f sah\u0259sind\u0259 g\u00f6r\u00fcl\u0259n i\u015fl\u0259rd\u0259n dan\u0131\u015fm\u0131\u015f, t\u0259l\u0259b\u0259l\u0259r\u0259 v\u0259 se\u00e7il\u0259c\u0259k yeni \u0130dar\u0259etm\u0259 \u015euras\u0131na u\u011furlar arzulam\u0131\u015fd\u0131r.<\/p>\n\n\n\n<p>&nbsp;&nbsp;&nbsp;&nbsp;&nbsp;&nbsp;&nbsp;&nbsp; T\u0259l\u0259b\u0259 G\u0259ncl\u0259r T\u0259\u015fkilat\u0131n\u0131n s\u0259dri Cavidan Abdullayevin hesabat\u0131 dinl\u0259nildikd\u0259n sonra se\u00e7ki prosesi ba\u015flam\u0131\u015f v\u0259 t\u0259l\u0259b\u0259l\u0259r yeni T\u0259l\u0259b\u0259 G\u0259ncl\u0259r T\u0259\u015fkilat\u0131n\u0131n \u0130dar\u0259etm\u0259 \u015euras\u0131 \u00fczvl\u0259rinin se\u015film\u0259si \u00fc\u00e7\u00fcn s\u0259sl\u0259rini vermi\u015fl\u0259r. Se\u00e7ki n\u0259tic\u0259sind\u0259 9 n\u0259f\u0259rlik yeni \u0130dar\u0259etm\u0259 \u015euras\u0131 formala\u015fm\u0131\u015fd\u0131r.<\/p>\n\n\n\n<p>\u00a0\u00a0\u00a0\u00a0\u00a0\u00a0\u00a0\u00a0 7 oktyabrda IX d\u00f6n\u0259m Az\u0259rbaycan Respublikas\u0131n\u0131n Prezidenti yan\u0131nda D\u00f6vl\u0259t \u0130dar\u0259\u00e7ilik Akademiyas\u0131 T\u0259l\u0259b\u0259 G\u0259ncl\u0259r T\u0259\u015fkilat\u0131n\u0131n \u0130dar\u0259etm\u0259 \u015euras\u0131n\u0131n ilk iclas\u0131 ke\u00e7irilmi\u015f v\u0259 \u015eura \u00fczvl\u0259rin yekdillikl\u0259 verdiyi q\u0259rara \u0259sas\u0259n \u0130dar\u0259etm\u0259 \u015euras\u0131n\u0131n \u00fczv\u00fc, Siyasi idar\u0259etm\u0259 fak\u00fclt\u0259sinin Beyn\u0259lxalq M\u00fcnasib\u0259tl\u0259r ixtisas\u0131 \u00fczr\u0259 III kurs t\u0259l\u0259b\u0259si \u018fmrah C\u0259f\u0259rov D\u00f6vl\u0259t \u0130dar\u0259\u00e7ilik Akademiyas\u0131n\u0131n T\u0259l\u0259b\u0259 G\u0259ncl\u0259r T\u0259\u015fkilat\u0131n\u0131n s\u0259dri se\u00e7ilmi\u015fdir.<\/p>\n\n\n\n<p><\/p>\n\n\n\n<figure class=\"wp-container-2 wp-block-gallery-1 wp-block-gallery columns-3 is-cropped\"><ul class=\"blocks-gallery-grid\"><li class=\"blocks-gallery-item\"><figure><img width=\"640\" height=\"424\" src=\"https:\/\/dia.edu.az\/wp-content\/uploads\/2021\/03\/10.10.17.jpg\" alt=\"\" data-id=\"12215\" data-full-url=\"https:\/\/dia.edu.az\/wp-content\/uploads\/2021\/03\/10.10.17.jpg\" data-link=\"https:\/\/dia.edu.az\/?attachment_id=12215\" class=\"wp-image-12215\" srcset=\"https:\/\/legacy.dia.edu.az\/wp-content\/uploads\/2021\/03\/10.10.17.jpg 640w, https:\/\/legacy.dia.edu.az\/wp-content\/uploads\/2021\/03\/10.10.17-300x199.jpg 300w, https:\/\/legacy.dia.edu.az\/wp-content\/uploads\/2021\/03\/10.10.17-16x12.jpg 16w, https:\/\/legacy.dia.edu.az\/wp-content\/uploads\/2021\/03\/10.10.17-150x100.jpg 150w, https:\/\/legacy.dia.edu.az\/wp-content\/uploads\/2021\/03\/10.10.17-300x199@2x.jpg 600w\" sizes=\"(max-width: 640px) 100vw, 640px\" \/><\/figure><\/li><li class=\"blocks-gallery-item\"><figure><img width=\"640\" height=\"424\" src=\"https:\/\/dia.edu.az\/wp-content\/uploads\/2021\/03\/10.10.2017.jpg\" alt=\"\" data-id=\"12216\" data-full-url=\"https:\/\/dia.edu.az\/wp-content\/uploads\/2021\/03\/10.10.2017.jpg\" data-link=\"https:\/\/dia.edu.az\/?attachment_id=12216\" class=\"wp-image-12216\" srcset=\"https:\/\/legacy.dia.edu.az\/wp-content\/uploads\/2021\/03\/10.10.2017.jpg 640w, https:\/\/legacy.dia.edu.az\/wp-content\/uploads\/2021\/03\/10.10.2017-300x199.jpg 300w, https:\/\/legacy.dia.edu.az\/wp-content\/uploads\/2021\/03\/10.10.2017-16x12.jpg 16w, https:\/\/legacy.dia.edu.az\/wp-content\/uploads\/2021\/03\/10.10.2017-150x100.jpg 150w, https:\/\/legacy.dia.edu.az\/wp-content\/uploads\/2021\/03\/10.10.2017-300x199@2x.jpg 600w\" sizes=\"(max-width: 640px) 100vw, 640px\" \/><\/figure><\/li><li class=\"blocks-gallery-item\"><figure><img width=\"640\" height=\"424\" src=\"https:\/\/dia.edu.az\/wp-content\/uploads\/2021\/03\/10.10-1.jpg\" alt=\"\" data-id=\"12217\" data-full-url=\"https:\/\/dia.edu.az\/wp-content\/uploads\/2021\/03\/10.10-1.jpg\" data-link=\"https:\/\/dia.edu.az\/?attachment_id=12217\" class=\"wp-image-12217\" srcset=\"https:\/\/legacy.dia.edu.az\/wp-content\/uploads\/2021\/03\/10.10-1.jpg 640w, https:\/\/legacy.dia.edu.az\/wp-content\/uploads\/2021\/03\/10.10-1-300x199.jpg 300w, https:\/\/legacy.dia.edu.az\/wp-content\/uploads\/2021\/03\/10.10-1-16x12.jpg 16w, https:\/\/legacy.dia.edu.az\/wp-content\/uploads\/2021\/03\/10.10-1-150x100.jpg 150w, https:\/\/legacy.dia.edu.az\/wp-content\/uploads\/2021\/03\/10.10-1-300x199@2x.jpg 600w\" sizes=\"(max-width: 640px) 100vw, 640px\" \/><\/figure><\/li><li class=\"blocks-gallery-item\"><figure><img width=\"640\" height=\"424\" src=\"https:\/\/dia.edu.az\/wp-content\/uploads\/2021\/03\/11.10.jpg\" alt=\"\" data-id=\"12218\" data-full-url=\"https:\/\/dia.edu.az\/wp-content\/uploads\/2021\/03\/11.10.jpg\" data-link=\"https:\/\/dia.edu.az\/?attachment_id=12218\" class=\"wp-image-12218\" srcset=\"https:\/\/legacy.dia.edu.az\/wp-content\/uploads\/2021\/03\/11.10.jpg 640w, https:\/\/legacy.dia.edu.az\/wp-content\/uploads\/2021\/03\/11.10-300x199.jpg 300w, https:\/\/legacy.dia.edu.az\/wp-content\/uploads\/2021\/03\/11.10-16x12.jpg 16w, https:\/\/legacy.dia.edu.az\/wp-content\/uploads\/2021\/03\/11.10-150x100.jpg 150w, https:\/\/legacy.dia.edu.az\/wp-content\/uploads\/2021\/03\/11.10-300x199@2x.jpg 600w\" sizes=\"(max-width: 640px) 100vw, 640px\" \/><\/figure><\/li><\/ul><\/figure>","protected":false},"excerpt":{"rendered":"<p>T\u0259l\u0259b\u0259 G\u0259ncl\u0259r T\u0259\u015fkilat\u0131n\u0131n hesabat-se\u00e7ki konfrans\u0131 ke\u00e7irilmi\u015fdirOkt 11 , 2017 &#8211; 11:24 Oktyabr\u0131n 6-da Az\u0259rbaycan Respublikas\u0131n\u0131n Prezidenti yan\u0131nda D\u00f6vl\u0259t \u0130dar\u0259\u00e7ilik Akademiyas\u0131n\u0131n T\u0259l\u0259b\u0259 G\u0259ncl\u0259r T\u0259\u015fkilat\u0131n\u0131n IX Hesabat-Se\u00e7ki Konfrans\u0131 ke\u00e7irilmi\u015fdir. &nbsp;&nbsp;&nbsp;&nbsp;&nbsp;&nbsp;&nbsp;&nbsp; Konfransda Akademiyan\u0131n humanitar v\u0259 sosial m\u0259s\u0259l\u0259l\u0259r \u00fczr\u0259 &nbsp;prorektoru, h.e.d. Mehdi Abdullayev D\u0130A-da t\u0259l\u0259b\u0259l\u0259rl\u0259 i\u015f sah\u0259sind\u0259 g\u00f6r\u00fcl\u0259n i\u015fl\u0259rd\u0259n dan\u0131\u015fm\u0131\u015f, t\u0259l\u0259b\u0259l\u0259r\u0259 v\u0259 se\u00e7il\u0259c\u0259k yeni \u0130dar\u0259etm\u0259 \u015euras\u0131na u\u011furlar arzulam\u0131\u015fd\u0131r. &nbsp;&nbsp;&nbsp;&nbsp;&nbsp;&nbsp;&nbsp;&nbsp; [&hellip;]<\/p>","protected":false},"author":2,"featured_media":12218,"comment_status":"closed","ping_status":"closed","sticky":false,"template":"","format":"standard","meta":[],"categories":[137],"tags":[],"_links":{"self":[{"href":"https:\/\/legacy.dia.edu.az\/ru\/wp-json\/wp\/v2\/posts\/12214"}],"collection":[{"href":"https:\/\/legacy.dia.edu.az\/ru\/wp-json\/wp\/v2\/posts"}],"about":[{"href":"https:\/\/legacy.dia.edu.az\/ru\/wp-json\/wp\/v2\/types\/post"}],"author":[{"embeddable":true,"href":"https:\/\/legacy.dia.edu.az\/ru\/wp-json\/wp\/v2\/users\/2"}],"replies":[{"embeddable":true,"href":"https:\/\/legacy.dia.edu.az\/ru\/wp-json\/wp\/v2\/comments?post=12214"}],"version-history":[{"count":0,"href":"https:\/\/legacy.dia.edu.az\/ru\/wp-json\/wp\/v2\/posts\/12214\/revisions"}],"wp:featuredmedia":[{"embeddable":true,"href":"https:\/\/legacy.dia.edu.az\/ru\/wp-json\/wp\/v2\/media\/12218"}],"wp:attachment":[{"href":"https:\/\/legacy.dia.edu.az\/ru\/wp-json\/wp\/v2\/media?parent=12214"}],"wp:term":[{"taxonomy":"category","embeddable":true,"href":"https:\/\/legacy.dia.edu.az\/ru\/wp-json\/wp\/v2\/categories?post=12214"},{"taxonomy":"post_tag","embeddable":true,"href":"https:\/\/legacy.dia.edu.az\/ru\/wp-json\/wp\/v2\/tags?post=12214"}],"curies":[{"name":"wp","href":"https:\/\/api.w.org\/{rel}","templated":true}]}}