{"id":12203,"date":"2017-10-19T10:28:00","date_gmt":"2017-10-19T07:28:00","guid":{"rendered":"https:\/\/dia.edu.az\/?p=12203"},"modified":"2021-03-15T10:29:06","modified_gmt":"2021-03-15T07:29:06","slug":"t%c9%99l%c9%99b%c9%99-g%c9%99ncl%c9%99r-t%c9%99skilati-dovl%c9%99t-must%c9%99qilliyi-gununu-qeyd-edib","status":"publish","type":"post","link":"https:\/\/legacy.dia.edu.az\/ru\/arxivl\u0259r\/12203","title":{"rendered":"T\u0259l\u0259b\u0259 G\u0259ncl\u0259r T\u0259\u015fkilat\u0131 D\u00f6vl\u0259t M\u00fcst\u0259qilliyi G\u00fcn\u00fcn\u00fc qeyd edib"},"content":{"rendered":"<p><strong>T\u0259l\u0259b\u0259 G\u0259ncl\u0259r T\u0259\u015fkilat\u0131 D\u00f6vl\u0259t M\u00fcst\u0259qilliyi G\u00fcn\u00fcn\u00fc qeyd edib<\/strong><br><em>Okt 19 , 2017 &#8211; 11:51<\/em><\/p>\n\n\n\n<p>Az\u0259rbaycan Respublikas\u0131n\u0131n Prezidenti yanlnda D\u00f6vl\u0259t \u0130dar\u0259\u00e7ilik Akademiyas\u0131nda d\u00f6vl\u0259t m\u00fcst\u0259qilliyi g\u00fcn\u00fc il\u0259 \u0259laq\u0259dar D\u0130A T\u0259l\u0259b\u0259 G\u0259ncl\u0259r T\u0259\u015fkilat\u0131n\u0131n t\u0259\u015fkilat\u00e7\u0131l\u0131\u011f\u0131 il\u0259 d\u0259yirmi masa ke\u00e7irilmi\u015fdir.<\/p>\n\n\n\n<p>D\u0259yirmi masa Humanitar v\u0259 sosial m\u0259s\u0259l\u0259l\u0259r \u00fczr\u0259 prorektoru, h\u00fcquq elml\u0259r doktoru Mehdi Abdullayevin \u00e7\u0131x\u0131\u015f\u0131 il\u0259 ba\u015flam\u0131\u015fd\u0131r. O, 18 oktyabr \u2013 d\u00f6vl\u0259t m\u00fcst\u0259qilliyi g\u00fcn\u00fc m\u00fcnasib\u0259til\u0259 t\u0259l\u0259b\u0259l\u0259ri t\u0259brik etmi\u015f, onlara bu g\u00fcn\u00fcn mahiyy\u0259ti v\u0259 tarixi il\u0259 ba\u011fl\u0131 m\u0259lumat vermi\u015fdir. Akademiyan\u0131n g\u0259ncl\u0259r \u00fczr\u0259 m\u0259sul \u015f\u0259xsi, dosent Araz Q\u0259dim\u0259liyev, T\u0259l\u0259b\u0259 G\u0259ncl\u0259r T\u0259\u015fkilat\u0131n\u0131n s\u0259dri \u018fmrah C\u0259f\u0259rov m\u00fcst\u0259qillik g\u00fcn\u00fc, onun \u0259ld\u0259 olunmas\u0131 v\u0259 qorunmas\u0131 haqq\u0131nda geni\u015f m\u0259ruz\u0259 il\u0259 \u00e7\u0131x\u0131\u015f etmi\u015fl\u0259r.<\/p>\n\n\n\n<p>D\u0259yirmi masada T\u0259l\u0259b\u0259 G\u0259ncl\u0259r T\u0259\u015fkilat\u0131n\u0131n \u00fczvl\u0259ri \u015e\u0259bn\u0259m Zeynall\u0131, Cavad Xudaverdiyev, \u0130brahim M\u0259mm\u0259dli, G\u00fcl\u015f\u0259n Zeynall\u0131, \u00dczeyir Mustafayev \u00e7\u0131x\u0131\u015f ed\u0259r\u0259k fikirl\u0259rini b\u00f6l\u00fc\u015fm\u00fc\u015fl\u0259r.<\/p>\n\n\n\n<p><\/p>\n\n\n\n<figure class=\"wp-container-2 wp-block-gallery-1 wp-block-gallery columns-2 is-cropped\"><ul class=\"blocks-gallery-grid\"><li class=\"blocks-gallery-item\"><figure><img width=\"640\" height=\"424\" src=\"https:\/\/dia.edu.az\/wp-content\/uploads\/2021\/03\/19.10.17.jpg\" alt=\"\" data-id=\"12204\" data-full-url=\"https:\/\/dia.edu.az\/wp-content\/uploads\/2021\/03\/19.10.17.jpg\" data-link=\"https:\/\/dia.edu.az\/?attachment_id=12204\" class=\"wp-image-12204\" srcset=\"https:\/\/legacy.dia.edu.az\/wp-content\/uploads\/2021\/03\/19.10.17.jpg 640w, https:\/\/legacy.dia.edu.az\/wp-content\/uploads\/2021\/03\/19.10.17-300x199.jpg 300w, https:\/\/legacy.dia.edu.az\/wp-content\/uploads\/2021\/03\/19.10.17-16x12.jpg 16w, https:\/\/legacy.dia.edu.az\/wp-content\/uploads\/2021\/03\/19.10.17-150x100.jpg 150w, https:\/\/legacy.dia.edu.az\/wp-content\/uploads\/2021\/03\/19.10.17-300x199@2x.jpg 600w\" sizes=\"(max-width: 640px) 100vw, 640px\" \/><\/figure><\/li><li class=\"blocks-gallery-item\"><figure><img width=\"640\" height=\"424\" src=\"https:\/\/dia.edu.az\/wp-content\/uploads\/2021\/03\/19.10.jpg\" alt=\"\" data-id=\"12205\" data-full-url=\"https:\/\/dia.edu.az\/wp-content\/uploads\/2021\/03\/19.10.jpg\" data-link=\"https:\/\/dia.edu.az\/?attachment_id=12205\" class=\"wp-image-12205\" srcset=\"https:\/\/legacy.dia.edu.az\/wp-content\/uploads\/2021\/03\/19.10.jpg 640w, https:\/\/legacy.dia.edu.az\/wp-content\/uploads\/2021\/03\/19.10-300x199.jpg 300w, https:\/\/legacy.dia.edu.az\/wp-content\/uploads\/2021\/03\/19.10-16x12.jpg 16w, https:\/\/legacy.dia.edu.az\/wp-content\/uploads\/2021\/03\/19.10-150x100.jpg 150w, https:\/\/legacy.dia.edu.az\/wp-content\/uploads\/2021\/03\/19.10-300x199@2x.jpg 600w\" sizes=\"(max-width: 640px) 100vw, 640px\" \/><\/figure><\/li><\/ul><\/figure>","protected":false},"excerpt":{"rendered":"<p>T\u0259l\u0259b\u0259 G\u0259ncl\u0259r T\u0259\u015fkilat\u0131 D\u00f6vl\u0259t M\u00fcst\u0259qilliyi G\u00fcn\u00fcn\u00fc qeyd edibOkt 19 , 2017 &#8211; 11:51 Az\u0259rbaycan Respublikas\u0131n\u0131n Prezidenti yanlnda D\u00f6vl\u0259t \u0130dar\u0259\u00e7ilik Akademiyas\u0131nda d\u00f6vl\u0259t m\u00fcst\u0259qilliyi g\u00fcn\u00fc il\u0259 \u0259laq\u0259dar D\u0130A T\u0259l\u0259b\u0259 G\u0259ncl\u0259r T\u0259\u015fkilat\u0131n\u0131n t\u0259\u015fkilat\u00e7\u0131l\u0131\u011f\u0131 il\u0259 d\u0259yirmi masa ke\u00e7irilmi\u015fdir. D\u0259yirmi masa Humanitar v\u0259 sosial m\u0259s\u0259l\u0259l\u0259r \u00fczr\u0259 prorektoru, h\u00fcquq elml\u0259r doktoru Mehdi Abdullayevin \u00e7\u0131x\u0131\u015f\u0131 il\u0259 ba\u015flam\u0131\u015fd\u0131r. O, 18 oktyabr \u2013 d\u00f6vl\u0259t [&hellip;]<\/p>","protected":false},"author":2,"featured_media":12204,"comment_status":"closed","ping_status":"closed","sticky":false,"template":"","format":"standard","meta":[],"categories":[137],"tags":[],"_links":{"self":[{"href":"https:\/\/legacy.dia.edu.az\/ru\/wp-json\/wp\/v2\/posts\/12203"}],"collection":[{"href":"https:\/\/legacy.dia.edu.az\/ru\/wp-json\/wp\/v2\/posts"}],"about":[{"href":"https:\/\/legacy.dia.edu.az\/ru\/wp-json\/wp\/v2\/types\/post"}],"author":[{"embeddable":true,"href":"https:\/\/legacy.dia.edu.az\/ru\/wp-json\/wp\/v2\/users\/2"}],"replies":[{"embeddable":true,"href":"https:\/\/legacy.dia.edu.az\/ru\/wp-json\/wp\/v2\/comments?post=12203"}],"version-history":[{"count":0,"href":"https:\/\/legacy.dia.edu.az\/ru\/wp-json\/wp\/v2\/posts\/12203\/revisions"}],"wp:featuredmedia":[{"embeddable":true,"href":"https:\/\/legacy.dia.edu.az\/ru\/wp-json\/wp\/v2\/media\/12204"}],"wp:attachment":[{"href":"https:\/\/legacy.dia.edu.az\/ru\/wp-json\/wp\/v2\/media?parent=12203"}],"wp:term":[{"taxonomy":"category","embeddable":true,"href":"https:\/\/legacy.dia.edu.az\/ru\/wp-json\/wp\/v2\/categories?post=12203"},{"taxonomy":"post_tag","embeddable":true,"href":"https:\/\/legacy.dia.edu.az\/ru\/wp-json\/wp\/v2\/tags?post=12203"}],"curies":[{"name":"wp","href":"https:\/\/api.w.org\/{rel}","templated":true}]}}