{"id":12197,"date":"2017-10-23T10:26:00","date_gmt":"2017-10-23T07:26:00","guid":{"rendered":"https:\/\/dia.edu.az\/?p=12197"},"modified":"2021-03-15T10:27:15","modified_gmt":"2021-03-15T07:27:15","slug":"dovl%c9%99t-qulluqculari-ilk-muhazir%c9%99l%c9%99rini-heyd%c9%99r-%c9%99liyev-dovl%c9%99t-idar%c9%99ciliyi-m%c9%99kt%c9%99bind%c9%99-dinl%c9%99yibl%c9%99r","status":"publish","type":"post","link":"https:\/\/legacy.dia.edu.az\/ru\/arxivl\u0259r\/12197","title":{"rendered":"D\u00f6vl\u0259t qulluq\u00e7ular\u0131 ilk m\u00fchazir\u0259l\u0259rini Heyd\u0259r \u018fliyev D\u00f6vl\u0259t \u0130dar\u0259\u00e7iliyi M\u0259kt\u0259bind\u0259 dinl\u0259yibl\u0259r"},"content":{"rendered":"<p><strong>D\u00f6vl\u0259t qulluq\u00e7ular\u0131 ilk m\u00fchazir\u0259l\u0259rini Heyd\u0259r \u018fliyev D\u00f6vl\u0259t \u0130dar\u0259\u00e7iliyi M\u0259kt\u0259bind\u0259 dinl\u0259yibl\u0259r<\/strong><br><em>Okt 23 , 2017 &#8211; 11:09<\/em><\/p>\n\n\n\n<p>Az\u0259rbaycan Respublikas\u0131n\u0131n Prezidenti \u0130lham \u018fliyevin 22 sentyabr 2017-ci il tarixli F\u0259rman\u0131na \u0259sas\u0259n d\u00f6vl\u0259t idar\u0259\u00e7iliyi v\u0259 icra hakimiyy\u0259ti orqanlar\u0131 \u00fc\u00e7\u00fcn m\u00fcvafiq ixtisaslar \u00fczr\u0259 m\u00fct\u0259x\u0259ssis haz\u0131rl\u0131\u011f\u0131n\u0131 h\u0259yata ke\u00e7ir\u0259n apar\u0131c\u0131 t\u0259dris, metodik, elm v\u0259 analitik informasiya m\u0259rk\u0259zi kimi f\u0259aliyy\u0259t g\u00f6st\u0259r\u0259n D\u00f6vl\u0259t \u0130dar\u0259\u00e7ilik Akademiyas\u0131na 2017-2018-ci t\u0259dris ilind\u0259 magistrlara pill\u0259sin\u0259 q\u0259bul olunan d\u00f6vl\u0259t qulluq\u00e7ular\u0131 ilk m\u00fchazir\u0259l\u0259rini D\u0130A-n\u0131n Heyd\u0259r \u018fliyev D\u00f6vl\u0259t \u0130dar\u0259\u00e7iliyi M\u0259kt\u0259bind\u0259 dinl\u0259yibl\u0259r.<\/p>\n\n\n\n<p>Heyd\u0259r \u018fliyev M\u0259rk\u0259zinin d\u0259st\u0259yi il\u0259 D\u00f6vl\u0259t \u0130dar\u0259\u00e7ilik Akademiyas\u0131nda f\u0259aliyy\u0259t g\u00f6st\u0259r\u0259n \u201cHeyd\u0259r \u018fliyev D\u00f6vl\u0259t \u0130dar\u0259\u00e7iliyi M\u0259kt\u0259bi\u201d il\u0259 tan\u0131\u015fl\u0131qdan sonra Heyd\u0259r \u018fliyev M\u0259rk\u0259zinin Heyd\u0259r \u018fliyev \u0130rsinin T\u0259dqiqi v\u0259 Elmi Ara\u015fd\u0131rmalar Departamentinin direktoru M\u0259h\u0259bb\u0259t Mehdiyeva Heyd\u0259r \u018fliyev D\u00f6vl\u0259t \u0130dar\u0259\u00e7iliyi M\u0259kt\u0259bi haqq\u0131nda m\u0259lumat ver\u0259r\u0259k, qeyd edib ki, m\u0259kt\u0259b \u00fcmummilli lider, m\u00fcst\u0259qil d\u00f6vl\u0259timizin memar\u0131 v\u0259 qurucusu Heyd\u0259r \u018fliyevin siyasi irsinin, az\u0259rbaycan\u00e7\u0131l\u0131q m\u0259fkur\u0259si v\u0259 d\u00f6vl\u0259t\u00e7ilik f\u0259ls\u0259f\u0259sinin t\u0259bli\u011fi m\u0259qs\u0259dil\u0259 yarad\u0131l\u0131b. M.Mehdiyeva Ulu \u00d6nd\u0259r Heyd\u0259r \u018fliyevin elm\u0259, savada, biliy\u0259 b\u00f6y\u00fck diqq\u0259tl\u0259 yana\u015fd\u0131\u011f\u0131n\u0131, d\u00f6vl\u0259t idar\u0259\u00e7iliyind\u0259 \u00e7al\u0131\u015fan g\u0259nc kadrlara x\u00fcsusi \u00f6n\u0259m verdiyini vur\u011fulad\u0131 v\u0259 bu bax\u0131mdan d\u00f6vl\u0259t qulluq\u00e7ular\u0131n\u0131n ilk m\u00fchazir\u0259l\u0259rinin m\u0259hz buradan ba\u015flamalar\u0131n\u0131 \u0259h\u0259miyy\u0259tli hesab etdi.<\/p>\n\n\n\n<p>Az\u0259rbaycan Respublikas\u0131 Prezidenti Administrasiyas\u0131, Nazirl\u0259r Kabineti, Milli M\u0259clis, Nax\u00e7\u0131van Muxtar Respublikas\u0131, m\u0259rk\u0259zi icra hakimiyy\u0259ti orqanlar\u0131, m\u00fcxt\u0259lif nazirlikl\u0259r, \u015f\u0259h\u0259r v\u0259 rayon icra hakimiyy\u0259tl\u0259ri v\u0259 dig\u0259r d\u00f6vl\u0259t orqanlar\u0131nda \u00e7al\u0131\u015fan 75 n\u0259f\u0259r r\u0259hb\u0259r kadrlar\u0131n i\u015ftirak etdiyi m\u00fchazir\u0259d\u0259 D\u0130A-n\u0131n rektoru, akademik Urxan \u018fl\u0259kb\u0259rovun \u201cAz\u0259rbaycan Respublikas\u0131n\u0131n d\u00f6vl\u0259t idar\u0259etm\u0259 modelinin u\u011furu: \u00f6lk\u0259nin nailiyy\u0259tl\u0259ri beyn\u0259lxalq t\u0259\u015fkilatlar\u0131n hesabatlar\u0131nda\u201d m\u00f6vzusunda m\u00fchazir\u0259si dinl\u0259nilib. Rektor \u00fcmummilli lider, g\u00f6rk\u0259mli siyasi v\u0259 d\u00f6vl\u0259t xadimi Heyd\u0259r \u018fliyevin misilsiz tarixi xidm\u0259tl\u0259rind\u0259n b\u0259hs edib, ulu \u00f6nd\u0259rin siyasi x\u0259ttinin Az\u0259rbaycan Prezidenti \u0130lham \u018fliyev t\u0259r\u0259find\u0259n \u0259zml\u0259 davam etdirildiyini diqq\u0259t\u0259 \u00e7atd\u0131r\u0131b, bu g\u00fcn \u0259ld\u0259 edilmi\u015f nailiyy\u0259tl\u0259rin \u0259sas\u0131nda Prezident \u0130lham \u018fliyevin h\u0259yata ke\u00e7irdiyi innovativ inki\u015faf strategiyas\u0131n\u0131n dayand\u0131\u011f\u0131n\u0131 bildirib. U. \u018fl\u0259kb\u0259rov innovativ inki\u015faf strategiyas\u0131n\u0131n realla\u015fd\u0131r\u0131lmas\u0131nda \u00f6lk\u0259nin birinci vitse-prezidenti Mehriban xan\u0131m \u018fliyevan\u0131n x\u00fcsusi rolunu qeyd edib v\u0259 bu sah\u0259d\u0259 d\u00f6vl\u0259t qurumlar\u0131 il\u0259 yana\u015f\u0131, v\u0259t\u0259nda\u015f c\u0259miyy\u0259tinin, x\u00fcsus\u0259n d\u0259 Heyd\u0259r \u018fliyev Fondunun \u00f6n\u0259mli f\u0259aliyy\u0259tin\u0259 diqq\u0259t \u00e7\u0259kib.<\/p>\n\n\n\n<p>M\u00fchazir\u0259d\u0259 \u00f6lk\u0259 iqtisadiyyat\u0131n\u0131n s\u00fcr\u0259tli inki\u015faf\u0131 istiqam\u0259tind\u0259 apar\u0131lan u\u011furlu siyas\u0259tin \u0259sas h\u0259d\u0259fl\u0259ri, el\u0259c\u0259 d\u0259 davaml\u0131 inki\u015fafa t\u0259sir ed\u0259n amill\u0259r m\u00fcqayis\u0259li \u015f\u0259kild\u0259 t\u0259hlili edib. Az\u0259rbaycan\u0131n bir \u00e7ox istiqam\u0259tl\u0259rd\u0259 regional v\u0259 qlobal lider\u0259 \u00e7evrildiyini qeyd ed\u0259n rektor \u00e7\u0131x\u0131\u015f\u0131nda \u00f6lk\u0259mizin inki\u015faf g\u00f6st\u0259ricil\u0259rinin bir \u00e7ox beyn\u0259lxalq t\u0259\u015fkilatlar, o c\u00fcml\u0259d\u0259n BMT, D\u00fcnya Bank\u0131 v\u0259 dig\u0259r n\u00fcfuzlu qurumlar\u0131n r\u0259smi s\u0259n\u0259dl\u0259rind\u0259, m\u00fcst\u0259qil ekspertl\u0259r t\u0259r\u0259find\u0259n haz\u0131rlanm\u0131\u015f hesabatlarda \u00f6z t\u0259sdiqini tapd\u0131\u011f\u0131n\u0131 vur\u011fulay\u0131b. Eyni zamanda o, bildirib ki, 2017-ci ilin mart\u0131nda BMT-nin v\u0259 2017-ci ilin may ay\u0131nda D\u00fcnya Bank\u0131n\u0131n d\u0259rc etdirdikl\u0259ri hesabatlarda \u0259ksini tapan innovativ insan potensial\u0131na \u0259saslanan davaml\u0131 inki\u015faf g\u00f6st\u0259ricil\u0259rin\u0259 g\u00f6r\u0259, Az\u0259rbaycan haz\u0131rda d\u00fcnya liderl\u0259ri s\u0131ras\u0131ndad\u0131r. Eyni zamanda sosial g\u00f6st\u0259ricil\u0259rd\u0259n d\u0259 b\u0259hs ed\u0259n akademik beyn\u0259lxalq t\u0259\u015fkilatlar\u0131n hesabatlar\u0131na \u0259saslanaraq \u00f6lk\u0259nin bu bax\u0131mdan da q\u0131sa m\u00fcdd\u0259td\u0259 s\u00fcr\u0259tl\u0259&nbsp; inki\u015faf etdiyini v\u0259 bir s\u0131ra inki\u015faf etmi\u015f d\u00f6vl\u0259tl\u0259ri gerid\u0259 qoydu\u011funu diqq\u0259t\u0259 \u00e7atd\u0131r\u0131b. \u00d6lk\u0259nin davaml\u0131 inki\u015faf\u0131n\u0131n \u0259sas amilinin insan potensial\u0131 oldu\u011funu vur\u011fulayan akademik qeyd edib ki, davaml\u0131 inki\u015faf d\u00fcnyan\u0131n \u0259n b\u00f6y\u00fck prioriteti oldu\u011fu \u00fc\u00e7\u00fcn BMT-nin 2015-ci ild\u0259 ke\u00e7iril\u0259n yubiley sessiyas\u0131 v\u0259 dig\u0259r m\u00fch\u00fcm beyn\u0259lxalq sammitl\u0259r d\u0259 bu m\u00f6vzuya h\u0259sr olunub. 2015-2030-cu ill\u0259r \u00fc\u00e7\u00fcn q\u0259bul edilmi\u015f m\u0259qs\u0259dl\u0259r \u201cDavaml\u0131 inki\u015faf h\u0259d\u0259fl\u0259ri\u201d kimi tarix\u0259 d\u00fc\u015f\u00fcb. Az\u0259rbaycan h\u0259min t\u0259dbirl\u0259rd\u0259n \u00e7ox \u0259vv\u0259l davaml\u0131 inki\u015faf\u0131 d\u00f6vl\u0259t strategiyas\u0131n\u0131n prioritet istiqam\u0259ti kimi q\u0259bul edib. Respublikam\u0131z\u0131n \u201cB\u00f6y\u00fck yeddilik\u201d \u00f6lk\u0259l\u0259ri il\u0259 m\u00fcqayis\u0259d\u0259 n\u0259z\u0259r\u0259\u00e7arpan inki\u015faf g\u00f6st\u0259ricil\u0259rini diqq\u0259t\u0259 \u00e7atd\u0131ran akademik deyib ki, bu m\u00fch\u00fcm iqtisadi nailiyy\u0259tl\u0259r Erm\u0259nistanla m\u00fcnaqi\u015f\u0259 v\u0259 torpaqlar\u0131m\u0131z\u0131n 20 faizinin i\u015f\u011fal\u0131 fonunda qazan\u0131l\u0131b. \u00d6lk\u0259mizin bu probleml\u0259ri olmasayd\u0131, qazan\u0131lacaq u\u011furlar\u0131n miqyas\u0131 daha b\u00f6y\u00fck ola bil\u0259rdi.<\/p>\n\n\n\n<p>Rektor qeyd edib ki, ulu \u00f6nd\u0259r Heyd\u0259r \u018fliyevin s\u0259r\u0259ncam\u0131 il\u0259 Az\u0259rbaycan Respublikas\u0131n\u0131n Prezidenti yan\u0131nda D\u00f6vl\u0259t \u0130dar\u0259\u00e7ilik Akademiyas\u0131n\u0131n yarad\u0131lmas\u0131n\u0131n m\u0259qs\u0259di d\u00f6vl\u0259t idar\u0259etm\u0259 sah\u0259si \u00fc\u00e7\u00fcn m\u00fct\u0259x\u0259ssisl\u0259r haz\u0131rlanmas\u0131 i\u015finin m\u00fcasir t\u0259l\u0259bl\u0259r\u0259 uy\u011fun qurulmas\u0131, onlar\u0131n pe\u015f\u0259karl\u0131q s\u0259viyy\u0259sinin art\u0131r\u0131lmas\u0131, d\u00f6vl\u0259t idar\u0259\u00e7iliyi sah\u0259sind\u0259 elmi-t\u0259dqiqatlar\u0131n t\u0259\u015fkili v\u0259 h\u0259min sah\u0259nin analitik-informasiya t\u0259minat\u0131n\u0131n m\u00f6hk\u0259ml\u0259ndirilm\u0259si kimi m\u00fc\u0259yy\u0259n edilib. Akademiyan\u0131n f\u0259aliyy\u0259ti d\u00f6vl\u0259timizin m\u00f6hk\u0259ml\u0259ndirilm\u0259si v\u0259 elmi \u0259saslarla idar\u0259 olunmas\u0131, yeni idar\u0259etm\u0259 m\u0259d\u0259niyy\u0259tinin formala\u015fmas\u0131 v\u0259 inki\u015faf\u0131 bax\u0131m\u0131ndan x\u00fcsusi \u0259h\u0259miyy\u0259t\u0259 malik oldu\u011funu, D\u0130A-n\u0131n d\u00f6vl\u0259t qullu\u011fu \u00fc\u00e7\u00fcn kadrlar\u0131n haz\u0131rlanmas\u0131, t\u0259kmill\u0259\u015fm\u0259si v\u0259 ixtisas\u0131n\u0131n art\u0131r\u0131lmas\u0131 m\u0259s\u0259l\u0259l\u0259ri \u00fczr\u0259 \u0259sas elmi-metodiki v\u0259 t\u0259dris m\u0259rk\u0259zi oldu\u011funu d\u00f6vl\u0259t qulluq\u00e7ular\u0131n\u0131n diqq\u0259tin\u0259 \u00e7atd\u0131r\u0131b.<\/p>\n\n\n\n<p>M\u00fchazir\u0259nin sonunda d\u00f6vl\u0259t qulluq\u00e7ular\u0131n\u0131n \u00a0suallar\u0131 cavabland\u0131r\u0131l\u0131b.<\/p>\n\n\n\n<p><\/p>\n\n\n\n<figure class=\"wp-container-2 wp-block-gallery-1 wp-block-gallery columns-3 is-cropped\"><ul class=\"blocks-gallery-grid\"><li class=\"blocks-gallery-item\"><figure><img width=\"640\" height=\"424\" src=\"https:\/\/dia.edu.az\/wp-content\/uploads\/2021\/03\/23.10.17.jpg\" alt=\"\" data-id=\"12198\" data-full-url=\"https:\/\/dia.edu.az\/wp-content\/uploads\/2021\/03\/23.10.17.jpg\" data-link=\"https:\/\/dia.edu.az\/?attachment_id=12198\" class=\"wp-image-12198\" srcset=\"https:\/\/legacy.dia.edu.az\/wp-content\/uploads\/2021\/03\/23.10.17.jpg 640w, https:\/\/legacy.dia.edu.az\/wp-content\/uploads\/2021\/03\/23.10.17-300x199.jpg 300w, https:\/\/legacy.dia.edu.az\/wp-content\/uploads\/2021\/03\/23.10.17-16x12.jpg 16w, https:\/\/legacy.dia.edu.az\/wp-content\/uploads\/2021\/03\/23.10.17-150x100.jpg 150w, https:\/\/legacy.dia.edu.az\/wp-content\/uploads\/2021\/03\/23.10.17-300x199@2x.jpg 600w\" sizes=\"(max-width: 640px) 100vw, 640px\" \/><\/figure><\/li><li class=\"blocks-gallery-item\"><figure><img width=\"640\" height=\"424\" src=\"https:\/\/dia.edu.az\/wp-content\/uploads\/2021\/03\/23.10.jpg\" alt=\"\" data-id=\"12199\" data-full-url=\"https:\/\/dia.edu.az\/wp-content\/uploads\/2021\/03\/23.10.jpg\" data-link=\"https:\/\/dia.edu.az\/?attachment_id=12199\" class=\"wp-image-12199\" srcset=\"https:\/\/legacy.dia.edu.az\/wp-content\/uploads\/2021\/03\/23.10.jpg 640w, https:\/\/legacy.dia.edu.az\/wp-content\/uploads\/2021\/03\/23.10-300x199.jpg 300w, https:\/\/legacy.dia.edu.az\/wp-content\/uploads\/2021\/03\/23.10-16x12.jpg 16w, https:\/\/legacy.dia.edu.az\/wp-content\/uploads\/2021\/03\/23.10-150x100.jpg 150w, https:\/\/legacy.dia.edu.az\/wp-content\/uploads\/2021\/03\/23.10-300x199@2x.jpg 600w\" sizes=\"(max-width: 640px) 100vw, 640px\" \/><\/figure><\/li><li class=\"blocks-gallery-item\"><figure><img width=\"640\" height=\"424\" src=\"https:\/\/dia.edu.az\/wp-content\/uploads\/2021\/03\/2310.jpg\" alt=\"\" data-id=\"12200\" data-full-url=\"https:\/\/dia.edu.az\/wp-content\/uploads\/2021\/03\/2310.jpg\" data-link=\"https:\/\/dia.edu.az\/?attachment_id=12200\" class=\"wp-image-12200\" srcset=\"https:\/\/legacy.dia.edu.az\/wp-content\/uploads\/2021\/03\/2310.jpg 640w, https:\/\/legacy.dia.edu.az\/wp-content\/uploads\/2021\/03\/2310-300x199.jpg 300w, https:\/\/legacy.dia.edu.az\/wp-content\/uploads\/2021\/03\/2310-16x12.jpg 16w, https:\/\/legacy.dia.edu.az\/wp-content\/uploads\/2021\/03\/2310-150x100.jpg 150w, https:\/\/legacy.dia.edu.az\/wp-content\/uploads\/2021\/03\/2310-300x199@2x.jpg 600w\" sizes=\"(max-width: 640px) 100vw, 640px\" \/><\/figure><\/li><li class=\"blocks-gallery-item\"><figure><img width=\"640\" height=\"424\" src=\"https:\/\/dia.edu.az\/wp-content\/uploads\/2021\/03\/231017.jpg\" alt=\"\" data-id=\"12201\" data-full-url=\"https:\/\/dia.edu.az\/wp-content\/uploads\/2021\/03\/231017.jpg\" data-link=\"https:\/\/dia.edu.az\/?attachment_id=12201\" class=\"wp-image-12201\" srcset=\"https:\/\/legacy.dia.edu.az\/wp-content\/uploads\/2021\/03\/231017.jpg 640w, https:\/\/legacy.dia.edu.az\/wp-content\/uploads\/2021\/03\/231017-300x199.jpg 300w, https:\/\/legacy.dia.edu.az\/wp-content\/uploads\/2021\/03\/231017-16x12.jpg 16w, https:\/\/legacy.dia.edu.az\/wp-content\/uploads\/2021\/03\/231017-150x100.jpg 150w, https:\/\/legacy.dia.edu.az\/wp-content\/uploads\/2021\/03\/231017-300x199@2x.jpg 600w\" sizes=\"(max-width: 640px) 100vw, 640px\" \/><\/figure><\/li><\/ul><\/figure>","protected":false},"excerpt":{"rendered":"<p>D\u00f6vl\u0259t qulluq\u00e7ular\u0131 ilk m\u00fchazir\u0259l\u0259rini Heyd\u0259r \u018fliyev D\u00f6vl\u0259t \u0130dar\u0259\u00e7iliyi M\u0259kt\u0259bind\u0259 dinl\u0259yibl\u0259rOkt 23 , 2017 &#8211; 11:09 Az\u0259rbaycan Respublikas\u0131n\u0131n Prezidenti \u0130lham \u018fliyevin 22 sentyabr 2017-ci il tarixli F\u0259rman\u0131na \u0259sas\u0259n d\u00f6vl\u0259t idar\u0259\u00e7iliyi v\u0259 icra hakimiyy\u0259ti orqanlar\u0131 \u00fc\u00e7\u00fcn m\u00fcvafiq ixtisaslar \u00fczr\u0259 m\u00fct\u0259x\u0259ssis haz\u0131rl\u0131\u011f\u0131n\u0131 h\u0259yata ke\u00e7ir\u0259n apar\u0131c\u0131 t\u0259dris, metodik, elm v\u0259 analitik informasiya m\u0259rk\u0259zi kimi f\u0259aliyy\u0259t g\u00f6st\u0259r\u0259n D\u00f6vl\u0259t \u0130dar\u0259\u00e7ilik Akademiyas\u0131na [&hellip;]<\/p>","protected":false},"author":2,"featured_media":12200,"comment_status":"closed","ping_status":"closed","sticky":false,"template":"","format":"standard","meta":[],"categories":[137],"tags":[],"_links":{"self":[{"href":"https:\/\/legacy.dia.edu.az\/ru\/wp-json\/wp\/v2\/posts\/12197"}],"collection":[{"href":"https:\/\/legacy.dia.edu.az\/ru\/wp-json\/wp\/v2\/posts"}],"about":[{"href":"https:\/\/legacy.dia.edu.az\/ru\/wp-json\/wp\/v2\/types\/post"}],"author":[{"embeddable":true,"href":"https:\/\/legacy.dia.edu.az\/ru\/wp-json\/wp\/v2\/users\/2"}],"replies":[{"embeddable":true,"href":"https:\/\/legacy.dia.edu.az\/ru\/wp-json\/wp\/v2\/comments?post=12197"}],"version-history":[{"count":0,"href":"https:\/\/legacy.dia.edu.az\/ru\/wp-json\/wp\/v2\/posts\/12197\/revisions"}],"wp:featuredmedia":[{"embeddable":true,"href":"https:\/\/legacy.dia.edu.az\/ru\/wp-json\/wp\/v2\/media\/12200"}],"wp:attachment":[{"href":"https:\/\/legacy.dia.edu.az\/ru\/wp-json\/wp\/v2\/media?parent=12197"}],"wp:term":[{"taxonomy":"category","embeddable":true,"href":"https:\/\/legacy.dia.edu.az\/ru\/wp-json\/wp\/v2\/categories?post=12197"},{"taxonomy":"post_tag","embeddable":true,"href":"https:\/\/legacy.dia.edu.az\/ru\/wp-json\/wp\/v2\/tags?post=12197"}],"curies":[{"name":"wp","href":"https:\/\/api.w.org\/{rel}","templated":true}]}}