{"id":12190,"date":"2017-10-25T10:24:00","date_gmt":"2017-10-25T07:24:00","guid":{"rendered":"https:\/\/dia.edu.az\/?p=12190"},"modified":"2021-03-15T10:25:53","modified_gmt":"2021-03-15T07:25:53","slug":"dovl%c9%99t-idar%c9%99cilik-akademiyasi-il%c9%99-macaristan-dovl%c9%99t-qullugu-universiteti-arasinda-memorandum-imzalanib","status":"publish","type":"post","link":"https:\/\/legacy.dia.edu.az\/ru\/arxivl\u0259r\/12190","title":{"rendered":"D\u00f6vl\u0259t \u0130dar\u0259\u00e7ilik Akademiyas\u0131 il\u0259 Macar\u0131stan D\u00f6vl\u0259t Qullu\u011fu Universiteti aras\u0131nda memorandum imzalan\u0131b"},"content":{"rendered":"<p><strong>D\u00f6vl\u0259t \u0130dar\u0259\u00e7ilik Akademiyas\u0131 il\u0259 Macar\u0131stan D\u00f6vl\u0259t Qullu\u011fu Universiteti aras\u0131nda memorandum imzalan\u0131b<\/strong><br><em>Okt 25 , 2017 &#8211; 10:28<\/em><\/p>\n\n\n\n<p>Oktyabr\u0131n 24-d\u0259 Budape\u015ft \u015f\u0259h\u0259rind\u0259 Az\u0259rbaycan Respublikas\u0131n\u0131n Prezidenti yan\u0131nda D\u00f6vl\u0259t \u0130dar\u0259\u00e7ilik Akademiyas\u0131 (D\u0130A) il\u0259 Macar\u0131stan D\u00f6vl\u0259t Qullu\u011fu Universiteti aras\u0131nda r\u0259hb\u0259r d\u00f6vl\u0259t idar\u0259\u00e7iliyi kadrlar\u0131n\u0131n fasil\u0259siz t\u0259limi, d\u00f6vl\u0259t qulluq\u00e7ular\u0131n\u0131n haz\u0131rl\u0131\u011f\u0131 strategiyas\u0131n\u0131n realla\u015fd\u0131r\u0131lmas\u0131 sah\u0259sind\u0259 \u0259m\u0259kda\u015fl\u0131\u011fa dair memorandum imzalan\u0131b.<\/p>\n\n\n\n<p>T\u0259dbird\u0259 D\u00f6vl\u0259t \u0130dar\u0259\u00e7ilik Akademiyas\u0131n\u0131n rektoru akademik Urxan \u018fl\u0259kb\u0259rov, Az\u0259rbaycan\u0131n Macar\u0131standak\u0131 s\u0259firi professor Vilay\u0259t Quliyev, Macar\u0131stan\u0131n y\u00fcks\u0259k v\u0259zif\u0259li r\u0259smil\u0259ri, D\u0130A-n\u0131n elmi t\u0259\u015fkilat \u015f\u00f6b\u0259sinin m\u00fcdiri dosent R\u0259c\u0259b R\u0259himli, s\u0259firliyimizin \u0259m\u0259kda\u015flar\u0131 i\u015ftirak edibl\u0259r.<\/p>\n\n\n\n<p>\u0130mzalanma m\u0259rasimind\u0259n sonra \u201cS\u0259m\u0259r\u0259li idar\u0259\u00e7ilik v\u0259 davaml\u0131 inki\u015faf namin\u0259 d\u00f6vl\u0259t qulluq\u00e7ular\u0131n\u0131n haz\u0131rlanmas\u0131: Az\u0259rbaycan\u0131n t\u0259cr\u00fcb\u0259si\u201d m\u00f6vzusunda m\u0259ruz\u0259 il\u0259 \u00e7\u0131x\u0131\u015f ed\u0259n akademik Urxan \u018fl\u0259kb\u0259rov Az\u0259rbaycan\u0131n tarixi, \u00f6lk\u0259mizd\u0259 ged\u0259n siyasi, iqtisadi prosesl\u0259r bar\u0259d\u0259 geni\u015f m\u0259lumat verib. \u018fsas\u0131 ulu \u00f6nd\u0259r Heyd\u0259r \u018fliyev t\u0259r\u0259find\u0259n qoyulmu\u015f, haz\u0131rda Prezident \u0130lham \u018fliyevin u\u011furla davam etdirdiyi siyasi, iqtisadi islahatlar bar\u0259d\u0259 dan\u0131\u015fan rektor Az\u0259rbaycan\u0131n m\u00fcasir beyn\u0259lxalq m\u00fcnasib\u0259tl\u0259r sistemind\u0259 yeri v\u0259 rolunu qeyd edib. O, \u00f6lk\u0259mizin innovativ t\u0259r\u0259qqisi il\u0259 ba\u011fl\u0131 BMT, D\u00fcnya Bank\u0131 v\u0259 dig\u0259r n\u00fcfuzlu beyn\u0259lxalq qurumlar\u0131n qiym\u0259tl\u0259ndirm\u0259l\u0259rin\u0259 \u0259saslanan t\u0259hlill\u0259ri d\u0259 i\u015ftirak\u00e7\u0131lar\u0131n diqq\u0259tin\u0259 \u00e7atd\u0131r\u0131b. Rektor vur\u011fulay\u0131b ki, \u00f6lk\u0259nin q\u0131sa m\u00fcdd\u0259td\u0259 iqtisadi v\u0259 sosial sah\u0259d\u0259 qazand\u0131\u011f\u0131 y\u00fcks\u0259k nailiyy\u0259tl\u0259ri, XXI \u0259srin \u00e7a\u011f\u0131r\u0131\u015flar\u0131n\u0131n h\u0259llin\u0259 y\u00f6n\u0259lmi\u015f d\u00fcnya \u0259h\u0259miyy\u0259tli t\u0259\u015f\u0259bb\u00fcsl\u0259ri, ild\u0259n-il\u0259 artan beyn\u0259lxalq n\u00fcfuzu Az\u0259rbaycan\u0131 bir \u00e7ox istiqam\u0259tl\u0259rd\u0259 regional v\u0259 qlobal lider\u0259 \u00e7evirib. Son 10 ild\u0259 \u00f6lk\u0259mizd\u0259 davaml\u0131 inki\u015faf \u00fc\u00e7\u00fcn iqtisadi baza yarad\u0131l\u0131b. Az\u0259rbaycan son ill\u0259rd\u0259 bir \u00e7ox davaml\u0131 inki\u015faf g\u00f6st\u0259ricil\u0259rin\u0259 v\u0259 sosial indikatorlara g\u00f6r\u0259 \u201cB\u00f6y\u00fck iyirmilik\u201d v\u0259 \u201cB\u00f6y\u00fck yeddilik\u201d \u00f6lk\u0259l\u0259rinin \u0259ks\u0259riyy\u0259tini \u00fcst\u0259l\u0259yir. Bu u\u011furlar\u0131n k\u00f6k\u00fcnd\u0259 yaln\u0131z yax\u015f\u0131 idar\u0259\u00e7ilik v\u0259 d\u00f6vl\u0259t institutlar\u0131n\u0131n, v\u0259t\u0259nda\u015f c\u0259miyy\u0259tinin v\u0259 \u00f6z\u0259l sektorun f\u0259aliyy\u0259tinin kombinasiyas\u0131 dayan\u0131r. Bu istiqam\u0259td\u0259 Az\u0259rbaycan Respublikas\u0131n\u0131n Birinci vitse-prezidenti, Heyd\u0259r \u018fliyev Fondunun prezidenti xan\u0131m Mehriban \u018fliyevan\u0131n f\u0259aliyy\u0259ti olduqca \u0259h\u0259miyy\u0259tlidir.<\/p>\n\n\n\n<p>D\u00f6vl\u0259t \u0130dar\u0259\u00e7ilik Akademiyas\u0131n\u0131n f\u0259aliyy\u0259ti bar\u0259d\u0259 dan\u0131\u015fan Urxan \u018fl\u0259kb\u0259rov qeyd edib ki, burada d\u0259rs dey\u0259n m\u00fc\u0259llim hey\u0259tinin \u0259ks\u0259riyy\u0259ti \u00f6lk\u0259nin siyasi idar\u0259\u00e7iliyind\u0259 m\u00fch\u00fcm rol oynay\u0131r. D\u00f6vl\u0259t idar\u0259etm\u0259 sistemi istiqam\u0259tind\u0259 apar\u0131lan islahatlar\u0131, qazan\u0131lan u\u011furlar\u0131 xat\u0131rladan rektor bildirib ki, bu g\u00fcn Az\u0259rbaycanda \u00e7evik d\u00f6vl\u0259t qullu\u011fu sistemi formala\u015f\u0131b. O, \u00fcmummilli lider Heyd\u0259r \u018fliyevin \u00f6lk\u0259d\u0259 d\u00f6vl\u0259t idar\u0259etm\u0259 sisteminin formala\u015fmas\u0131 v\u0259 d\u00f6vl\u0259t qullu\u011funun inki\u015faf\u0131 istiqam\u0259tind\u0259 misilsiz f\u0259aliyy\u0259tini qeyd edib, Prezident \u0130lham \u018fliyevin m\u00fcst\u0259qil Az\u0259rbaycanda d\u00f6vl\u0259t idar\u0259\u00e7iliyinin innovativ inki\u015faf\u0131nda xidm\u0259tl\u0259rind\u0259n s\u00f6z a\u00e7\u0131b. Rektor \u00f6lk\u0259d\u0259 insan potensial\u0131n\u0131n formala\u015fd\u0131r\u0131lmas\u0131, bu siyas\u0259tin t\u0259rkib hiss\u0259si kimi d\u00f6vl\u0259t qulluq\u00e7ular\u0131n\u0131n fasil\u0259siz haz\u0131rl\u0131\u011f\u0131 sisteminin t\u0259kmill\u0259\u015fdirilm\u0259si sah\u0259sind\u0259 g\u00f6r\u00fcl\u0259n t\u0259dbirl\u0259rin u\u011furlu n\u0259tic\u0259l\u0259ri v\u0259 \u0259h\u0259miyy\u0259ti bar\u0259d\u0259 fikirl\u0259rini d\u0259 g\u00f6r\u00fc\u015f i\u015ftirak\u00e7\u0131lar\u0131 il\u0259 b\u00f6l\u00fc\u015f\u00fcb. Akademik \u00f6lk\u0259mizd\u0259 h\u0259yata ke\u00e7iril\u0259n t\u0259dbirl\u0259rin insan potensial\u0131n\u0131n keyfiyy\u0259tinin y\u00fcks\u0259ldilm\u0259si il\u0259 yana\u015f\u0131, dinamik inki\u015faf ed\u0259n c\u0259miyy\u0259tin t\u0259l\u0259bl\u0259rin\u0259 cavab ver\u0259n d\u00f6vl\u0259t idar\u0259\u00e7iliyi sisteminin qurulmas\u0131nda da m\u00fch\u00fcm rol oynad\u0131\u011f\u0131 qeyd edilib.<\/p>\n\n\n\n<p><\/p>\n\n\n\n<figure class=\"wp-container-2 wp-block-gallery-1 wp-block-gallery columns-3 is-cropped\"><ul class=\"blocks-gallery-grid\"><li class=\"blocks-gallery-item\"><figure><img width=\"640\" height=\"410\" src=\"https:\/\/dia.edu.az\/wp-content\/uploads\/2021\/03\/24.10.jpg\" alt=\"\" data-id=\"12191\" data-full-url=\"https:\/\/dia.edu.az\/wp-content\/uploads\/2021\/03\/24.10.jpg\" data-link=\"https:\/\/dia.edu.az\/?attachment_id=12191\" class=\"wp-image-12191\" srcset=\"https:\/\/legacy.dia.edu.az\/wp-content\/uploads\/2021\/03\/24.10.jpg 640w, https:\/\/legacy.dia.edu.az\/wp-content\/uploads\/2021\/03\/24.10-300x192.jpg 300w, https:\/\/legacy.dia.edu.az\/wp-content\/uploads\/2021\/03\/24.10-16x10.jpg 16w, https:\/\/legacy.dia.edu.az\/wp-content\/uploads\/2021\/03\/24.10-300x192@2x.jpg 600w\" sizes=\"(max-width: 640px) 100vw, 640px\" \/><\/figure><\/li><li class=\"blocks-gallery-item\"><figure><img width=\"640\" height=\"383\" src=\"https:\/\/dia.edu.az\/wp-content\/uploads\/2021\/03\/2410.17.jpg\" alt=\"\" data-id=\"12192\" data-full-url=\"https:\/\/dia.edu.az\/wp-content\/uploads\/2021\/03\/2410.17.jpg\" data-link=\"https:\/\/dia.edu.az\/?attachment_id=12192\" class=\"wp-image-12192\" srcset=\"https:\/\/legacy.dia.edu.az\/wp-content\/uploads\/2021\/03\/2410.17.jpg 640w, https:\/\/legacy.dia.edu.az\/wp-content\/uploads\/2021\/03\/2410.17-300x180.jpg 300w, https:\/\/legacy.dia.edu.az\/wp-content\/uploads\/2021\/03\/2410.17-16x10.jpg 16w, https:\/\/legacy.dia.edu.az\/wp-content\/uploads\/2021\/03\/2410.17-300x180@2x.jpg 600w\" sizes=\"(max-width: 640px) 100vw, 640px\" \/><\/figure><\/li><li class=\"blocks-gallery-item\"><figure><img width=\"640\" height=\"480\" src=\"https:\/\/dia.edu.az\/wp-content\/uploads\/2021\/03\/2410.2017.jpg\" alt=\"\" data-id=\"12193\" data-full-url=\"https:\/\/dia.edu.az\/wp-content\/uploads\/2021\/03\/2410.2017.jpg\" data-link=\"https:\/\/dia.edu.az\/?attachment_id=12193\" class=\"wp-image-12193\" srcset=\"https:\/\/legacy.dia.edu.az\/wp-content\/uploads\/2021\/03\/2410.2017.jpg 640w, https:\/\/legacy.dia.edu.az\/wp-content\/uploads\/2021\/03\/2410.2017-300x225.jpg 300w, https:\/\/legacy.dia.edu.az\/wp-content\/uploads\/2021\/03\/2410.2017-16x12.jpg 16w, https:\/\/legacy.dia.edu.az\/wp-content\/uploads\/2021\/03\/2410.2017-300x225@2x.jpg 600w\" sizes=\"(max-width: 640px) 100vw, 640px\" \/><\/figure><\/li><li class=\"blocks-gallery-item\"><figure><img width=\"640\" height=\"436\" src=\"https:\/\/dia.edu.az\/wp-content\/uploads\/2021\/03\/2410-1.jpg\" alt=\"\" data-id=\"12194\" data-full-url=\"https:\/\/dia.edu.az\/wp-content\/uploads\/2021\/03\/2410-1.jpg\" data-link=\"https:\/\/dia.edu.az\/?attachment_id=12194\" class=\"wp-image-12194\" srcset=\"https:\/\/legacy.dia.edu.az\/wp-content\/uploads\/2021\/03\/2410-1.jpg 640w, https:\/\/legacy.dia.edu.az\/wp-content\/uploads\/2021\/03\/2410-1-300x204.jpg 300w, https:\/\/legacy.dia.edu.az\/wp-content\/uploads\/2021\/03\/2410-1-16x12.jpg 16w, https:\/\/legacy.dia.edu.az\/wp-content\/uploads\/2021\/03\/2410-1-300x204@2x.jpg 600w\" sizes=\"(max-width: 640px) 100vw, 640px\" \/><\/figure><\/li><li class=\"blocks-gallery-item\"><figure><img width=\"640\" height=\"412\" src=\"https:\/\/dia.edu.az\/wp-content\/uploads\/2021\/03\/241017.jpg\" alt=\"\" data-id=\"12195\" data-full-url=\"https:\/\/dia.edu.az\/wp-content\/uploads\/2021\/03\/241017.jpg\" data-link=\"https:\/\/dia.edu.az\/?attachment_id=12195\" class=\"wp-image-12195\" srcset=\"https:\/\/legacy.dia.edu.az\/wp-content\/uploads\/2021\/03\/241017.jpg 640w, https:\/\/legacy.dia.edu.az\/wp-content\/uploads\/2021\/03\/241017-300x193.jpg 300w, https:\/\/legacy.dia.edu.az\/wp-content\/uploads\/2021\/03\/241017-16x10.jpg 16w, https:\/\/legacy.dia.edu.az\/wp-content\/uploads\/2021\/03\/241017-300x193@2x.jpg 600w\" sizes=\"(max-width: 640px) 100vw, 640px\" \/><\/figure><\/li><\/ul><\/figure>","protected":false},"excerpt":{"rendered":"<p>D\u00f6vl\u0259t \u0130dar\u0259\u00e7ilik Akademiyas\u0131 il\u0259 Macar\u0131stan D\u00f6vl\u0259t Qullu\u011fu Universiteti aras\u0131nda memorandum imzalan\u0131bOkt 25 , 2017 &#8211; 10:28 Oktyabr\u0131n 24-d\u0259 Budape\u015ft \u015f\u0259h\u0259rind\u0259 Az\u0259rbaycan Respublikas\u0131n\u0131n Prezidenti yan\u0131nda D\u00f6vl\u0259t \u0130dar\u0259\u00e7ilik Akademiyas\u0131 (D\u0130A) il\u0259 Macar\u0131stan D\u00f6vl\u0259t Qullu\u011fu Universiteti aras\u0131nda r\u0259hb\u0259r d\u00f6vl\u0259t idar\u0259\u00e7iliyi kadrlar\u0131n\u0131n fasil\u0259siz t\u0259limi, d\u00f6vl\u0259t qulluq\u00e7ular\u0131n\u0131n haz\u0131rl\u0131\u011f\u0131 strategiyas\u0131n\u0131n realla\u015fd\u0131r\u0131lmas\u0131 sah\u0259sind\u0259 \u0259m\u0259kda\u015fl\u0131\u011fa dair memorandum imzalan\u0131b. T\u0259dbird\u0259 D\u00f6vl\u0259t \u0130dar\u0259\u00e7ilik Akademiyas\u0131n\u0131n rektoru [&hellip;]<\/p>","protected":false},"author":2,"featured_media":12191,"comment_status":"closed","ping_status":"closed","sticky":false,"template":"","format":"standard","meta":[],"categories":[137],"tags":[],"_links":{"self":[{"href":"https:\/\/legacy.dia.edu.az\/ru\/wp-json\/wp\/v2\/posts\/12190"}],"collection":[{"href":"https:\/\/legacy.dia.edu.az\/ru\/wp-json\/wp\/v2\/posts"}],"about":[{"href":"https:\/\/legacy.dia.edu.az\/ru\/wp-json\/wp\/v2\/types\/post"}],"author":[{"embeddable":true,"href":"https:\/\/legacy.dia.edu.az\/ru\/wp-json\/wp\/v2\/users\/2"}],"replies":[{"embeddable":true,"href":"https:\/\/legacy.dia.edu.az\/ru\/wp-json\/wp\/v2\/comments?post=12190"}],"version-history":[{"count":0,"href":"https:\/\/legacy.dia.edu.az\/ru\/wp-json\/wp\/v2\/posts\/12190\/revisions"}],"wp:featuredmedia":[{"embeddable":true,"href":"https:\/\/legacy.dia.edu.az\/ru\/wp-json\/wp\/v2\/media\/12191"}],"wp:attachment":[{"href":"https:\/\/legacy.dia.edu.az\/ru\/wp-json\/wp\/v2\/media?parent=12190"}],"wp:term":[{"taxonomy":"category","embeddable":true,"href":"https:\/\/legacy.dia.edu.az\/ru\/wp-json\/wp\/v2\/categories?post=12190"},{"taxonomy":"post_tag","embeddable":true,"href":"https:\/\/legacy.dia.edu.az\/ru\/wp-json\/wp\/v2\/tags?post=12190"}],"curies":[{"name":"wp","href":"https:\/\/api.w.org\/{rel}","templated":true}]}}