{"id":12179,"date":"2017-11-06T10:19:00","date_gmt":"2017-11-06T07:19:00","guid":{"rendered":"https:\/\/dia.edu.az\/?p=12179"},"modified":"2021-03-15T10:21:00","modified_gmt":"2021-03-15T07:21:00","slug":"dovl%c9%99t-idar%c9%99cilik-akademiyasinin-professoru-beyn%c9%99lxalq-elmi-konqressd%c9%99-istirak-edib","status":"publish","type":"post","link":"https:\/\/legacy.dia.edu.az\/ru\/arxivl\u0259r\/12179","title":{"rendered":"D\u00f6vl\u0259t \u0130dar\u0259\u00e7ilik Akademiyas\u0131n\u0131n professoru Beyn\u0259lxalq Elmi Konqressd\u0259 i\u015ftirak edib"},"content":{"rendered":"<p><strong>D\u00f6vl\u0259t \u0130dar\u0259\u00e7ilik Akademiyas\u0131n\u0131n professoru Beyn\u0259lxalq Elmi Konqressd\u0259 i\u015ftirak edib<\/strong><br><em>Noy 06 , 2017 &#8211; 01:18<\/em><\/p>\n\n\n\n<p>25-30 sentyabr M.V. Lomonosov ad\u0131na Moskva D\u00f6vl\u0259t Universitetind\u0259 \u201cQlobalistika-2017: qlobal ekologiya v\u0259 davaml\u0131 inki\u015faf\u201d m\u00f6vzusunda V Beyn\u0259lxalq Elmi Konqress ke\u00e7irilm\u0131\u015fdir. Konqressin i\u015find\u0259 d\u00fcnyan\u0131n 35 \u00f6lk\u0259sind\u0259n 1000 n\u0259f\u0259rd\u0259n art\u0131q alim , o \u00e7\u00fcml\u0259d\u0259n Nobel m\u00fckafat\u0131 laureatlar\u0131, tan\u0131nm\u0131\u015f elmi qurumlar v\u0259 assosiasiyalar\u0131n r\u0259hb\u0259rl\u0259ri i\u015ftirak etmi\u015fdir.<\/p>\n\n\n\n<p>\u201cQlobalistika-2017: qlobal ekologiya v\u0259 davaml\u0131 inki\u015faf\u201d Konqressin t\u0259\u015fkilat komit\u0259sinin d\u0259v\u0259ti il\u0259, Az\u0259rbaycan Respublikas\u0131n\u0131n Prezidenti yan\u0131nda D\u00f6vl\u0259t \u0130dar\u0259\u00e7ilik Akademiyas\u0131n\u0131n tarix kafedras\u0131n\u0131n professoru, \u201cSimurq\u201d Az\u0259rbaycan m\u0259d\u0259niyy\u0259t Assosiasiyas\u0131n\u0131n prezidenti, kulturoloq Fuad M\u0259mm\u0259dov da i\u015ftirak etmi\u015fdir. F.M\u0259mm\u0259dov \u201cDavaml\u0131 inki\u015faf, qlobal diplomatiya v\u0259 beyn\u0131lxalq m\u00fcnasib\u0259tl\u0259r\u201d b\u00f6lm\u0259sind\u0259 \u201cQlobal d\u00fcnyan\u0131n davaml\u0131 v\u0259 t\u0259hl\u00fck\u0259sis inki\u015faf\u0131 \u00fc\u00e7\u00fcn kulturologiyan\u0131n strateji \u0259h\u0259miyy\u0259ti\u201d m\u00f6vzusunda \u00e7\u0131x\u0131\u015f etmi\u015f, eyni zamanda \u201cSosiat transformasiyalar\u201d \u00fczr\u0259 YUNESKO M\u0259kt\u0259binin 2 g\u00fcnl\u00fck kurslar\u0131n\u0131 ke\u00e7mi\u015fdir.<\/p>\n\n\n\n<p>Prof. F. M\u0259mm\u0259dovun \u00e7oxillik sistemli kulturoloji t\u0259dqiqatlar\u0131n\u0131n n\u0259tic\u0259l\u0259ri y\u00fcks\u0259k qiym\u0259tl\u0259ndiril\u0259r\u0259k M.V. Lomonosov ad\u0131na MDU-nun m\u00fchazir\u0259 kursuna daxil edilmi\u015f, eyni zamanda beyn\u0259lxalq \u0259m\u0259kda\u015fl\u0131\u011fa verdiyi t\u00f6hf\u0259y\u0259 g\u00f6r\u0259 Moskva \u015f\u0259h\u0259ri h\u00f6kum\u0259tinin \u201cGeorgiy Pobedonosets\u201d medal\u0131 il\u0259 v\u0259 \u201cSosial transformasiyalar v\u0259 davaml\u0131 inki\u015faf\u0131n m\u0259qs\u0259dl\u0259ri\u201d YUNESKO-nun sertifikat\u0131 il\u0259 t\u0259ltif olunmu\u015fdur.<\/p>\n\n\n\n<p><\/p>\n\n\n\n<figure class=\"wp-container-2 wp-block-gallery-1 wp-block-gallery columns-2 is-cropped\"><ul class=\"blocks-gallery-grid\"><li class=\"blocks-gallery-item\"><figure><img width=\"640\" height=\"480\" src=\"https:\/\/dia.edu.az\/wp-content\/uploads\/2021\/03\/fm1.jpg\" alt=\"\" data-id=\"12180\" data-full-url=\"https:\/\/dia.edu.az\/wp-content\/uploads\/2021\/03\/fm1.jpg\" data-link=\"https:\/\/dia.edu.az\/?attachment_id=12180\" class=\"wp-image-12180\" srcset=\"https:\/\/legacy.dia.edu.az\/wp-content\/uploads\/2021\/03\/fm1.jpg 640w, https:\/\/legacy.dia.edu.az\/wp-content\/uploads\/2021\/03\/fm1-300x225.jpg 300w, https:\/\/legacy.dia.edu.az\/wp-content\/uploads\/2021\/03\/fm1-16x12.jpg 16w, https:\/\/legacy.dia.edu.az\/wp-content\/uploads\/2021\/03\/fm1-300x225@2x.jpg 600w\" sizes=\"(max-width: 640px) 100vw, 640px\" \/><\/figure><\/li><li class=\"blocks-gallery-item\"><figure><img width=\"640\" height=\"480\" src=\"https:\/\/dia.edu.az\/wp-content\/uploads\/2021\/03\/fm2.jpg\" alt=\"\" data-id=\"12181\" data-full-url=\"https:\/\/dia.edu.az\/wp-content\/uploads\/2021\/03\/fm2.jpg\" data-link=\"https:\/\/dia.edu.az\/?attachment_id=12181\" class=\"wp-image-12181\" srcset=\"https:\/\/legacy.dia.edu.az\/wp-content\/uploads\/2021\/03\/fm2.jpg 640w, https:\/\/legacy.dia.edu.az\/wp-content\/uploads\/2021\/03\/fm2-300x225.jpg 300w, https:\/\/legacy.dia.edu.az\/wp-content\/uploads\/2021\/03\/fm2-16x12.jpg 16w, https:\/\/legacy.dia.edu.az\/wp-content\/uploads\/2021\/03\/fm2-300x225@2x.jpg 600w\" sizes=\"(max-width: 640px) 100vw, 640px\" \/><\/figure><\/li><li class=\"blocks-gallery-item\"><figure><img width=\"480\" height=\"640\" src=\"https:\/\/dia.edu.az\/wp-content\/uploads\/2021\/03\/fm3.jpg\" alt=\"\" data-id=\"12182\" data-full-url=\"https:\/\/dia.edu.az\/wp-content\/uploads\/2021\/03\/fm3.jpg\" data-link=\"https:\/\/dia.edu.az\/?attachment_id=12182\" class=\"wp-image-12182\" srcset=\"https:\/\/legacy.dia.edu.az\/wp-content\/uploads\/2021\/03\/fm3.jpg 480w, https:\/\/legacy.dia.edu.az\/wp-content\/uploads\/2021\/03\/fm3-225x300.jpg 225w, https:\/\/legacy.dia.edu.az\/wp-content\/uploads\/2021\/03\/fm3-9x12.jpg 9w, https:\/\/legacy.dia.edu.az\/wp-content\/uploads\/2021\/03\/fm3-225x300@2x.jpg 450w\" sizes=\"(max-width: 480px) 100vw, 480px\" \/><\/figure><\/li><\/ul><\/figure>","protected":false},"excerpt":{"rendered":"<p>D\u00f6vl\u0259t \u0130dar\u0259\u00e7ilik Akademiyas\u0131n\u0131n professoru Beyn\u0259lxalq Elmi Konqressd\u0259 i\u015ftirak edibNoy 06 , 2017 &#8211; 01:18 25-30 sentyabr M.V. Lomonosov ad\u0131na Moskva D\u00f6vl\u0259t Universitetind\u0259 \u201cQlobalistika-2017: qlobal ekologiya v\u0259 davaml\u0131 inki\u015faf\u201d m\u00f6vzusunda V Beyn\u0259lxalq Elmi Konqress ke\u00e7irilm\u0131\u015fdir. Konqressin i\u015find\u0259 d\u00fcnyan\u0131n 35 \u00f6lk\u0259sind\u0259n 1000 n\u0259f\u0259rd\u0259n art\u0131q alim , o \u00e7\u00fcml\u0259d\u0259n Nobel m\u00fckafat\u0131 laureatlar\u0131, tan\u0131nm\u0131\u015f elmi qurumlar v\u0259 assosiasiyalar\u0131n r\u0259hb\u0259rl\u0259ri [&hellip;]<\/p>","protected":false},"author":2,"featured_media":12181,"comment_status":"closed","ping_status":"closed","sticky":false,"template":"","format":"standard","meta":[],"categories":[137],"tags":[],"_links":{"self":[{"href":"https:\/\/legacy.dia.edu.az\/ru\/wp-json\/wp\/v2\/posts\/12179"}],"collection":[{"href":"https:\/\/legacy.dia.edu.az\/ru\/wp-json\/wp\/v2\/posts"}],"about":[{"href":"https:\/\/legacy.dia.edu.az\/ru\/wp-json\/wp\/v2\/types\/post"}],"author":[{"embeddable":true,"href":"https:\/\/legacy.dia.edu.az\/ru\/wp-json\/wp\/v2\/users\/2"}],"replies":[{"embeddable":true,"href":"https:\/\/legacy.dia.edu.az\/ru\/wp-json\/wp\/v2\/comments?post=12179"}],"version-history":[{"count":0,"href":"https:\/\/legacy.dia.edu.az\/ru\/wp-json\/wp\/v2\/posts\/12179\/revisions"}],"wp:featuredmedia":[{"embeddable":true,"href":"https:\/\/legacy.dia.edu.az\/ru\/wp-json\/wp\/v2\/media\/12181"}],"wp:attachment":[{"href":"https:\/\/legacy.dia.edu.az\/ru\/wp-json\/wp\/v2\/media?parent=12179"}],"wp:term":[{"taxonomy":"category","embeddable":true,"href":"https:\/\/legacy.dia.edu.az\/ru\/wp-json\/wp\/v2\/categories?post=12179"},{"taxonomy":"post_tag","embeddable":true,"href":"https:\/\/legacy.dia.edu.az\/ru\/wp-json\/wp\/v2\/tags?post=12179"}],"curies":[{"name":"wp","href":"https:\/\/api.w.org\/{rel}","templated":true}]}}