{"id":12174,"date":"2017-11-06T10:14:00","date_gmt":"2017-11-06T07:14:00","guid":{"rendered":"https:\/\/dia.edu.az\/?p=12174"},"modified":"2021-03-15T10:15:36","modified_gmt":"2021-03-15T07:15:36","slug":"az%c9%99rbaycanin-yeni-iqtisadi-h%c9%99d%c9%99fl%c9%99ri-movzusunda-birg%c9%99-seminar-kecirilib","status":"publish","type":"post","link":"https:\/\/legacy.dia.edu.az\/ru\/arxivl\u0259r\/12174","title":{"rendered":"Az\u0259rbaycan\u0131n yeni iqtisadi h\u0259d\u0259fl\u0259ri m\u00f6vzusunda birg\u0259 seminar ke\u00e7irilib"},"content":{"rendered":"<p><strong>Az\u0259rbaycan\u0131n yeni iqtisadi h\u0259d\u0259fl\u0259ri m\u00f6vzusunda birg\u0259 seminar ke\u00e7irilib<\/strong><br><em>Noy 06 , 2017 &#8211; 10:05<\/em><\/p>\n\n\n\n<p>Az\u0259rbaycan Respublikas\u0131n\u0131n Prezidenti yan\u0131nda D\u00f6vl\u0259t \u0130dar\u0259\u00e7ilik Akademiyas\u0131 (D\u0130A) v\u0259 Az\u0259rbaycan Respublikas\u0131 \u0130qtisadi \u0130slahatlar\u0131n T\u0259hlili v\u0259 Kommunikasiya M\u0259rk\u0259zi (\u0130\u0130TKM) \u201cAz\u0259rbaycan\u0131n yeni iqtisadi h\u0259d\u0259fl\u0259ri\u201d m\u00f6vzusunda birg\u0259 seminar ke\u00e7irib. Seminar\u0131n a\u00e7\u0131l\u0131\u015f\u0131nda \u0130\u0130TKM-nin icra\u00e7\u0131 direktoru Dr. V\u00fcsal Qas\u0131ml\u0131 \u201cYeni iqtisadi model quruculu\u011fu\u201d m\u00f6vzusunda m\u0259ruz\u0259 il\u0259 \u00e7\u0131x\u0131\u015f edib. Bildirib ki, Az\u0259rbaycanda yeni iqtisadi model Prezident \u0130lham \u018fliyevin r\u0259hb\u0259rliyi il\u0259 qurulur. \u201cArt\u0131q \u00f6lk\u0259 iqtisadiyyat\u0131 a\u015fa\u011f\u0131 neft g\u0259lirl\u0259rin\u0259 tam adaptasiya olunmaqla yana\u015f\u0131, h\u0259m d\u0259 inki\u015faf edir v\u0259 r\u0259qab\u0259tqabiliyy\u0259tini art\u0131r\u0131r. \u201cDoing Business\u201d v\u0259 \u201cQlobal r\u0259qab\u0259tqabiliyy\u0259tlilik\u201d hesabatlar\u0131nda Az\u0259rbycan\u0131n m\u00f6vqeyinin g\u00fccl\u0259nm\u0259si yeni iqtisadi model quruculu\u011funun u\u011furuna n\u00fcmun\u0259dir. \u00d6lk\u0259d\u0259 strateji idar\u0259etm\u0259 mexanizmi i\u015fl\u0259yir v\u0259 islahatlar d\u00f6nm\u0259z v\u0259 kompleks xarakter da\u015f\u0131y\u0131r. 2018-ci ild\u0259n ba\u015flyaraq iqtisadi art\u0131m daha y\u00fcks\u0259k temp\u0259 malik olacaq. Apar\u0131lan islahatlar v\u0259 yarad\u0131lan infrastrukturun hesab\u0131na \u00f6lk\u0259nin regional v\u0259 qlobal d\u0259y\u0259r z\u0259ncirl\u0259rind\u0259 m\u00f6vqel\u0259ri g\u00fccl\u0259n\u0259c\u0259k.\u201d<\/p>\n\n\n\n<p>Az\u0259rbaycan Respublikas\u0131n\u0131n Prezidenti yan\u0131nda D\u00f6vl\u0259t \u0130dar\u0259\u00e7ilik Akademiyas\u0131n\u0131n rektoru, akademik Urxan \u018fl\u0259kb\u0259rov \u201cAz\u0259rbaycanda iqtisadi islahatlar v\u0259 kadr potensial\u0131n\u0131n formala\u015fmas\u0131: proses v\u0259 n\u0259tic\u0259\u201d adl\u0131 m\u0259ruz\u0259 il\u0259 \u00e7\u0131x\u0131\u015f edib. Rektor \u0259sas\u0131 ulu \u00f6nd\u0259r Heyd\u0259r \u018fliyev t\u0259r\u0259find\u0259n qoyulmu\u015f, haz\u0131rda Prezident \u0130lham \u018fliyevin u\u011furla davam etdirdiyi innovativ inki\u015faf bar\u0259d\u0259 dan\u0131\u015f\u0131b. O, Az\u0259rbaycan Respublikas\u0131n\u0131n Prezidenti \u0130lham \u018fliyevin 22 sentyabr 2017-ci il tarixli F\u0259rman\u0131na \u0259sas\u0259n d\u00f6vl\u0259t idar\u0259\u00e7iliyi v\u0259 icra hakimiyy\u0259ti orqanlar\u0131 \u00fc\u00e7\u00fcn m\u00fcvafiq ixtisaslar \u00fczr\u0259 m\u00fct\u0259x\u0259ssis haz\u0131rl\u0131\u011f\u0131n\u0131 h\u0259yata ke\u00e7ir\u0259n apar\u0131c\u0131 t\u0259dris, metodik, elm v\u0259 analitik informasiya m\u0259rk\u0259zi kimi f\u0259aliyy\u0259t g\u00f6st\u0259r\u0259n&nbsp;D\u00f6vl\u0259t \u0130dar\u0259\u00e7ilik Akademiyas\u0131nda \u00f6lk\u0259d\u0259 insan potensial\u0131n\u0131n formala\u015fd\u0131r\u0131lmas\u0131, bu siyas\u0259tin t\u0259rkib hiss\u0259si kimi d\u00f6vl\u0259t qulluq\u00e7ular\u0131n\u0131n fasil\u0259siz haz\u0131rl\u0131\u011f\u0131 sisteminin t\u0259kmill\u0259\u015fdirilm\u0259si sah\u0259sind\u0259 g\u00f6r\u00fcl\u0259n t\u0259dbirl\u0259rin u\u011furlu n\u0259tic\u0259l\u0259ri v\u0259 \u0259h\u0259miyy\u0259ti bar\u0259d\u0259 fikirl\u0259rini seminar i\u015ftirak\u00e7\u0131lar\u0131n\u0131n diqq\u0259tin\u0259 \u00e7atd\u0131r\u0131b. Akademik \u00f6lk\u0259mizd\u0259 h\u0259yata ke\u00e7iril\u0259n t\u0259dbirl\u0259rin insan potensial\u0131n\u0131n keyfiyy\u0259tinin y\u00fcks\u0259ldilm\u0259si il\u0259 yana\u015f\u0131, dinamik inki\u015faf ed\u0259n c\u0259miyy\u0259tin t\u0259l\u0259bl\u0259rin\u0259 cavab ver\u0259n d\u00f6vl\u0259t idar\u0259\u00e7iliyi sisteminin qurulmas\u0131nda da m\u00fch\u00fcm rol oynad\u0131\u011f\u0131n\u0131 qeyd edib. \u00d6lk\u0259mizin innovativ t\u0259r\u0259qqisi il\u0259 ba\u011fl\u0131 BMT, D\u00fcnya Bank\u0131 v\u0259 dig\u0259r n\u00fcfuzlu beyn\u0259lxalq qurumlar\u0131n qiym\u0259tl\u0259ndirm\u0259l\u0259rin\u0259 \u0259saslanan t\u0259hlill\u0259ri d\u0259 i\u015ftirak\u00e7\u0131lar\u0131n diqq\u0259tin\u0259 \u00e7atd\u0131ran rektor vur\u011fulay\u0131b ki, \u00f6lk\u0259nin q\u0131sa m\u00fcdd\u0259td\u0259 iqtisadi v\u0259 sosial sah\u0259d\u0259 qazand\u0131\u011f\u0131 y\u00fcks\u0259k nailiyy\u0259tl\u0259ri, XXI \u0259srin \u00e7a\u011f\u0131r\u0131\u015flar\u0131n\u0131n h\u0259llin\u0259 y\u00f6n\u0259lmi\u015f d\u00fcnya \u0259h\u0259miyy\u0259tli t\u0259\u015f\u0259bb\u00fcsl\u0259ri, ild\u0259n-il\u0259 artan beyn\u0259lxalq n\u00fcfuzu Az\u0259rbaycan\u0131 bir \u00e7ox istiqam\u0259tl\u0259rd\u0259 regional v\u0259 qlobal lider\u0259 \u00e7evirib. Son 10 ild\u0259 \u00f6lk\u0259mizd\u0259 davaml\u0131 inki\u015faf \u00fc\u00e7\u00fcn iqtisadi baza yarad\u0131l\u0131b. Az\u0259rbaycan son ill\u0259rd\u0259 bir \u00e7ox davaml\u0131 inki\u015faf g\u00f6st\u0259ricil\u0259rin\u0259 v\u0259 sosial indikatorlara g\u00f6r\u0259 \u201cB\u00f6y\u00fck iyirmilik\u201d v\u0259 \u201cB\u00f6y\u00fck yeddilik\u201d \u00f6lk\u0259l\u0259rinin \u0259ks\u0259riyy\u0259tini \u00fcst\u0259l\u0259yir. Bu u\u011furlar\u0131n k\u00f6k\u00fcnd\u0259 yaln\u0131z yax\u015f\u0131 idar\u0259\u00e7ilik v\u0259 d\u00f6vl\u0259t institutlar\u0131n\u0131n, v\u0259t\u0259nda\u015f c\u0259miyy\u0259tinin v\u0259 \u00f6z\u0259l sektorun f\u0259aliyy\u0259tinin kombinasiyas\u0131 dayan\u0131r. Bu istiqam\u0259td\u0259 Az\u0259rbaycan Respublikas\u0131n\u0131n Birinci vitse-prezidenti, Heyd\u0259r \u018fliyev Fondunun prezidenti xan\u0131m Mehriban \u018fliyevan\u0131n f\u0259aliyy\u0259ti olduqca \u0259h\u0259miyy\u0259tlidir.<\/p>\n\n\n\n<p>Seminarda qeyd olunub ki, D\u00f6vl\u0259t \u0130dar\u0259\u00e7ilik Akademiyas\u0131nda bakalavr, magistr v\u0259 doktorantlarla yana\u015f\u0131, d\u00f6vl\u0259t qulluq\u00e7ular\u0131n\u0131n haz\u0131rlanmas\u0131 i\u015fi d\u0259 h\u0259yata ke\u00e7irilir. T\u0259kc\u0259 \u00f6t\u0259n il 1600-d\u0259n \u00e7ox d\u00f6vl\u0259t qulluq\u00e7usu akademiyada t\u0259lim ke\u00e7ib. Q\u0259rara al\u0131n\u0131b ki, \u0130qtisadi \u0130slahatlar\u0131n T\u0259hlili v\u0259 Kommunikasiya M\u0259rk\u0259zi il\u0259 D\u00f6vl\u0259t \u0130dar\u0259\u00e7ilik Akademiyas\u0131 d\u00f6vl\u0259t qulluq\u00e7ular\u0131 \u00fc\u00e7\u00fcn birg\u0259 yeni istiqam\u0259tli t\u0259liml\u0259r t\u0259\u015fkil etsin.<\/p>\n\n\n\n<p>Daha sonra \u201cAz\u0259rbaycan\u0131n yeni iqtisadi h\u0259d\u0259fl\u0259ri\u201d m\u00f6vzusunda birg\u0259 seminar\u0131 \u0130qtisadi \u0130slahatlar\u0131n T\u0259hlili v\u0259 Kommunikasiya M\u0259rk\u0259zinin makroiqtisad\u00e7\u0131s\u0131 Faiq Qas\u0131ml\u0131 iki f\u0259rqli m\u00f6vzuda t\u0259qdim etdiyi m\u0259ruz\u0259l\u0259r il\u0259 davam edib. Bunlardan biri Strateji Yol X\u0259rit\u0259l\u0259rinin timisal\u0131nda Monitorinq v\u0259 Qiym\u0259tl\u0259ndirm\u0259, dig\u0259ri is\u0259 d\u00f6vl\u0259t qurumlar\u0131, m\u00fc\u0259ssis\u0259 v\u0259 t\u0259\u015fkilat\u00e7\u0131lar\u0131 \u00fc\u00e7\u00fcn Strateji Planla\u015fd\u0131rmaya aid olub.<\/p>\n\n\n\n<p>Qeyd ed\u0259k ki, du d\u0259f\u0259ki t\u0259limin i\u015ftirak\u00e7\u0131lar\u0131 m\u00fcxt\u0259lif d\u00f6vl\u0259t qurumlar\u0131n\u0131n \u0259m\u0259kda\u015flar\u0131 olub. \u00a0\u00a0<\/p>\n\n\n\n<p><\/p>\n\n\n\n<figure class=\"wp-container-2 wp-block-gallery-1 wp-block-gallery columns-3 is-cropped\"><ul class=\"blocks-gallery-grid\"><li class=\"blocks-gallery-item\"><figure><img width=\"640\" height=\"424\" src=\"https:\/\/dia.edu.az\/wp-content\/uploads\/2021\/03\/06.11.jpg\" alt=\"\" data-id=\"12175\" data-full-url=\"https:\/\/dia.edu.az\/wp-content\/uploads\/2021\/03\/06.11.jpg\" data-link=\"https:\/\/dia.edu.az\/?attachment_id=12175\" class=\"wp-image-12175\" srcset=\"https:\/\/legacy.dia.edu.az\/wp-content\/uploads\/2021\/03\/06.11.jpg 640w, https:\/\/legacy.dia.edu.az\/wp-content\/uploads\/2021\/03\/06.11-300x199.jpg 300w, https:\/\/legacy.dia.edu.az\/wp-content\/uploads\/2021\/03\/06.11-16x12.jpg 16w, https:\/\/legacy.dia.edu.az\/wp-content\/uploads\/2021\/03\/06.11-150x100.jpg 150w, https:\/\/legacy.dia.edu.az\/wp-content\/uploads\/2021\/03\/06.11-300x199@2x.jpg 600w\" sizes=\"(max-width: 640px) 100vw, 640px\" \/><\/figure><\/li><li class=\"blocks-gallery-item\"><figure><img width=\"1024\" height=\"678\" src=\"https:\/\/dia.edu.az\/wp-content\/uploads\/2021\/03\/0610.jpg\" alt=\"\" data-id=\"12176\" data-full-url=\"https:\/\/dia.edu.az\/wp-content\/uploads\/2021\/03\/0610.jpg\" data-link=\"https:\/\/dia.edu.az\/?attachment_id=12176\" class=\"wp-image-12176\" srcset=\"https:\/\/legacy.dia.edu.az\/wp-content\/uploads\/2021\/03\/0610.jpg 1024w, https:\/\/legacy.dia.edu.az\/wp-content\/uploads\/2021\/03\/0610-300x199.jpg 300w, https:\/\/legacy.dia.edu.az\/wp-content\/uploads\/2021\/03\/0610-16x12.jpg 16w, https:\/\/legacy.dia.edu.az\/wp-content\/uploads\/2021\/03\/0610-150x100.jpg 150w, https:\/\/legacy.dia.edu.az\/wp-content\/uploads\/2021\/03\/0610-300x199@2x.jpg 600w\" sizes=\"(max-width: 1024px) 100vw, 1024px\" \/><\/figure><\/li><li class=\"blocks-gallery-item\"><figure><img width=\"640\" height=\"427\" src=\"https:\/\/dia.edu.az\/wp-content\/uploads\/2021\/03\/0611.jpg\" alt=\"\" data-id=\"12177\" data-full-url=\"https:\/\/dia.edu.az\/wp-content\/uploads\/2021\/03\/0611.jpg\" data-link=\"https:\/\/dia.edu.az\/?attachment_id=12177\" class=\"wp-image-12177\" srcset=\"https:\/\/legacy.dia.edu.az\/wp-content\/uploads\/2021\/03\/0611.jpg 640w, https:\/\/legacy.dia.edu.az\/wp-content\/uploads\/2021\/03\/0611-300x200.jpg 300w, https:\/\/legacy.dia.edu.az\/wp-content\/uploads\/2021\/03\/0611-16x12.jpg 16w, https:\/\/legacy.dia.edu.az\/wp-content\/uploads\/2021\/03\/0611-150x100.jpg 150w, https:\/\/legacy.dia.edu.az\/wp-content\/uploads\/2021\/03\/0611-300x200@2x.jpg 600w\" sizes=\"(max-width: 640px) 100vw, 640px\" \/><\/figure><\/li><\/ul><\/figure>","protected":false},"excerpt":{"rendered":"<p>Az\u0259rbaycan\u0131n yeni iqtisadi h\u0259d\u0259fl\u0259ri m\u00f6vzusunda birg\u0259 seminar ke\u00e7irilibNoy 06 , 2017 &#8211; 10:05 Az\u0259rbaycan Respublikas\u0131n\u0131n Prezidenti yan\u0131nda D\u00f6vl\u0259t \u0130dar\u0259\u00e7ilik Akademiyas\u0131 (D\u0130A) v\u0259 Az\u0259rbaycan Respublikas\u0131 \u0130qtisadi \u0130slahatlar\u0131n T\u0259hlili v\u0259 Kommunikasiya M\u0259rk\u0259zi (\u0130\u0130TKM) \u201cAz\u0259rbaycan\u0131n yeni iqtisadi h\u0259d\u0259fl\u0259ri\u201d m\u00f6vzusunda birg\u0259 seminar ke\u00e7irib. Seminar\u0131n a\u00e7\u0131l\u0131\u015f\u0131nda \u0130\u0130TKM-nin icra\u00e7\u0131 direktoru Dr. V\u00fcsal Qas\u0131ml\u0131 \u201cYeni iqtisadi model quruculu\u011fu\u201d m\u00f6vzusunda m\u0259ruz\u0259 il\u0259 \u00e7\u0131x\u0131\u015f [&hellip;]<\/p>","protected":false},"author":2,"featured_media":12176,"comment_status":"closed","ping_status":"closed","sticky":false,"template":"","format":"standard","meta":[],"categories":[137],"tags":[],"_links":{"self":[{"href":"https:\/\/legacy.dia.edu.az\/ru\/wp-json\/wp\/v2\/posts\/12174"}],"collection":[{"href":"https:\/\/legacy.dia.edu.az\/ru\/wp-json\/wp\/v2\/posts"}],"about":[{"href":"https:\/\/legacy.dia.edu.az\/ru\/wp-json\/wp\/v2\/types\/post"}],"author":[{"embeddable":true,"href":"https:\/\/legacy.dia.edu.az\/ru\/wp-json\/wp\/v2\/users\/2"}],"replies":[{"embeddable":true,"href":"https:\/\/legacy.dia.edu.az\/ru\/wp-json\/wp\/v2\/comments?post=12174"}],"version-history":[{"count":0,"href":"https:\/\/legacy.dia.edu.az\/ru\/wp-json\/wp\/v2\/posts\/12174\/revisions"}],"wp:featuredmedia":[{"embeddable":true,"href":"https:\/\/legacy.dia.edu.az\/ru\/wp-json\/wp\/v2\/media\/12176"}],"wp:attachment":[{"href":"https:\/\/legacy.dia.edu.az\/ru\/wp-json\/wp\/v2\/media?parent=12174"}],"wp:term":[{"taxonomy":"category","embeddable":true,"href":"https:\/\/legacy.dia.edu.az\/ru\/wp-json\/wp\/v2\/categories?post=12174"},{"taxonomy":"post_tag","embeddable":true,"href":"https:\/\/legacy.dia.edu.az\/ru\/wp-json\/wp\/v2\/tags?post=12174"}],"curies":[{"name":"wp","href":"https:\/\/api.w.org\/{rel}","templated":true}]}}