{"id":12163,"date":"2017-11-27T10:11:00","date_gmt":"2017-11-27T07:11:00","guid":{"rendered":"https:\/\/dia.edu.az\/?p=12163"},"modified":"2021-03-15T10:11:51","modified_gmt":"2021-03-15T07:11:51","slug":"dia-kollektivi-ucun-konsert-t%c9%99skil-edilmisdir","status":"publish","type":"post","link":"https:\/\/legacy.dia.edu.az\/ru\/arxivl\u0259r\/12163","title":{"rendered":"D\u0130A kollektivi \u00fc\u00e7\u00fcn konsert t\u0259\u015fkil edilmi\u015fdir"},"content":{"rendered":"<p><strong>D\u0130A kollektivi \u00fc\u00e7\u00fcn konsert t\u0259\u015fkil edilmi\u015fdir<\/strong><br><em>Noy 27 , 2017 &#8211; 10:17<\/em><\/p>\n\n\n\n<p>Noyabr 24-d\u0259 Az\u0259rbaycan Respublikas\u0131n\u0131n Prezidenti yan\u0131nda D\u00f6vl\u0259t \u0130dar\u0259\u00e7ilik Akademiyas\u0131 v\u0259 \u00dc.Hac\u0131b\u0259yli ad\u0131na Bak\u0131 Musiqi Akademiyas\u0131n\u0131n birg\u0259 t\u0259\u015fkilat\u00e7\u0131l\u0131\u011f\u0131 il\u0259 t\u0259dbir ke\u00e7irilmi\u015fdir. D\u0130A-n\u0131n kollektivi \u00fc\u00e7\u00fcn t\u0259\u015fkil edil\u0259n konsert proqram\u0131 M.Maqomayev ad\u0131na Az\u0259rbaycan D\u00f6vl\u0259t Filarmoniyas\u0131nda ke\u00e7irilmi\u015fdir. T\u0259dbir konsert proqram\u0131 il\u0259 davam edib. Az\u0259rbaycan Respublikas\u0131n\u0131n xalq artisti, Bak\u0131 Musiqi Akademiyas\u0131n\u0131n \u201cDirijorluq\u201d kafedras\u0131n\u0131n professoru Yal\u00e7\u0131n Ad\u0131g\u00f6z\u0259lovun dirijorlu\u011fu il\u0259 BMA-n\u0131n rektoru SSR\u0130 v\u0259 Az\u0259rbaycan Xalq artisti, professor F\u0259rhad B\u0259d\u0259lb\u0259yli v\u0259 dig\u0259r tan\u0131nm\u0131\u015f s\u0259n\u0259tkalar \u00e7\u0131x\u0131\u015f etmi\u015fl\u0259r.<\/p>\n\n\n\n<p><\/p>\n\n\n\n<figure class=\"wp-container-2 wp-block-gallery-1 wp-block-gallery columns-3 is-cropped\"><ul class=\"blocks-gallery-grid\"><li class=\"blocks-gallery-item\"><figure><img width=\"640\" height=\"423\" src=\"https:\/\/dia.edu.az\/wp-content\/uploads\/2021\/03\/28.11.jpg\" alt=\"\" data-id=\"12164\" data-full-url=\"https:\/\/dia.edu.az\/wp-content\/uploads\/2021\/03\/28.11.jpg\" data-link=\"https:\/\/dia.edu.az\/?attachment_id=12164\" class=\"wp-image-12164\" srcset=\"https:\/\/legacy.dia.edu.az\/wp-content\/uploads\/2021\/03\/28.11.jpg 640w, https:\/\/legacy.dia.edu.az\/wp-content\/uploads\/2021\/03\/28.11-300x198.jpg 300w, https:\/\/legacy.dia.edu.az\/wp-content\/uploads\/2021\/03\/28.11-16x12.jpg 16w, https:\/\/legacy.dia.edu.az\/wp-content\/uploads\/2021\/03\/28.11-150x100.jpg 150w, https:\/\/legacy.dia.edu.az\/wp-content\/uploads\/2021\/03\/28.11-300x198@2x.jpg 600w\" sizes=\"(max-width: 640px) 100vw, 640px\" \/><\/figure><\/li><li class=\"blocks-gallery-item\"><figure><img width=\"640\" height=\"423\" src=\"https:\/\/dia.edu.az\/wp-content\/uploads\/2021\/03\/2811.jpg\" alt=\"\" data-id=\"12165\" data-full-url=\"https:\/\/dia.edu.az\/wp-content\/uploads\/2021\/03\/2811.jpg\" data-link=\"https:\/\/dia.edu.az\/?attachment_id=12165\" class=\"wp-image-12165\" srcset=\"https:\/\/legacy.dia.edu.az\/wp-content\/uploads\/2021\/03\/2811.jpg 640w, https:\/\/legacy.dia.edu.az\/wp-content\/uploads\/2021\/03\/2811-300x198.jpg 300w, https:\/\/legacy.dia.edu.az\/wp-content\/uploads\/2021\/03\/2811-16x12.jpg 16w, https:\/\/legacy.dia.edu.az\/wp-content\/uploads\/2021\/03\/2811-150x100.jpg 150w, https:\/\/legacy.dia.edu.az\/wp-content\/uploads\/2021\/03\/2811-300x198@2x.jpg 600w\" sizes=\"(max-width: 640px) 100vw, 640px\" \/><\/figure><\/li><li class=\"blocks-gallery-item\"><figure><img width=\"640\" height=\"423\" src=\"https:\/\/dia.edu.az\/wp-content\/uploads\/2021\/03\/281117.jpg\" alt=\"\" data-id=\"12166\" data-full-url=\"https:\/\/dia.edu.az\/wp-content\/uploads\/2021\/03\/281117.jpg\" data-link=\"https:\/\/dia.edu.az\/?attachment_id=12166\" class=\"wp-image-12166\" srcset=\"https:\/\/legacy.dia.edu.az\/wp-content\/uploads\/2021\/03\/281117.jpg 640w, https:\/\/legacy.dia.edu.az\/wp-content\/uploads\/2021\/03\/281117-300x198.jpg 300w, https:\/\/legacy.dia.edu.az\/wp-content\/uploads\/2021\/03\/281117-16x12.jpg 16w, https:\/\/legacy.dia.edu.az\/wp-content\/uploads\/2021\/03\/281117-150x100.jpg 150w, https:\/\/legacy.dia.edu.az\/wp-content\/uploads\/2021\/03\/281117-300x198@2x.jpg 600w\" sizes=\"(max-width: 640px) 100vw, 640px\" \/><\/figure><\/li><\/ul><\/figure>","protected":false},"excerpt":{"rendered":"<p>D\u0130A kollektivi \u00fc\u00e7\u00fcn konsert t\u0259\u015fkil edilmi\u015fdirNoy 27 , 2017 &#8211; 10:17 Noyabr 24-d\u0259 Az\u0259rbaycan Respublikas\u0131n\u0131n Prezidenti yan\u0131nda D\u00f6vl\u0259t \u0130dar\u0259\u00e7ilik Akademiyas\u0131 v\u0259 \u00dc.Hac\u0131b\u0259yli ad\u0131na Bak\u0131 Musiqi Akademiyas\u0131n\u0131n birg\u0259 t\u0259\u015fkilat\u00e7\u0131l\u0131\u011f\u0131 il\u0259 t\u0259dbir ke\u00e7irilmi\u015fdir. D\u0130A-n\u0131n kollektivi \u00fc\u00e7\u00fcn t\u0259\u015fkil edil\u0259n konsert proqram\u0131 M.Maqomayev ad\u0131na Az\u0259rbaycan D\u00f6vl\u0259t Filarmoniyas\u0131nda ke\u00e7irilmi\u015fdir. T\u0259dbir konsert proqram\u0131 il\u0259 davam edib. Az\u0259rbaycan Respublikas\u0131n\u0131n xalq artisti, Bak\u0131 [&hellip;]<\/p>","protected":false},"author":2,"featured_media":12165,"comment_status":"closed","ping_status":"closed","sticky":false,"template":"","format":"standard","meta":[],"categories":[137],"tags":[],"_links":{"self":[{"href":"https:\/\/legacy.dia.edu.az\/ru\/wp-json\/wp\/v2\/posts\/12163"}],"collection":[{"href":"https:\/\/legacy.dia.edu.az\/ru\/wp-json\/wp\/v2\/posts"}],"about":[{"href":"https:\/\/legacy.dia.edu.az\/ru\/wp-json\/wp\/v2\/types\/post"}],"author":[{"embeddable":true,"href":"https:\/\/legacy.dia.edu.az\/ru\/wp-json\/wp\/v2\/users\/2"}],"replies":[{"embeddable":true,"href":"https:\/\/legacy.dia.edu.az\/ru\/wp-json\/wp\/v2\/comments?post=12163"}],"version-history":[{"count":0,"href":"https:\/\/legacy.dia.edu.az\/ru\/wp-json\/wp\/v2\/posts\/12163\/revisions"}],"wp:featuredmedia":[{"embeddable":true,"href":"https:\/\/legacy.dia.edu.az\/ru\/wp-json\/wp\/v2\/media\/12165"}],"wp:attachment":[{"href":"https:\/\/legacy.dia.edu.az\/ru\/wp-json\/wp\/v2\/media?parent=12163"}],"wp:term":[{"taxonomy":"category","embeddable":true,"href":"https:\/\/legacy.dia.edu.az\/ru\/wp-json\/wp\/v2\/categories?post=12163"},{"taxonomy":"post_tag","embeddable":true,"href":"https:\/\/legacy.dia.edu.az\/ru\/wp-json\/wp\/v2\/tags?post=12163"}],"curies":[{"name":"wp","href":"https:\/\/api.w.org\/{rel}","templated":true}]}}