{"id":12146,"date":"2017-12-07T01:04:00","date_gmt":"2017-12-06T22:04:00","guid":{"rendered":"https:\/\/dia.edu.az\/?p=12146"},"modified":"2021-03-15T01:06:13","modified_gmt":"2021-03-14T22:06:13","slug":"dovl%c9%99t-idar%c9%99cilik-akademiyasi-il%c9%99-maliyy%c9%99-bazarlarina-n%c9%99zar%c9%99t-palatasi-arasinda-anlasma-memorandumu-imzalanib","status":"publish","type":"post","link":"https:\/\/legacy.dia.edu.az\/ru\/arxivl\u0259r\/12146","title":{"rendered":"D\u00f6vl\u0259t \u0130dar\u0259\u00e7ilik Akademiyas\u0131 il\u0259 Maliyy\u0259 Bazarlar\u0131na N\u0259zar\u0259t Palatas\u0131 aras\u0131nda Anla\u015fma Memorandumu imzalan\u0131b"},"content":{"rendered":"<p><\/p>\n\n\n\n<p><strong>D\u00f6vl\u0259t \u0130dar\u0259\u00e7ilik Akademiyas\u0131 il\u0259 Maliyy\u0259 Bazarlar\u0131na N\u0259zar\u0259t Palatas\u0131 aras\u0131nda Anla\u015fma Memorandumu imzalan\u0131b<\/strong><br><em>Dek 07 , 2017 &#8211; 04:12<\/em><\/p>\n\n\n\n<p>\u201cAz\u0259rbaycan Respublikas\u0131nda maliyy\u0259 xidm\u0259tl\u0259rinin inki\u015faf\u0131na dair Strateji Yol X\u0259rit\u0259si\u201dnin vacib b\u00f6lm\u0259l\u0259rind\u0259n biri olan \u00f6lk\u0259d\u0259 maliyy\u0259 sah\u0259sind\u0259 bilik v\u0259 bacar\u0131qlar\u0131n art\u0131r\u0131lmas\u0131 istiqam\u0259tind\u0259 h\u0259yata ke\u00e7iril\u0259n t\u0259dbirl\u0259r \u00e7\u0259r\u00e7iv\u0259sind\u0259 dekabr\u0131n 7-d\u0259 Az\u0259rbaycan Respublikas\u0131n\u0131n Prezidenti yan\u0131nda D\u00f6vl\u0259t \u0130dar\u0259\u00e7ilik Akademiyas\u0131 il\u0259 Maliyy\u0259 Bazarlar\u0131na N\u0259zar\u0259t Palatas\u0131 aras\u0131nda Anla\u015fma Memorandumu imzalan\u0131b.<\/p>\n\n\n\n<p>Memorandum ulu \u00f6nd\u0259r Heyd\u0259r \u018fliyevin \u0259sas\u0131n\u0131 qoydu\u011fu v\u0259 Prezident \u0130lham \u018fliyev t\u0259r\u0259find\u0259n u\u011furla davam etdiril\u0259n iqtisadi inki\u015faf strategiyas\u0131n\u0131n davaml\u0131l\u0131\u011f\u0131n\u0131n t\u0259min olunmas\u0131nda i\u015ftirak, \u0259halinin, o c\u00fcml\u0259d\u0259n m\u00fcvafiq ixtisas sahibl\u0259rinin maliyy\u0259 bazarlar\u0131, onun m\u0259hsul v\u0259 xidm\u0259tl\u0259ri bar\u0259d\u0259 maarifl\u0259ndirilm\u0259si, maliyy\u0259 bazarlar\u0131n\u0131n inki\u015faf\u0131na dair elmi t\u0259dqiqatlar\u0131n apar\u0131lmas\u0131, orta v\u0259 ali t\u0259hsil m\u00fc\u0259ssis\u0259l\u0259rind\u0259 maliyy\u0259 bazarlar\u0131 il\u0259 ba\u011fl\u0131 bilikl\u0259rin t\u0259drisin\u0259 d\u0259st\u0259k verilm\u0259si, maliyy\u0259 bazarlar\u0131 \u00fczr\u0259 y\u00fcks\u0259kixtisasl\u0131 kadrlar\u0131n haz\u0131rlanmas\u0131 istiqam\u0259tind\u0259 \u0259m\u0259kda\u015fl\u0131q m\u0259s\u0259l\u0259l\u0259rini \u0259hat\u0259 edir. S\u0259n\u0259di Az\u0259rbaycan Respublikas\u0131n\u0131n Prezidenti yan\u0131nda D\u00f6vl\u0259t \u0130dar\u0259\u00e7ilik Akademiyas\u0131n\u0131n rektoru, akademik Urxan \u018fl\u0259kb\u0259rov v\u0259 Maliyy\u0259 Bazarlar\u0131na N\u0259zar\u0259t Palatas\u0131n\u0131n ba\u015f icra\u00e7\u0131 direktoru \u0130brahim Al\u0131\u015fov imzalay\u0131blar.<\/p>\n\n\n\n<p>Memorandumun \u0259sas prinsipi v\u0259 mahiyy\u0259ti s\u0259m\u0259r\u0259li \u0259m\u0259kda\u015fl\u0131q n\u0259tic\u0259sind\u0259 t\u0259hsil, elm, t\u0259lim-t\u0259dris v\u0259 bu istiqam\u0259td\u0259 inki\u015fafy\u00f6n\u00fcml\u00fc \u0259m\u0259kda\u015fl\u0131\u011f\u0131n geni\u015fl\u0259ndirilm\u0259si m\u0259s\u0259l\u0259l\u0259ri \u00fczr\u0259 m\u00fcxt\u0259lif sah\u0259l\u0259rd\u0259 m\u00fc\u015ft\u0259r\u0259k proqramlar\u0131n haz\u0131rlanmas\u0131 v\u0259 m\u00fcvafiq layih\u0259l\u0259rin h\u0259yata ke\u00e7irilm\u0259si, habel\u0259 maliyy\u0259 d\u0259st\u0259yi v\u0259 texniki d\u0259st\u0259k g\u00f6st\u0259r\u0259r\u0259k onlar\u0131n icra olunmas\u0131 istiqam\u0259tind\u0259 m\u00fcvafiq v\u0259zif\u0259l\u0259rin h\u0259yata ke\u00e7irilm\u0259sind\u0259n ibar\u0259tdir.<\/p>\n\n\n\n<p>\u0130mzalanma m\u0259rasimind\u0259 \u00e7\u0131x\u0131\u015f ed\u0259n Urxan \u018fl\u0259kb\u0259rov \u00f6lk\u0259mizd\u0259 nadir idar\u0259\u00e7ilik texnologiyalar\u0131n\u0131n t\u0259tbiqi, \u00e7evik d\u00f6vl\u0259t idar\u0259etm\u0259 sisteminin formala\u015fmas\u0131, elm\u0259 \u0259saslanan innovativ inki\u015faf strategiyas\u0131n\u0131n realla\u015fd\u0131r\u0131lmas\u0131, d\u00f6vl\u0259t quruculu\u011fu v\u0259 d\u00f6vl\u0259t qullu\u011funun inki\u015faf\u0131 prosesl\u0259rind\u0259 \u00fcmummilli lider Heyd\u0259r \u018fliyevin v\u0259 onun layiqli davam\u00e7\u0131s\u0131 Prezident \u0130lham \u018fliyevin misilsiz xidm\u0259tl\u0259rini qeyd edib. Rektor vur\u011fulay\u0131b ki, \u00f6lk\u0259nin q\u0131sa m\u00fcdd\u0259td\u0259 iqtisadi v\u0259 sosial sah\u0259d\u0259 qazand\u0131\u011f\u0131 y\u00fcks\u0259k nailiyy\u0259tl\u0259ri, XXI \u0259srin \u00e7a\u011f\u0131r\u0131\u015flar\u0131n\u0131n h\u0259llin\u0259 y\u00f6n\u0259lmi\u015f d\u00fcnya \u0259h\u0259miyy\u0259tli t\u0259\u015f\u0259bb\u00fcsl\u0259ri, ild\u0259n-il\u0259 artan beyn\u0259lxalq n\u00fcfuzu Az\u0259rbaycan\u0131 bir \u00e7ox istiqam\u0259tl\u0259rd\u0259 regional v\u0259 qlobal lider\u0259 \u00e7evirib.<\/p>\n\n\n\n<p>Qeyd edilib ki, son 10 ild\u0259 \u00f6lk\u0259mizd\u0259 davaml\u0131 inki\u015faf \u00fc\u00e7\u00fcn iqtisadi v\u0259 elmi-texniki baza yarad\u0131l\u0131b. Eyni zamanda, beyn\u0259lxalq t\u0259\u015fkilatlar\u0131n r\u0259smi m\u0259lumatlar\u0131na \u0259sas\u0259n, Az\u0259rbaycan son ill\u0259rd\u0259 bir \u00e7ox davaml\u0131 inki\u015faf g\u00f6st\u0259ricil\u0259ri v\u0259 sosial indikatorlara g\u00f6r\u0259, d\u00fcnya liderl\u0259ri olan \u201cB\u00f6y\u00fck \u0130yirmilik\u201d v\u0259 \u201cB\u00f6y\u00fck Yeddilik\u201d \u00f6lk\u0259l\u0259rinin \u0259ks\u0259riyy\u0259tini \u00fcst\u0259l\u0259yir. Rektor bu u\u011furlar\u0131n k\u00f6k\u00fcnd\u0259 yaln\u0131z m\u00fck\u0259mm\u0259l idar\u0259\u00e7iliyin v\u0259 d\u00f6vl\u0259t institutlar\u0131n\u0131n, v\u0259t\u0259nda\u015f c\u0259miyy\u0259tinin v\u0259 \u00f6z\u0259l sektorun birg\u0259 f\u0259aliyy\u0259tinin dayand\u0131\u011f\u0131n\u0131 bildirib. Haz\u0131rda milli iqtisadiyyat\u0131n \u015fax\u0259l\u0259ndirilm\u0259si, Strateji Yol X\u0259rit\u0259sind\u0259n ir\u0259li g\u0259l\u0259n v\u0259zif\u0259l\u0259rin icras\u0131n\u0131n t\u0259min edilm\u0259si d\u00f6vl\u0259t idar\u0259\u00e7iliyi v\u0259 icra hakimiyy\u0259ti orqanlar\u0131 \u00fc\u00e7\u00fcn m\u00fcvafiq ixtisaslar \u00fczr\u0259 m\u00fct\u0259x\u0259ssis haz\u0131rl\u0131\u011f\u0131 s\u0259viyy\u0259sind\u0259n birba\u015fa as\u0131l\u0131d\u0131r. Rektor iki qurum aras\u0131nda imzalanan Memorandumun bu m\u0259qs\u0259d\u0259 xidm\u0259t etdiyini s\u00f6yl\u0259yib.<\/p>\n\n\n\n<p>\u0130brahim Al\u0131\u015fov bildirib ki, \u00f6lk\u0259d\u0259 idar\u0259\u00e7ilik sah\u0259sind\u0259 pe\u015f\u0259kar kadrlar\u0131n yeti\u015fdirilm\u0259sin\u0259 x\u00fcsusi diqq\u0259t ay\u0131ran qabaqc\u0131l apar\u0131c\u0131 t\u0259dris, metodik, elm v\u0259 analitik informasiya m\u0259rk\u0259zi olan D\u00f6vl\u0259t \u0130dar\u0259\u00e7ilik Akademiyas\u0131 il\u0259 birg\u0259 \u0259m\u0259kda\u015fl\u0131q Strateji Yol X\u0259rit\u0259sinin icras\u0131 istiqam\u0259tind\u0259 at\u0131lan \u00f6n\u0259mli add\u0131mlardan biri kimi s\u0259ciyy\u0259l\u0259ndirilm\u0259lidir. O qeyd edib ki, Akademiya il\u0259 birlikd\u0259 500-d\u0259n \u00e7ox t\u0259l\u0259b\u0259, m\u00fcdavim v\u0259 d\u00f6vl\u0259t qulluq\u00e7usunun maliyy\u0259 bilikl\u0259rinin art\u0131r\u0131lmas\u0131nda i\u015ftirak, birg\u0259 layih\u0259l\u0259rin, elmi-praktik konfranslar\u0131n, seminarlar\u0131n, simpoziumlar\u0131n t\u0259\u015fkil edilm\u0259si, burada t\u0259hsil alan t\u0259l\u0259b\u0259l\u0259rin Palatada istehsalat t\u0259cr\u00fcb\u0259l\u0259ri ke\u00e7m\u0259l\u0259rin\u0259 \u015f\u0259rait yarad\u0131lmas\u0131, Palatan\u0131n \u0259m\u0259kda\u015flar\u0131 \u00fc\u00e7\u00fcn uzunm\u00fcdd\u0259tli v\u0259 q\u0131sam\u00fcdd\u0259tli kurslar\u0131n t\u0259\u015fkil olunmas\u0131 v\u0259 dig\u0259r innovativ t\u0259dbirl\u0259r n\u00f6vb\u0259ti 5 il \u00fc\u00e7\u00fcn n\u0259z\u0259rd\u0259 tutulmu\u015f f\u0259aliyy\u0259t plan\u0131na daxildir.<\/p>\n\n\n\n<p><\/p>\n\n\n\n<figure class=\"wp-container-2 wp-block-gallery-1 wp-block-gallery columns-3 is-cropped\"><ul class=\"blocks-gallery-grid\"><li class=\"blocks-gallery-item\"><figure><img width=\"640\" height=\"424\" src=\"https:\/\/dia.edu.az\/wp-content\/uploads\/2021\/03\/07.12.jpg\" alt=\"\" data-id=\"12147\" data-full-url=\"https:\/\/dia.edu.az\/wp-content\/uploads\/2021\/03\/07.12.jpg\" data-link=\"https:\/\/dia.edu.az\/?attachment_id=12147\" class=\"wp-image-12147\" srcset=\"https:\/\/legacy.dia.edu.az\/wp-content\/uploads\/2021\/03\/07.12.jpg 640w, https:\/\/legacy.dia.edu.az\/wp-content\/uploads\/2021\/03\/07.12-300x199.jpg 300w, https:\/\/legacy.dia.edu.az\/wp-content\/uploads\/2021\/03\/07.12-16x12.jpg 16w, https:\/\/legacy.dia.edu.az\/wp-content\/uploads\/2021\/03\/07.12-150x100.jpg 150w, https:\/\/legacy.dia.edu.az\/wp-content\/uploads\/2021\/03\/07.12-300x199@2x.jpg 600w\" sizes=\"(max-width: 640px) 100vw, 640px\" \/><\/figure><\/li><li class=\"blocks-gallery-item\"><figure><img width=\"640\" height=\"424\" src=\"https:\/\/dia.edu.az\/wp-content\/uploads\/2021\/03\/0712.17.jpg\" alt=\"\" data-id=\"12148\" data-full-url=\"https:\/\/dia.edu.az\/wp-content\/uploads\/2021\/03\/0712.17.jpg\" data-link=\"https:\/\/dia.edu.az\/?attachment_id=12148\" class=\"wp-image-12148\" srcset=\"https:\/\/legacy.dia.edu.az\/wp-content\/uploads\/2021\/03\/0712.17.jpg 640w, https:\/\/legacy.dia.edu.az\/wp-content\/uploads\/2021\/03\/0712.17-300x199.jpg 300w, https:\/\/legacy.dia.edu.az\/wp-content\/uploads\/2021\/03\/0712.17-16x12.jpg 16w, https:\/\/legacy.dia.edu.az\/wp-content\/uploads\/2021\/03\/0712.17-150x100.jpg 150w, https:\/\/legacy.dia.edu.az\/wp-content\/uploads\/2021\/03\/0712.17-300x199@2x.jpg 600w\" sizes=\"(max-width: 640px) 100vw, 640px\" \/><\/figure><\/li><li class=\"blocks-gallery-item\"><figure><img width=\"640\" height=\"424\" src=\"https:\/\/dia.edu.az\/wp-content\/uploads\/2021\/03\/0712.jpg\" alt=\"\" data-id=\"12149\" data-full-url=\"https:\/\/dia.edu.az\/wp-content\/uploads\/2021\/03\/0712.jpg\" data-link=\"https:\/\/dia.edu.az\/?attachment_id=12149\" class=\"wp-image-12149\" srcset=\"https:\/\/legacy.dia.edu.az\/wp-content\/uploads\/2021\/03\/0712.jpg 640w, https:\/\/legacy.dia.edu.az\/wp-content\/uploads\/2021\/03\/0712-300x199.jpg 300w, https:\/\/legacy.dia.edu.az\/wp-content\/uploads\/2021\/03\/0712-16x12.jpg 16w, https:\/\/legacy.dia.edu.az\/wp-content\/uploads\/2021\/03\/0712-150x100.jpg 150w, https:\/\/legacy.dia.edu.az\/wp-content\/uploads\/2021\/03\/0712-300x199@2x.jpg 600w\" sizes=\"(max-width: 640px) 100vw, 640px\" \/><\/figure><\/li><li class=\"blocks-gallery-item\"><figure><img width=\"640\" height=\"424\" src=\"https:\/\/dia.edu.az\/wp-content\/uploads\/2021\/03\/071217.jpg\" alt=\"\" data-id=\"12150\" data-full-url=\"https:\/\/dia.edu.az\/wp-content\/uploads\/2021\/03\/071217.jpg\" data-link=\"https:\/\/dia.edu.az\/?attachment_id=12150\" class=\"wp-image-12150\" srcset=\"https:\/\/legacy.dia.edu.az\/wp-content\/uploads\/2021\/03\/071217.jpg 640w, https:\/\/legacy.dia.edu.az\/wp-content\/uploads\/2021\/03\/071217-300x199.jpg 300w, https:\/\/legacy.dia.edu.az\/wp-content\/uploads\/2021\/03\/071217-16x12.jpg 16w, https:\/\/legacy.dia.edu.az\/wp-content\/uploads\/2021\/03\/071217-150x100.jpg 150w, https:\/\/legacy.dia.edu.az\/wp-content\/uploads\/2021\/03\/071217-300x199@2x.jpg 600w\" sizes=\"(max-width: 640px) 100vw, 640px\" \/><\/figure><\/li><\/ul><\/figure>","protected":false},"excerpt":{"rendered":"<p>D\u00f6vl\u0259t \u0130dar\u0259\u00e7ilik Akademiyas\u0131 il\u0259 Maliyy\u0259 Bazarlar\u0131na N\u0259zar\u0259t Palatas\u0131 aras\u0131nda Anla\u015fma Memorandumu imzalan\u0131bDek 07 , 2017 &#8211; 04:12 \u201cAz\u0259rbaycan Respublikas\u0131nda maliyy\u0259 xidm\u0259tl\u0259rinin inki\u015faf\u0131na dair Strateji Yol X\u0259rit\u0259si\u201dnin vacib b\u00f6lm\u0259l\u0259rind\u0259n biri olan \u00f6lk\u0259d\u0259 maliyy\u0259 sah\u0259sind\u0259 bilik v\u0259 bacar\u0131qlar\u0131n art\u0131r\u0131lmas\u0131 istiqam\u0259tind\u0259 h\u0259yata ke\u00e7iril\u0259n t\u0259dbirl\u0259r \u00e7\u0259r\u00e7iv\u0259sind\u0259 dekabr\u0131n 7-d\u0259 Az\u0259rbaycan Respublikas\u0131n\u0131n Prezidenti yan\u0131nda D\u00f6vl\u0259t \u0130dar\u0259\u00e7ilik Akademiyas\u0131 il\u0259 Maliyy\u0259 Bazarlar\u0131na N\u0259zar\u0259t [&hellip;]<\/p>","protected":false},"author":2,"featured_media":12147,"comment_status":"closed","ping_status":"closed","sticky":false,"template":"","format":"standard","meta":[],"categories":[137],"tags":[],"_links":{"self":[{"href":"https:\/\/legacy.dia.edu.az\/ru\/wp-json\/wp\/v2\/posts\/12146"}],"collection":[{"href":"https:\/\/legacy.dia.edu.az\/ru\/wp-json\/wp\/v2\/posts"}],"about":[{"href":"https:\/\/legacy.dia.edu.az\/ru\/wp-json\/wp\/v2\/types\/post"}],"author":[{"embeddable":true,"href":"https:\/\/legacy.dia.edu.az\/ru\/wp-json\/wp\/v2\/users\/2"}],"replies":[{"embeddable":true,"href":"https:\/\/legacy.dia.edu.az\/ru\/wp-json\/wp\/v2\/comments?post=12146"}],"version-history":[{"count":0,"href":"https:\/\/legacy.dia.edu.az\/ru\/wp-json\/wp\/v2\/posts\/12146\/revisions"}],"wp:featuredmedia":[{"embeddable":true,"href":"https:\/\/legacy.dia.edu.az\/ru\/wp-json\/wp\/v2\/media\/12147"}],"wp:attachment":[{"href":"https:\/\/legacy.dia.edu.az\/ru\/wp-json\/wp\/v2\/media?parent=12146"}],"wp:term":[{"taxonomy":"category","embeddable":true,"href":"https:\/\/legacy.dia.edu.az\/ru\/wp-json\/wp\/v2\/categories?post=12146"},{"taxonomy":"post_tag","embeddable":true,"href":"https:\/\/legacy.dia.edu.az\/ru\/wp-json\/wp\/v2\/tags?post=12146"}],"curies":[{"name":"wp","href":"https:\/\/api.w.org\/{rel}","templated":true}]}}