{"id":12133,"date":"2017-12-21T01:01:00","date_gmt":"2017-12-20T22:01:00","guid":{"rendered":"https:\/\/dia.edu.az\/?p=12133"},"modified":"2021-03-15T01:02:08","modified_gmt":"2021-03-14T22:02:08","slug":"dovl%c9%99t-idar%c9%99cilik-akademiyasinda-prezident-ilham-%c9%99liyev-v%c9%99-az%c9%99rbaycan-tarix-elmi-movzusunda-elmi-konfrans-kecirilib","status":"publish","type":"post","link":"https:\/\/legacy.dia.edu.az\/ru\/arxivl\u0259r\/12133","title":{"rendered":"D\u00f6vl\u0259t \u0130dar\u0259\u00e7ilik Akademiyas\u0131nda \u201cPrezident \u0130lham \u018fliyev v\u0259 Az\u0259rbaycan tarix elmi\u201d m\u00f6vzusunda elmi konfrans ke\u00e7irilib"},"content":{"rendered":"<p><\/p>\n\n\n\n<p><strong>D\u00f6vl\u0259t \u0130dar\u0259\u00e7ilik Akademiyas\u0131nda \u201cPrezident \u0130lham \u018fliyev v\u0259 Az\u0259rbaycan tarix elmi\u201d m\u00f6vzusunda elmi konfrans ke\u00e7irilib<\/strong><br><em>Dek 21 , 2017 &#8211; 06:02<\/em><\/p>\n\n\n\n<p>Dekabr\u0131n&nbsp;21-d\u0259&nbsp;Az\u0259rbaycanMilliElml\u0259rAkademiyas\u0131n\u0131n&nbsp;(AMEA)&nbsp;A.Bak\u0131xanovad\u0131naTarix&nbsp;\u0130nstitutununv\u0259&nbsp;Az\u0259rbaycanRespublikas\u0131n\u0131nPrezidentiyan\u0131ndaD\u00f6vl\u0259t&nbsp;\u0130dar\u0259\u00e7ilikAkademiyas\u0131n\u0131n&nbsp;(D\u0130A)&nbsp;birg\u0259&nbsp;t\u0259\u015fkilat\u00e7\u0131l\u0131\u011f\u0131&nbsp;il\u0259 \u201cPrezident&nbsp;\u0130lham&nbsp;\u018fliyevv\u0259&nbsp;Az\u0259rbaycantarixelmi\u201d&nbsp;m\u00f6vzusundaelmikonfranske\u00e7irilib.<\/p>\n\n\n\n<p>D\u0130A-n\u0131n n\u0259zdind\u0259 f\u0259aliyy\u0259t g\u00f6st\u0259r\u0259n \u201cHeyd\u0259r \u018fliyev D\u00f6vl\u0259t \u0130dar\u0259\u00e7iliyi M\u0259kt\u0259bi\u201dnd\u0259 t\u0259\u015fkil olunan konfransda bu ali t\u0259hsil oca\u011f\u0131n\u0131n rektoru, akademik Urxan \u018fl\u0259kb\u0259rov \u00fcmummilli lider Heyd\u0259r \u018fliyevin tarix elmi qar\u015f\u0131s\u0131nda m\u00fch\u00fcm xidm\u0259tl\u0259rind\u0259n s\u00f6z a\u00e7\u0131b, Ulu \u00d6nd\u0259rin siyasi x\u0259ttinin Prezident \u0130lham \u018fliyev t\u0259r\u0259find\u0259n \u0259zml\u0259 davam etdirildiyini diqq\u0259t\u0259 \u00e7atd\u0131r\u0131b.<\/p>\n\n\n\n<p>Rektor bu g\u00fcn \u0259ld\u0259 edil\u0259n nailiyy\u0259tl\u0259rin \u0259sas\u0131nda Prezident \u0130lham \u018fliyevin h\u0259yata ke\u00e7irdiyi innovativ inki\u015faf strategiyas\u0131n\u0131n dayand\u0131\u011f\u0131n\u0131 bildirib, bu strategiyan\u0131n realla\u015fd\u0131r\u0131lmas\u0131nda \u00f6lk\u0259nin Birinci vitse-prezidenti Mehriban \u018fliyevan\u0131n x\u00fcsusi rolunu vur\u011fulay\u0131b. Urxan \u018fl\u0259kb\u0259rov m\u00fcvafiq sah\u0259d\u0259 d\u00f6vl\u0259t qurumlar\u0131 il\u0259 yana\u015f\u0131, v\u0259t\u0259nda\u015f c\u0259miyy\u0259tinin, x\u00fcsus\u0259n d\u0259 Heyd\u0259r \u018fliyev Fondunun \u00f6n\u0259mli f\u0259aliyy\u0259tind\u0259n d\u0259 b\u0259hs edib.<\/p>\n\n\n\n<p>Tarix \u0130nstitutunun direktoru, Milli M\u0259clisin deputat\u0131, akademik Yaqub Mahmudov bildirib ki, r\u0259hb\u0259rlik etdiyi elm m\u00fc\u0259ssis\u0259sinin elmi-t\u0259dqiqat f\u0259aliyy\u0259ti \u00f6lk\u0259 r\u0259hb\u0259rliyinin daim diqq\u0259t m\u0259rk\u0259zind\u0259dir. O deyib: \u201cTarix \u0130nstitutunda apar\u0131lan t\u0259dqiqatlar Prezident \u0130lham \u018fliyevin t\u0259\u015f\u0259bb\u00fcs\u00fc, \u00e7a\u011f\u0131r\u0131\u015flar\u0131 v\u0259 tap\u015f\u0131r\u0131qlar\u0131 \u0259sas\u0131nda h\u0259yata ke\u00e7irilir. D\u00f6vl\u0259timizin ba\u015f\u00e7\u0131s\u0131n\u0131n institutu \u00f6lk\u0259mizd\u0259 tarix \u00fczr\u0259 ara\u015fd\u0131rmalar\u0131n m\u0259rk\u0259zi kimi d\u0259y\u0259rl\u0259ndirm\u0259sinin b\u00fct\u00fcn m\u0259suliyy\u0259tini d\u0259rind\u0259n d\u0259rk edirik. Biz tarix\u00e7i-aliml\u0259r \u00f6lk\u0259 r\u0259hb\u0259rinin tap\u015f\u0131r\u0131qlar\u0131n\u0131 y\u00fcks\u0259k s\u0259viyy\u0259d\u0259 yerin\u0259 yetirm\u0259k \u00fc\u00e7\u00fcn b\u00fct\u00fcn q\u00fcvv\u0259l\u0259rimizi s\u0259f\u0259r ed\u0259c\u0259yik\u201d.<\/p>\n\n\n\n<p>Diqq\u0259t\u0259 \u00e7atd\u0131r\u0131l\u0131b ki, 2012-ci ild\u0259 Prezident \u0130lham \u018fliyevin m\u00fcvafiq S\u0259r\u0259ncam\u0131 il\u0259 Qaraba\u011f\u0131n, Nax\u00e7\u0131van\u0131n v\u0259 \u0130r\u0259van xanl\u0131\u011f\u0131n\u0131n tarixin\u0259 dair silsil\u0259 \u0259s\u0259rl\u0259r\u0259 g\u00f6r\u0259 Tarix \u0130nstitutunun 13 \u0259m\u0259kda\u015f\u0131na \u201cAz\u0259rbaycan Respublikas\u0131n\u0131n D\u00f6vl\u0259t M\u00fckafat\u0131 laureat\u0131\u201d f\u0259xri ad\u0131 verilib.<\/p>\n\n\n\n<p>\u201cM\u0259hz d\u00f6vl\u0259timizin ba\u015f\u00e7\u0131s\u0131n\u0131n qay\u011f\u0131s\u0131 say\u0259sind\u0259 son ill\u0259rd\u0259 Tarix \u0130nstitutunda 400-d\u0259k t\u0259dqiqat \u0259s\u0259ri i\u015f\u0131q \u00fcz\u00fc g\u00f6r\u00fcb. Xalq\u0131m\u0131za \u201c26 Bak\u0131 komissar\u0131\u201d ad\u0131 il\u0259 t\u0259qdim olunan, Az\u0259rbaycan xalq\u0131na qar\u015f\u0131 soyq\u0131r\u0131m\u0131 cinay\u0259ti t\u00f6r\u0259tmi\u015f Stepan \u015eaumyan\u0131n v\u0259 dig\u0259r c\u0259lladlar\u0131n c\u0259s\u0259dl\u0259rinin qal\u0131qlar\u0131n\u0131n Bak\u0131n\u0131n m\u0259rk\u0259zind\u0259n \u015f\u0259h\u0259r q\u0259biristanl\u0131\u011f\u0131na k\u00f6\u00e7\u00fcr\u00fclm\u0259si q\u0259rar\u0131 il\u0259 d\u00f6vl\u0259timizin ba\u015f\u00e7\u0131s\u0131 \u015f\u00fcurlarda inqilab etdi. Ulu \u00f6nd\u0259r Heyd\u0259r \u018fliyevin v\u0259siyy\u0259tin\u0259 uy\u011fun olaraq \u0130lham \u018fliyevin prezidentliyi d\u00f6vr\u00fcnd\u0259 Tarix \u0130nstitutu ikicildlik \u201cAz\u0259rbaycan Xalq C\u00fcmhuriyy\u0259ti Ensiklopediyas\u0131\u201dn\u0131 \u00e7ap etdirib. Bu ensiklopediya Az\u0259rbaycan Xalq C\u00fcmhuriyy\u0259ti tarixinin b\u00fct\u00fcn sah\u0259l\u0259rini \u0259hat\u0259 ed\u0259n ilk fundamental elmi soraq \u0259s\u0259ridir\u201d, &#8211; dey\u0259 Yaqub Mahmudov vur\u011fulay\u0131b. Bildirilib ki, Prezident \u0130lham \u018fliyev ulu \u00f6nd\u0259r Heyd\u0259r \u018fliyev kimi tariximiz\u0259 sahib \u00e7\u0131xan, onu dir\u00e7\u0259ld\u0259n, qoruyan, inki\u015faf etdir\u0259n d\u00f6vl\u0259t ba\u015f\u00e7\u0131s\u0131d\u0131r, tarix yaradan tarixi \u015f\u0259xsiyy\u0259tdir.<\/p>\n\n\n\n<p>Konfrans \u00e7\u0259r\u00e7iv\u0259sind\u0259 \u00f6lk\u0259 ba\u015f\u00e7\u0131s\u0131n\u0131n t\u0259\u015f\u0259bb\u00fcs\u00fc il\u0259 Tarix \u0130nstitutunda \u00e7ap olunan elmi \u0259s\u0259rl\u0259rin t\u0259qdimat\u0131 v\u0259 1000-d\u0259k kitab\u0131n s\u0259rgisi olub. Yaqub Mahmudov institutun n\u0259\u015frl\u0259rini Qaraba\u011f Ara\u015fd\u0131rmalar M\u0259rk\u0259zin\u0259 v\u0259 D\u0130A-n\u0131n elmi kitabxanas\u0131na h\u0259diyy\u0259 edib.<\/p>\n\n\n\n<p>D\u00f6vl\u0259t \u0130dar\u0259\u00e7ilik Akademiyas\u0131n\u0131n professoru, siyasi elml\u0259r doktoru, Qaraba\u011f Ara\u015fd\u0131rmalar M\u0259rk\u0259zinin r\u0259hb\u0259ri El\u00e7in \u018fhm\u0259dov diqq\u0259t\u0259 \u00e7atd\u0131r\u0131b ki, \u00fcmummilli lider Heyd\u0259r \u018fliyevin \u0259sas\u0131n\u0131 qoydu\u011fu siyas\u0259t bu g\u00fcn Prezident \u0130lham \u018fliyev t\u0259r\u0259find\u0259n l\u0259yaq\u0259tl\u0259, m\u00fcasir d\u00f6vr\u00fcn t\u0259l\u0259bl\u0259rin\u0259 uy\u011fun, novatorcas\u0131na davam etdirilir. B\u00fct\u00fcn sah\u0259l\u0259rd\u0259 b\u00f6y\u00fck u\u011furlara imza atan Az\u0259rbaycan\u0131n beyn\u0259lxalq m\u00f6vqeyi g\u00fcnd\u0259n-g\u00fcn\u0259 m\u00f6hk\u0259ml\u0259nir. C\u0259nubi Qafqazda lider d\u00f6vl\u0259t\u0259 \u00e7evril\u0259n Az\u0259rbaycanda t\u0259\u015fkil olunan m\u00f6t\u0259b\u0259r beyn\u0259lxalq t\u0259dbirl\u0259r, \u00f6lk\u0259mizin d\u00fcnyaya inteqrasiyas\u0131 istiqam\u0259tind\u0259 at\u0131lan add\u0131mlar v\u0259 \u0259ld\u0259 olunan nailiyy\u0259tl\u0259r respublikam\u0131z\u0131n, \u0259sl m\u0259nada, inki\u015faf d\u00f6vr\u00fc ya\u015famas\u0131n\u0131n bariz g\u00f6st\u0259ricisidir. Bu, b\u00fct\u00fcn sah\u0259l\u0259rd\u0259 oldu\u011fu kimi, Az\u0259rbaycan\u0131n tarix elminin inki\u015faf etdirilm\u0259si bax\u0131m\u0131ndan da d\u0259y\u0259rlidir.<\/p>\n\n\n\n<p>El\u00e7in \u018fhm\u0259dov AMEA-n\u0131n 70 illik yubileyind\u0259 Prezident \u0130lham \u018fliyevin \u00e7\u0131x\u0131\u015f\u0131n\u0131 xat\u0131rladaraq d\u00f6vl\u0259timizin ba\u015f\u00e7\u0131s\u0131n\u0131n Az\u0259rbaycan tarixinin yenid\u0259n yaz\u0131lmas\u0131 il\u0259 ba\u011fl\u0131 ortaya qoydu\u011fu siyasi irad\u0259nin t\u0259qdir\u0259layiq oldu\u011funu vur\u011fulay\u0131b. O, Prezident \u0130lham \u018fliyevin Tarix \u0130nstitutunun \u0130r\u0259van tarixi il\u0259 ba\u011fl\u0131 obyektiv ara\u015fd\u0131rmalar\u0131n\u0131 v\u0259 bu ara\u015fd\u0131rmalar\u0131n xarici dill\u0259r\u0259 t\u0259rc\u00fcm\u0259 olunmas\u0131n\u0131 alq\u0131\u015flad\u0131\u011f\u0131n\u0131 diqq\u0259t\u0259 \u00e7atd\u0131r\u0131b. \u201cD\u00f6vl\u0259timizin ba\u015f\u00e7\u0131s\u0131 yubiley t\u0259dbirind\u0259 vur\u011fulad\u0131 ki, \u00e7ar Rusiyas\u0131 d\u00f6vr\u00fcnd\u0259 n\u0259\u015fr olunmu\u015f x\u0259rit\u0259l\u0259r indiki Erm\u0259nistan \u0259razisind\u0259 erm\u0259ni m\u0259n\u015f\u0259li toponiml\u0259rin olmad\u0131\u011f\u0131n\u0131 s\u00fcbut edir. Bu fakt onu g\u00f6st\u0259rir ki, h\u0259qiq\u0259t\u0259n d\u0259 Az\u0259rbaycan tarix elmi Prezident \u0130lham \u018fliyevin qar\u015f\u0131ya qoydu\u011fu v\u0259zif\u0259d\u0259n ir\u0259li g\u0259l\u0259r\u0259k yenid\u0259n yaz\u0131lmal\u0131d\u0131r. Bu istiqam\u0259td\u0259 \u0259n apar\u0131c\u0131 rolu oynayan Tarix \u0130nstitutudur\u201d, &#8211; dey\u0259 El\u00e7in \u018fhm\u0259dov bildirib.<\/p>\n\n\n\n<p>Erm\u0259nil\u0259rin \u0259sass\u0131z \u0259razi iddialar\u0131n\u0131 if\u015fa etm\u0259k \u00fc\u00e7\u00fcn Tarix \u0130nstitutunun haz\u0131rlad\u0131\u011f\u0131 fundamental \u0259s\u0259rl\u0259ri t\u0259qdir\u0259layiq sayan El\u00e7in \u018fhm\u0259dov Yaqub Mahmudov ba\u015fda olmaqla AMEA-n\u0131n Tarix \u0130nstitutunun g\u00f6rd\u00fcy\u00fc i\u015fl\u0259rin y\u00fcks\u0259k qiym\u0259t\u0259 layiq oldu\u011funu vur\u011fulay\u0131b v\u0259 d\u0259y\u0259rli h\u0259diyy\u0259y\u0259 g\u00f6r\u0259 minn\u0259tdarl\u0131\u011f\u0131n\u0131 bildirib.<\/p>\n\n\n\n<p><\/p>\n\n\n\n<figure class=\"wp-container-2 wp-block-gallery-1 wp-block-gallery columns-3 is-cropped\"><ul class=\"blocks-gallery-grid\"><li class=\"blocks-gallery-item\"><figure><img width=\"448\" height=\"320\" src=\"https:\/\/dia.edu.az\/wp-content\/uploads\/2021\/03\/21.12.jpg\" alt=\"\" data-id=\"12134\" data-full-url=\"https:\/\/dia.edu.az\/wp-content\/uploads\/2021\/03\/21.12.jpg\" data-link=\"https:\/\/dia.edu.az\/?attachment_id=12134\" class=\"wp-image-12134\" srcset=\"https:\/\/legacy.dia.edu.az\/wp-content\/uploads\/2021\/03\/21.12.jpg 448w, https:\/\/legacy.dia.edu.az\/wp-content\/uploads\/2021\/03\/21.12-300x214.jpg 300w, https:\/\/legacy.dia.edu.az\/wp-content\/uploads\/2021\/03\/21.12-16x12.jpg 16w\" sizes=\"(max-width: 448px) 100vw, 448px\" \/><\/figure><\/li><li class=\"blocks-gallery-item\"><figure><img width=\"448\" height=\"320\" src=\"https:\/\/dia.edu.az\/wp-content\/uploads\/2021\/03\/21.1217.jpg\" alt=\"\" data-id=\"12135\" data-full-url=\"https:\/\/dia.edu.az\/wp-content\/uploads\/2021\/03\/21.1217.jpg\" data-link=\"https:\/\/dia.edu.az\/?attachment_id=12135\" class=\"wp-image-12135\" srcset=\"https:\/\/legacy.dia.edu.az\/wp-content\/uploads\/2021\/03\/21.1217.jpg 448w, https:\/\/legacy.dia.edu.az\/wp-content\/uploads\/2021\/03\/21.1217-300x214.jpg 300w, https:\/\/legacy.dia.edu.az\/wp-content\/uploads\/2021\/03\/21.1217-16x12.jpg 16w\" sizes=\"(max-width: 448px) 100vw, 448px\" \/><\/figure><\/li><li class=\"blocks-gallery-item\"><figure><img width=\"448\" height=\"297\" src=\"https:\/\/dia.edu.az\/wp-content\/uploads\/2021\/03\/2112.jpg\" alt=\"\" data-id=\"12136\" data-full-url=\"https:\/\/dia.edu.az\/wp-content\/uploads\/2021\/03\/2112.jpg\" data-link=\"https:\/\/dia.edu.az\/?attachment_id=12136\" class=\"wp-image-12136\" srcset=\"https:\/\/legacy.dia.edu.az\/wp-content\/uploads\/2021\/03\/2112.jpg 448w, https:\/\/legacy.dia.edu.az\/wp-content\/uploads\/2021\/03\/2112-300x199.jpg 300w, https:\/\/legacy.dia.edu.az\/wp-content\/uploads\/2021\/03\/2112-16x12.jpg 16w, https:\/\/legacy.dia.edu.az\/wp-content\/uploads\/2021\/03\/2112-150x100.jpg 150w\" sizes=\"(max-width: 448px) 100vw, 448px\" \/><\/figure><\/li><li class=\"blocks-gallery-item\"><figure><img width=\"448\" height=\"297\" src=\"https:\/\/dia.edu.az\/wp-content\/uploads\/2021\/03\/211217.jpg\" alt=\"\" data-id=\"12137\" data-full-url=\"https:\/\/dia.edu.az\/wp-content\/uploads\/2021\/03\/211217.jpg\" data-link=\"https:\/\/dia.edu.az\/?attachment_id=12137\" class=\"wp-image-12137\" srcset=\"https:\/\/legacy.dia.edu.az\/wp-content\/uploads\/2021\/03\/211217.jpg 448w, https:\/\/legacy.dia.edu.az\/wp-content\/uploads\/2021\/03\/211217-300x199.jpg 300w, https:\/\/legacy.dia.edu.az\/wp-content\/uploads\/2021\/03\/211217-16x12.jpg 16w, https:\/\/legacy.dia.edu.az\/wp-content\/uploads\/2021\/03\/211217-150x100.jpg 150w\" sizes=\"(max-width: 448px) 100vw, 448px\" \/><\/figure><\/li><\/ul><\/figure>","protected":false},"excerpt":{"rendered":"<p>D\u00f6vl\u0259t \u0130dar\u0259\u00e7ilik Akademiyas\u0131nda \u201cPrezident \u0130lham \u018fliyev v\u0259 Az\u0259rbaycan tarix elmi\u201d m\u00f6vzusunda elmi konfrans ke\u00e7irilibDek 21 , 2017 &#8211; 06:02 Dekabr\u0131n&nbsp;21-d\u0259&nbsp;Az\u0259rbaycanMilliElml\u0259rAkademiyas\u0131n\u0131n&nbsp;(AMEA)&nbsp;A.Bak\u0131xanovad\u0131naTarix&nbsp;\u0130nstitutununv\u0259&nbsp;Az\u0259rbaycanRespublikas\u0131n\u0131nPrezidentiyan\u0131ndaD\u00f6vl\u0259t&nbsp;\u0130dar\u0259\u00e7ilikAkademiyas\u0131n\u0131n&nbsp;(D\u0130A)&nbsp;birg\u0259&nbsp;t\u0259\u015fkilat\u00e7\u0131l\u0131\u011f\u0131&nbsp;il\u0259 \u201cPrezident&nbsp;\u0130lham&nbsp;\u018fliyevv\u0259&nbsp;Az\u0259rbaycantarixelmi\u201d&nbsp;m\u00f6vzusundaelmikonfranske\u00e7irilib. D\u0130A-n\u0131n n\u0259zdind\u0259 f\u0259aliyy\u0259t g\u00f6st\u0259r\u0259n \u201cHeyd\u0259r \u018fliyev D\u00f6vl\u0259t \u0130dar\u0259\u00e7iliyi M\u0259kt\u0259bi\u201dnd\u0259 t\u0259\u015fkil olunan konfransda bu ali t\u0259hsil oca\u011f\u0131n\u0131n rektoru, akademik Urxan \u018fl\u0259kb\u0259rov \u00fcmummilli lider Heyd\u0259r \u018fliyevin tarix elmi qar\u015f\u0131s\u0131nda m\u00fch\u00fcm xidm\u0259tl\u0259rind\u0259n s\u00f6z a\u00e7\u0131b, Ulu \u00d6nd\u0259rin siyasi [&hellip;]<\/p>","protected":false},"author":2,"featured_media":12135,"comment_status":"closed","ping_status":"closed","sticky":false,"template":"","format":"standard","meta":[],"categories":[137],"tags":[],"_links":{"self":[{"href":"https:\/\/legacy.dia.edu.az\/ru\/wp-json\/wp\/v2\/posts\/12133"}],"collection":[{"href":"https:\/\/legacy.dia.edu.az\/ru\/wp-json\/wp\/v2\/posts"}],"about":[{"href":"https:\/\/legacy.dia.edu.az\/ru\/wp-json\/wp\/v2\/types\/post"}],"author":[{"embeddable":true,"href":"https:\/\/legacy.dia.edu.az\/ru\/wp-json\/wp\/v2\/users\/2"}],"replies":[{"embeddable":true,"href":"https:\/\/legacy.dia.edu.az\/ru\/wp-json\/wp\/v2\/comments?post=12133"}],"version-history":[{"count":0,"href":"https:\/\/legacy.dia.edu.az\/ru\/wp-json\/wp\/v2\/posts\/12133\/revisions"}],"wp:featuredmedia":[{"embeddable":true,"href":"https:\/\/legacy.dia.edu.az\/ru\/wp-json\/wp\/v2\/media\/12135"}],"wp:attachment":[{"href":"https:\/\/legacy.dia.edu.az\/ru\/wp-json\/wp\/v2\/media?parent=12133"}],"wp:term":[{"taxonomy":"category","embeddable":true,"href":"https:\/\/legacy.dia.edu.az\/ru\/wp-json\/wp\/v2\/categories?post=12133"},{"taxonomy":"post_tag","embeddable":true,"href":"https:\/\/legacy.dia.edu.az\/ru\/wp-json\/wp\/v2\/tags?post=12133"}],"curies":[{"name":"wp","href":"https:\/\/api.w.org\/{rel}","templated":true}]}}