{"id":12111,"date":"2018-01-19T00:53:00","date_gmt":"2018-01-18T21:53:00","guid":{"rendered":"https:\/\/dia.edu.az\/?p=12111"},"modified":"2021-03-15T00:54:46","modified_gmt":"2021-03-14T21:54:46","slug":"dovl%c9%99t-idar%c9%99cilik-akademiyasinda-20-yanvar-faci%c9%99sinin-ildonumu-il%c9%99-%c9%99laq%c9%99dar-elmi-konfrans-kecirilib-3","status":"publish","type":"post","link":"https:\/\/legacy.dia.edu.az\/ru\/arxivl\u0259r\/12111","title":{"rendered":"D\u00f6vl\u0259t \u0130dar\u0259\u00e7ilik Akademiyas\u0131nda 20 Yanvar faci\u0259sinin ild\u00f6n\u00fcm\u00fc il\u0259 \u0259laq\u0259dar elmi konfrans ke\u00e7irilib"},"content":{"rendered":"<p><\/p>\n\n\n\n<p><\/p>\n\n\n\n<p><strong>D\u00f6vl\u0259t \u0130dar\u0259\u00e7ilik Akademiyas\u0131nda 20 Yanvar faci\u0259sinin ild\u00f6n\u00fcm\u00fc il\u0259 \u0259laq\u0259dar elmi konfrans ke\u00e7irilib<\/strong><br><em>Yan 19 , 2018 &#8211; 03:54<\/em><\/p>\n\n\n\n<p>Yanvar\u0131n&nbsp;19-daAz\u0259rbaycanRespublikas\u0131n\u0131nPrezidentiyan\u0131ndaD\u00f6vl\u0259t&nbsp;\u0130dar\u0259\u00e7ilikAkademiyas\u0131nda&nbsp;20&nbsp;Yanvarfaci\u0259sinin&nbsp;28-ciild\u00f6n\u00fcm\u00fc&nbsp;il\u0259 \u0259laq\u0259darelmikonfranske\u00e7irilib.<\/p>\n\n\n\n<p>Konfransda \u015f\u0259hidl\u0259rin xatir\u0259si bir d\u0259qiq\u0259lik s\u00fckutla yad edilib.<\/p>\n\n\n\n<p>D\u00f6vl\u0259t \u0130dar\u0259\u00e7ilik Akademiyas\u0131n\u0131n rektoru akademik Urxan \u018fl\u0259kb\u0259rov 20 Yanvar faci\u0259sinin tariximizin \u015f\u0259r\u0259f v\u0259 q\u0259hr\u0259manl\u0131q s\u0259hif\u0259si oldu\u011funu, ke\u00e7mi\u015f sovet imperiyas\u0131n\u0131n h\u0259min g\u00fcn Az\u0259rbaycan xalq\u0131na qar\u015f\u0131 h\u0259yata ke\u00e7irdiyi terror akt\u0131n\u0131n insanl\u0131\u011fa qar\u015f\u0131 t\u00f6r\u0259dilmi\u015f \u0259n a\u011f\u0131r cinay\u0259tl\u0259rd\u0259n biri oldu\u011funu bildirib. O, faci\u0259nin xalq\u0131m\u0131z\u0131n yadda\u015f\u0131na \u0259b\u0259di h\u0259kk olundu\u011funu, eyni zamanda, tariximiz\u0259 q\u00fcrur, q\u0259hr\u0259manl\u0131q g\u00fcn\u00fc kimi yaz\u0131ld\u0131\u011f\u0131n\u0131 qeyd edib.<\/p>\n\n\n\n<p>Urxan \u018fl\u0259kb\u0259rov faci\u0259nin ert\u0259si g\u00fcn\u00fc \u00fcmummilli lider Heyd\u0259r \u018fliyevin Az\u0259rbaycan\u0131n Moskvadak\u0131 daimi n\u00fcmay\u0259nd\u0259liyin\u0259 ged\u0259r\u0259k ke\u00e7irdiyi m\u0259tbuat konfrans\u0131nda k\u0259skin b\u0259yanatla \u00e7\u0131x\u0131\u015f etdiyini, Bak\u0131da t\u00f6r\u0259dil\u0259n q\u0131r\u011f\u0131nlar\u0131n t\u0259\u015fkilat\u00e7\u0131lar\u0131n\u0131 cinay\u0259tkar adland\u0131rd\u0131\u011f\u0131n\u0131, ba\u015f ver\u0259nl\u0259r\u0259 siyasi qiym\u0259t verilm\u0259sini, g\u00fcnahkarlar\u0131n c\u0259zaland\u0131r\u0131lmas\u0131n\u0131 q\u0259tiyy\u0259tl\u0259 t\u0259l\u0259b etdiyini xat\u0131rlad\u0131b. O vur\u011fulay\u0131b ki, Ulu \u00d6nd\u0259r siyasi hakimiyy\u0259t\u0259 qay\u0131d\u0131\u015f\u0131ndan sonra \u015f\u0259hidl\u0259rin xatir\u0259sini \u0259b\u0259dil\u0259\u015fdirm\u0259k \u00fc\u00e7\u00fcn h\u0259min tarixi \u00dcmumxalq H\u00fczn G\u00fcn\u00fc elan edib, hadis\u0259y\u0259 siyasi v\u0259 h\u00fcquqi qiym\u0259t verilib. Rektor vur\u011fulay\u0131b ki, d\u00f6vl\u0259timizin ba\u015f\u00e7\u0131s\u0131 \u0130lham \u018fliyev 20 Yanvar \u015f\u0259hidl\u0259rinin xatir\u0259sinin uca tutulmas\u0131na, onlar\u0131n ail\u0259l\u0259rinin sosial m\u0259s\u0259l\u0259l\u0259rinin h\u0259llin\u0259 x\u00fcsusi diqq\u0259t g\u00f6st\u0259rir.<\/p>\n\n\n\n<p>Konfransda \u00e7\u0131x\u0131\u015f ed\u0259n Milli M\u0259clisin deputat\u0131, D\u00f6vl\u0259t \u0130dar\u0259\u00e7ilik Akademiyas\u0131n\u0131n professoru Elman N\u0259sirov, D\u00f6vl\u0259t \u0130dar\u0259\u00e7ilik Akademiyas\u0131n\u0131n dosenti Ayd\u0131n Mirz\u0259zad\u0259, akademiyan\u0131n siyasi idar\u0259etm\u0259 fak\u00fclt\u0259sinin dekan\u0131, siyasi elml\u0259r doktoru professor El\u00e7in \u018fhm\u0259dov, tarix kafedras\u0131n\u0131n professoru Musa Quliyev v\u0259 dig\u0259rl\u0259ri zaman ke\u00e7dikc\u0259 tariximizin h\u0259m q\u0259hr\u0259manl\u0131q s\u0259hif\u0259l\u0259rini, h\u0259m d\u0259 faci\u0259li s\u0259hif\u0259l\u0259rini yad etm\u0259yin, g\u0259l\u0259c\u0259k n\u0259sill\u0259r\u0259 xat\u0131rlatma\u011f\u0131n \u0259h\u0259miyy\u0259tli oldu\u011funu diqq\u0259t\u0259 \u00e7atd\u0131r\u0131blar. Bildirilib ki, 20 Yanvar hadis\u0259l\u0259ri zaman\u0131 g\u00f6st\u0259ril\u0259n q\u0259hr\u0259manl\u0131q, \u015f\u00fcca\u0259t, xalq\u0131n birliyi ham\u0131ya \u00f6rn\u0259kdir. \u00c7\u0131x\u0131\u015f ed\u0259nl\u0259r 20 Yanvar faci\u0259sinin g\u0259l\u0259c\u0259k n\u0259sill\u0259r\u0259 \u00e7atd\u0131r\u0131lmas\u0131n\u0131n vacibliyini qeyd edib, bu hadis\u0259l\u0259rin unudulmad\u0131\u011f\u0131n\u0131, g\u00fcnahs\u0131z insanlar\u0131n \u0259ziz xatir\u0259sinin xalq\u0131m\u0131z t\u0259r\u0259find\u0259n h\u0259r zaman ya\u015fad\u0131laca\u011f\u0131n\u0131 bildiribl\u0259r.<\/p>\n\n\n\n<p><\/p>\n\n\n\n<figure class=\"wp-container-2 wp-block-gallery-1 wp-block-gallery columns-2 is-cropped\"><ul class=\"blocks-gallery-grid\"><li class=\"blocks-gallery-item\"><figure><img width=\"640\" height=\"424\" src=\"https:\/\/dia.edu.az\/wp-content\/uploads\/2021\/03\/20.01.jpg\" alt=\"\" data-id=\"12112\" data-full-url=\"https:\/\/dia.edu.az\/wp-content\/uploads\/2021\/03\/20.01.jpg\" data-link=\"https:\/\/dia.edu.az\/?attachment_id=12112\" class=\"wp-image-12112\" srcset=\"https:\/\/legacy.dia.edu.az\/wp-content\/uploads\/2021\/03\/20.01.jpg 640w, https:\/\/legacy.dia.edu.az\/wp-content\/uploads\/2021\/03\/20.01-300x199.jpg 300w, https:\/\/legacy.dia.edu.az\/wp-content\/uploads\/2021\/03\/20.01-16x12.jpg 16w, https:\/\/legacy.dia.edu.az\/wp-content\/uploads\/2021\/03\/20.01-150x100.jpg 150w, https:\/\/legacy.dia.edu.az\/wp-content\/uploads\/2021\/03\/20.01-300x199@2x.jpg 600w\" sizes=\"(max-width: 640px) 100vw, 640px\" \/><\/figure><\/li><li class=\"blocks-gallery-item\"><figure><img width=\"640\" height=\"424\" src=\"https:\/\/dia.edu.az\/wp-content\/uploads\/2021\/03\/2001.jpg\" alt=\"\" data-id=\"12113\" data-full-url=\"https:\/\/dia.edu.az\/wp-content\/uploads\/2021\/03\/2001.jpg\" data-link=\"https:\/\/dia.edu.az\/?attachment_id=12113\" class=\"wp-image-12113\" srcset=\"https:\/\/legacy.dia.edu.az\/wp-content\/uploads\/2021\/03\/2001.jpg 640w, https:\/\/legacy.dia.edu.az\/wp-content\/uploads\/2021\/03\/2001-300x199.jpg 300w, https:\/\/legacy.dia.edu.az\/wp-content\/uploads\/2021\/03\/2001-16x12.jpg 16w, https:\/\/legacy.dia.edu.az\/wp-content\/uploads\/2021\/03\/2001-150x100.jpg 150w, https:\/\/legacy.dia.edu.az\/wp-content\/uploads\/2021\/03\/2001-300x199@2x.jpg 600w\" sizes=\"(max-width: 640px) 100vw, 640px\" \/><\/figure><\/li><\/ul><\/figure>","protected":false},"excerpt":{"rendered":"<p>D\u00f6vl\u0259t \u0130dar\u0259\u00e7ilik Akademiyas\u0131nda 20 Yanvar faci\u0259sinin ild\u00f6n\u00fcm\u00fc il\u0259 \u0259laq\u0259dar elmi konfrans ke\u00e7irilibYan 19 , 2018 &#8211; 03:54 Yanvar\u0131n&nbsp;19-daAz\u0259rbaycanRespublikas\u0131n\u0131nPrezidentiyan\u0131ndaD\u00f6vl\u0259t&nbsp;\u0130dar\u0259\u00e7ilikAkademiyas\u0131nda&nbsp;20&nbsp;Yanvarfaci\u0259sinin&nbsp;28-ciild\u00f6n\u00fcm\u00fc&nbsp;il\u0259 \u0259laq\u0259darelmikonfranske\u00e7irilib. Konfransda \u015f\u0259hidl\u0259rin xatir\u0259si bir d\u0259qiq\u0259lik s\u00fckutla yad edilib. D\u00f6vl\u0259t \u0130dar\u0259\u00e7ilik Akademiyas\u0131n\u0131n rektoru akademik Urxan \u018fl\u0259kb\u0259rov 20 Yanvar faci\u0259sinin tariximizin \u015f\u0259r\u0259f v\u0259 q\u0259hr\u0259manl\u0131q s\u0259hif\u0259si oldu\u011funu, ke\u00e7mi\u015f sovet imperiyas\u0131n\u0131n h\u0259min g\u00fcn Az\u0259rbaycan xalq\u0131na qar\u015f\u0131 h\u0259yata ke\u00e7irdiyi terror akt\u0131n\u0131n [&hellip;]<\/p>","protected":false},"author":2,"featured_media":12113,"comment_status":"closed","ping_status":"closed","sticky":false,"template":"","format":"standard","meta":[],"categories":[137],"tags":[],"_links":{"self":[{"href":"https:\/\/legacy.dia.edu.az\/ru\/wp-json\/wp\/v2\/posts\/12111"}],"collection":[{"href":"https:\/\/legacy.dia.edu.az\/ru\/wp-json\/wp\/v2\/posts"}],"about":[{"href":"https:\/\/legacy.dia.edu.az\/ru\/wp-json\/wp\/v2\/types\/post"}],"author":[{"embeddable":true,"href":"https:\/\/legacy.dia.edu.az\/ru\/wp-json\/wp\/v2\/users\/2"}],"replies":[{"embeddable":true,"href":"https:\/\/legacy.dia.edu.az\/ru\/wp-json\/wp\/v2\/comments?post=12111"}],"version-history":[{"count":0,"href":"https:\/\/legacy.dia.edu.az\/ru\/wp-json\/wp\/v2\/posts\/12111\/revisions"}],"wp:featuredmedia":[{"embeddable":true,"href":"https:\/\/legacy.dia.edu.az\/ru\/wp-json\/wp\/v2\/media\/12113"}],"wp:attachment":[{"href":"https:\/\/legacy.dia.edu.az\/ru\/wp-json\/wp\/v2\/media?parent=12111"}],"wp:term":[{"taxonomy":"category","embeddable":true,"href":"https:\/\/legacy.dia.edu.az\/ru\/wp-json\/wp\/v2\/categories?post=12111"},{"taxonomy":"post_tag","embeddable":true,"href":"https:\/\/legacy.dia.edu.az\/ru\/wp-json\/wp\/v2\/tags?post=12111"}],"curies":[{"name":"wp","href":"https:\/\/api.w.org\/{rel}","templated":true}]}}