{"id":12085,"date":"2018-02-09T00:45:00","date_gmt":"2018-02-08T21:45:00","guid":{"rendered":"https:\/\/dia.edu.az\/?p=12085"},"modified":"2021-03-15T00:46:13","modified_gmt":"2021-03-14T21:46:13","slug":"ankarada-az%c9%99rbaycanin-innovativ-inkisafi-v%c9%99-olk%c9%99mizin-turkiy%c9%99-il%c9%99-munasib%c9%99tl%c9%99ri-movzusunda-beyn%c9%99lxalq-konfrans-kecirilib","status":"publish","type":"post","link":"https:\/\/legacy.dia.edu.az\/ru\/arxivl\u0259r\/12085","title":{"rendered":"Ankarada Az\u0259rbaycan\u0131n innovativ inki\u015faf\u0131 v\u0259 \u00f6lk\u0259mizin T\u00fcrkiy\u0259 il\u0259 m\u00fcnasib\u0259tl\u0259ri m\u00f6vzusunda beyn\u0259lxalq konfrans ke\u00e7irilib"},"content":{"rendered":"<p><\/p>\n\n\n\n<p><strong>Ankarada Az\u0259rbaycan\u0131n innovativ inki\u015faf\u0131 v\u0259 \u00f6lk\u0259mizin T\u00fcrkiy\u0259 il\u0259 m\u00fcnasib\u0259tl\u0259ri m\u00f6vzusunda beyn\u0259lxalq konfrans ke\u00e7irilib<\/strong><br><em>Fev 09 , 2018 &#8211; 10:07<\/em><\/p>\n\n\n\n<p>Ankarada Az\u0259rbaycan\u0131n innovativ inki\u015faf\u0131 v\u0259 \u00f6lk\u0259mizin T\u00fcrkiy\u0259 il\u0259 m\u00fcnasib\u0259tl\u0259ri m\u00f6vzusunda beyn\u0259lxalq elmi-praktik konfrans ke\u00e7irilib. Konfrans \u00e7\u0259r\u00e7iv\u0259sind\u0259ki 32 \u00f6lk\u0259nin n\u00fcmay\u0259nd\u0259l\u0259rinin i\u015ftirak\u0131 il\u0259 \u201c\u0130nkl\u00fcziv v\u0259 davaml\u0131 inki\u015faf namin\u0259 yeni idar\u0259etm\u0259 texnologiyalar\u0131: Az\u0259rbaycan\u0131n t\u0259cr\u00fcb\u0259si\u201d m\u00f6vzusuna h\u0259sr olunmu\u015f t\u0259qdimat b\u00f6y\u00fck maraqla qar\u015f\u0131lan\u0131b.<\/p>\n\n\n\n<p>Ankarada f\u0259aliyy\u0259t g\u00f6st\u0259r\u0259n T\u00fcrkiy\u0259 v\u0259 Orta \u015e\u0259rq D\u00f6vl\u0259t \u0130dar\u0259\u00e7ilik \u0130nstitutunda t\u0259\u015fkil edil\u0259n beyn\u0259lxalq elmi-praktik konfransda d\u00fcnyan\u0131n m\u00fcxt\u0259lif \u00f6lk\u0259l\u0259rind\u0259n olan t\u0259cr\u00fcb\u0259li d\u00f6vl\u0259t qulluq\u00e7ular\u0131, diplomatlar, T\u00fcrkiy\u0259nin y\u00fcks\u0259k r\u00fctb\u0259li m\u0259murlar\u0131, g\u00f6rk\u0259mli elm xadiml\u0259ri i\u015ftirak edirdil\u0259r.<\/p>\n\n\n\n<p>T\u0259dbiri giri\u015f s\u00f6z\u00fc il\u0259 a\u00e7an T\u00fcrkiy\u0259 v\u0259 Orta \u015e\u0259rq D\u00f6vl\u0259t \u0130dar\u0259\u00e7ilik \u0130nstitutunun rektoru, professor Ender Aslan r\u0259hb\u0259rlik etdiyi qurumun 70 il\u0259 yax\u0131nd\u0131r f\u0259aliyy\u0259t g\u00f6st\u0259rdiyini bildirib. Haz\u0131rda bu n\u00fcfuzlu t\u0259hsil m\u00fc\u0259ssis\u0259sind\u0259 T\u00fcrkiy\u0259 il\u0259 yana\u015f\u0131, 32 \u00f6lk\u0259nin 60 yax\u0131n n\u00fcmay\u0259nd\u0259si t\u0259hsilini davam etdirir.<\/p>\n\n\n\n<p>Daha sonra Az\u0259rbaycan Respublikas\u0131n\u0131n Prezidenti yan\u0131nda D\u00f6vl\u0259t \u0130dar\u0259\u00e7ilik Akademiyas\u0131n\u0131n rektoru, akademik Urxan \u018fl\u0259kb\u0259rov \u201c\u0130nkl\u00fcziv v\u0259 davaml\u0131 inki\u015faf namin\u0259 yeni idar\u0259etm\u0259 texnologiyalar\u0131: Az\u0259rbaycan\u0131n t\u0259cr\u00fcb\u0259si\u201d m\u00f6vzusunda m\u0259ruz\u0259 il\u0259 \u00e7\u0131x\u0131\u015f edib.<\/p>\n\n\n\n<p>Akademik qeyd edib ki, torpaqlar\u0131m\u0131z\u0131n 20 faizinin t\u0259cav\u00fczkar Erm\u0259nistan t\u0259r\u0259find\u0259n i\u015f\u011fal alt\u0131nda saxlan\u0131lmas\u0131na baxmayaraq, Az\u0259rbaycan q\u0131sa m\u00fcdd\u0259t \u0259rzind\u0259 innovativ davaml\u0131 inki\u015faf siyas\u0259tini realla\u015fd\u0131rma\u011fa m\u00fcv\u0259ff\u0259q olub. H\u0259yata ke\u00e7iril\u0259n d\u00fczg\u00fcn innovativ inki\u015faf strategiyas\u0131 say\u0259sind\u0259 2015-2030-cu ill\u0259r \u00fc\u00e7\u00fcn BMT t\u0259r\u0259find\u0259n qlobal prioritet kimi planla\u015fd\u0131r\u0131lan h\u0259d\u0259fl\u0259r\u0259 \u00f6lk\u0259miz y\u00fcks\u0259k s\u0259viyy\u0259d\u0259 haz\u0131rl\u0131ql\u0131d\u0131r.<\/p>\n\n\n\n<p>Rektor diqq\u0259t\u0259 \u00e7atd\u0131rd\u0131 ki, \u00f6t\u0259n ay ke\u00e7iril\u0259n Davos Forumunun hesabat\u0131nda inkl\u00fcziv inki\u015faf indeksin\u0259 g\u00f6r\u0259, Az\u0259rbaycan d\u00fcnyada 3-c\u00fc yerd\u0259 q\u0259rarla\u015faraq, iqtisadi imkanlar\u0131 daha y\u00fcks\u0259k olan Avropa \u0130ttifaq\u0131 \u00f6lk\u0259l\u0259rinin \u00e7oxunu gerid\u0259 qoyub. B\u00fct\u00fcn bu nailiyy\u0259tl\u0259r son ill\u0259r Prezident \u0130lham \u018fliyev t\u0259r\u0259find\u0259n h\u0259yata ke\u00e7iril\u0259n d\u0259rin d\u00fc\u015f\u00fcn\u00fclm\u00fc\u015f strategiya v\u0259 t\u0259tbiq olunan orijinal innovativ idar\u0259etm\u0259 texnologiyalar\u0131 \u0259sas\u0131nda qazan\u0131l\u0131b. Bu texnologiyalar\u0131n i\u015fl\u0259nilm\u0259si v\u0259 h\u0259yata ke\u00e7irilm\u0259si prosesind\u0259 Az\u0259rbaycan\u0131n Birinci vitse-prezidenti Mehriban \u018fliyeva v\u0259 onun r\u0259hb\u0259rlik etdiyi Heyd\u0259r \u018fliyev Fondu x\u00fcsusi rola malikdir.<\/p>\n\n\n\n<p>Konfransda m\u0259ruz\u0259 il\u0259 \u00e7\u0131x\u0131\u015f ed\u0259n Az\u0259rbaycan\u0131n Ankaradak\u0131 s\u0259firi X\u0259z\u0259r \u0130brahim t\u0259dbir i\u015ftirak\u00e7\u0131lar\u0131na \u00f6lk\u0259mizin xarici siyas\u0259tinin prioritetl\u0259ri, enerji v\u0259 n\u0259qliyyat layih\u0259l\u0259ri, h\u0259m\u00e7inin Erm\u0259nistan-Az\u0259rbaycan, Da\u011fl\u0131q Qaraba\u011f m\u00fcnaqi\u015f\u0259sinin a\u011f\u0131r n\u0259tic\u0259l\u0259ri v\u0259 real v\u0259ziyy\u0259ti haqq\u0131nda \u0259trafl\u0131 m\u0259lumat verib.<\/p>\n\n\n\n<p>\u00dcmummilli lider Heyd\u0259r \u018fliyevin uzaqg\u00f6r\u0259n neft strategiyas\u0131n\u0131n ortaya \u00e7\u0131xard\u0131\u011f\u0131 haz\u0131rda i\u015fl\u0259k v\u0259ziyy\u0259t\u0259 g\u0259tiril\u0259n v\u0259 perspektivd\u0259 olan dig\u0259r iqtisadi layih\u0259l\u0259rin b\u00f6y\u00fck bir co\u011frafiyan\u0131n inki\u015faf\u0131n\u0131 t\u0259min etdiyini diqq\u0259t\u0259 \u00e7atd\u0131ran diplomat \u0259minlikl\u0259 ifad\u0259 edib ki, bu tendensiya uzun ill\u0259r davam ed\u0259c\u0259kdir.<\/p>\n\n\n\n<p>S\u0259fir Az\u0259rbaycanla T\u00fcrkiy\u0259 aras\u0131ndak\u0131 qarda\u015fl\u0131q m\u00fcnasib\u0259tl\u0259rinin b\u00fct\u00fcn d\u00fcnya \u00fc\u00e7\u00fcn n\u00fcmun\u0259 oldu\u011funu qeyd edib.<\/p>\n\n\n\n<p>Beyn\u0259lxalq konfransdaD\u0130A-n\u0131n\u00a0Elmi-t\u0259\u015fkilat\u00a0\u015f\u00f6b\u0259sinin\u00a0m\u00fcdiri, dosent R\u0259c\u0259b R\u0259himli\u00a0i\u015ftirak\u00a0edib.<\/p>\n\n\n\n<p><\/p>\n\n\n\n<figure class=\"wp-container-2 wp-block-gallery-1 wp-block-gallery columns-3 is-cropped\"><ul class=\"blocks-gallery-grid\"><li class=\"blocks-gallery-item\"><figure><img width=\"640\" height=\"360\" src=\"https:\/\/dia.edu.az\/wp-content\/uploads\/2021\/03\/02.09.jpg\" alt=\"\" data-id=\"12086\" data-full-url=\"https:\/\/dia.edu.az\/wp-content\/uploads\/2021\/03\/02.09.jpg\" data-link=\"https:\/\/dia.edu.az\/?attachment_id=12086\" class=\"wp-image-12086\" srcset=\"https:\/\/legacy.dia.edu.az\/wp-content\/uploads\/2021\/03\/02.09.jpg 640w, https:\/\/legacy.dia.edu.az\/wp-content\/uploads\/2021\/03\/02.09-300x169.jpg 300w, https:\/\/legacy.dia.edu.az\/wp-content\/uploads\/2021\/03\/02.09-16x9.jpg 16w, https:\/\/legacy.dia.edu.az\/wp-content\/uploads\/2021\/03\/02.09-300x169@2x.jpg 600w\" sizes=\"(max-width: 640px) 100vw, 640px\" \/><\/figure><\/li><li class=\"blocks-gallery-item\"><figure><img width=\"640\" height=\"360\" src=\"https:\/\/dia.edu.az\/wp-content\/uploads\/2021\/03\/09.02.jpg\" alt=\"\" data-id=\"12087\" data-full-url=\"https:\/\/dia.edu.az\/wp-content\/uploads\/2021\/03\/09.02.jpg\" data-link=\"https:\/\/dia.edu.az\/?attachment_id=12087\" class=\"wp-image-12087\" srcset=\"https:\/\/legacy.dia.edu.az\/wp-content\/uploads\/2021\/03\/09.02.jpg 640w, https:\/\/legacy.dia.edu.az\/wp-content\/uploads\/2021\/03\/09.02-300x169.jpg 300w, https:\/\/legacy.dia.edu.az\/wp-content\/uploads\/2021\/03\/09.02-16x9.jpg 16w, https:\/\/legacy.dia.edu.az\/wp-content\/uploads\/2021\/03\/09.02-300x169@2x.jpg 600w\" sizes=\"(max-width: 640px) 100vw, 640px\" \/><\/figure><\/li><li class=\"blocks-gallery-item\"><figure><img width=\"640\" height=\"360\" src=\"https:\/\/dia.edu.az\/wp-content\/uploads\/2021\/03\/0209.jpg\" alt=\"\" data-id=\"12088\" data-full-url=\"https:\/\/dia.edu.az\/wp-content\/uploads\/2021\/03\/0209.jpg\" data-link=\"https:\/\/dia.edu.az\/?attachment_id=12088\" class=\"wp-image-12088\" srcset=\"https:\/\/legacy.dia.edu.az\/wp-content\/uploads\/2021\/03\/0209.jpg 640w, https:\/\/legacy.dia.edu.az\/wp-content\/uploads\/2021\/03\/0209-300x169.jpg 300w, https:\/\/legacy.dia.edu.az\/wp-content\/uploads\/2021\/03\/0209-16x9.jpg 16w, https:\/\/legacy.dia.edu.az\/wp-content\/uploads\/2021\/03\/0209-300x169@2x.jpg 600w\" sizes=\"(max-width: 640px) 100vw, 640px\" \/><\/figure><\/li><li class=\"blocks-gallery-item\"><figure><img width=\"640\" height=\"360\" src=\"https:\/\/dia.edu.az\/wp-content\/uploads\/2021\/03\/0902.jpg\" alt=\"\" data-id=\"12089\" data-full-url=\"https:\/\/dia.edu.az\/wp-content\/uploads\/2021\/03\/0902.jpg\" data-link=\"https:\/\/dia.edu.az\/?attachment_id=12089\" class=\"wp-image-12089\" srcset=\"https:\/\/legacy.dia.edu.az\/wp-content\/uploads\/2021\/03\/0902.jpg 640w, https:\/\/legacy.dia.edu.az\/wp-content\/uploads\/2021\/03\/0902-300x169.jpg 300w, https:\/\/legacy.dia.edu.az\/wp-content\/uploads\/2021\/03\/0902-16x9.jpg 16w, https:\/\/legacy.dia.edu.az\/wp-content\/uploads\/2021\/03\/0902-300x169@2x.jpg 600w\" sizes=\"(max-width: 640px) 100vw, 640px\" \/><\/figure><\/li><li class=\"blocks-gallery-item\"><figure><img width=\"640\" height=\"360\" src=\"https:\/\/dia.edu.az\/wp-content\/uploads\/2021\/03\/020918.jpg\" alt=\"\" data-id=\"12090\" data-full-url=\"https:\/\/dia.edu.az\/wp-content\/uploads\/2021\/03\/020918.jpg\" data-link=\"https:\/\/dia.edu.az\/?attachment_id=12090\" class=\"wp-image-12090\" srcset=\"https:\/\/legacy.dia.edu.az\/wp-content\/uploads\/2021\/03\/020918.jpg 640w, https:\/\/legacy.dia.edu.az\/wp-content\/uploads\/2021\/03\/020918-300x169.jpg 300w, https:\/\/legacy.dia.edu.az\/wp-content\/uploads\/2021\/03\/020918-16x9.jpg 16w, https:\/\/legacy.dia.edu.az\/wp-content\/uploads\/2021\/03\/020918-300x169@2x.jpg 600w\" sizes=\"(max-width: 640px) 100vw, 640px\" \/><\/figure><\/li><\/ul><\/figure>","protected":false},"excerpt":{"rendered":"<p>Ankarada Az\u0259rbaycan\u0131n innovativ inki\u015faf\u0131 v\u0259 \u00f6lk\u0259mizin T\u00fcrkiy\u0259 il\u0259 m\u00fcnasib\u0259tl\u0259ri m\u00f6vzusunda beyn\u0259lxalq konfrans ke\u00e7irilibFev 09 , 2018 &#8211; 10:07 Ankarada Az\u0259rbaycan\u0131n innovativ inki\u015faf\u0131 v\u0259 \u00f6lk\u0259mizin T\u00fcrkiy\u0259 il\u0259 m\u00fcnasib\u0259tl\u0259ri m\u00f6vzusunda beyn\u0259lxalq elmi-praktik konfrans ke\u00e7irilib. Konfrans \u00e7\u0259r\u00e7iv\u0259sind\u0259ki 32 \u00f6lk\u0259nin n\u00fcmay\u0259nd\u0259l\u0259rinin i\u015ftirak\u0131 il\u0259 \u201c\u0130nkl\u00fcziv v\u0259 davaml\u0131 inki\u015faf namin\u0259 yeni idar\u0259etm\u0259 texnologiyalar\u0131: Az\u0259rbaycan\u0131n t\u0259cr\u00fcb\u0259si\u201d m\u00f6vzusuna h\u0259sr olunmu\u015f t\u0259qdimat b\u00f6y\u00fck maraqla [&hellip;]<\/p>","protected":false},"author":2,"featured_media":12090,"comment_status":"closed","ping_status":"closed","sticky":false,"template":"","format":"standard","meta":[],"categories":[137],"tags":[],"_links":{"self":[{"href":"https:\/\/legacy.dia.edu.az\/ru\/wp-json\/wp\/v2\/posts\/12085"}],"collection":[{"href":"https:\/\/legacy.dia.edu.az\/ru\/wp-json\/wp\/v2\/posts"}],"about":[{"href":"https:\/\/legacy.dia.edu.az\/ru\/wp-json\/wp\/v2\/types\/post"}],"author":[{"embeddable":true,"href":"https:\/\/legacy.dia.edu.az\/ru\/wp-json\/wp\/v2\/users\/2"}],"replies":[{"embeddable":true,"href":"https:\/\/legacy.dia.edu.az\/ru\/wp-json\/wp\/v2\/comments?post=12085"}],"version-history":[{"count":0,"href":"https:\/\/legacy.dia.edu.az\/ru\/wp-json\/wp\/v2\/posts\/12085\/revisions"}],"wp:featuredmedia":[{"embeddable":true,"href":"https:\/\/legacy.dia.edu.az\/ru\/wp-json\/wp\/v2\/media\/12090"}],"wp:attachment":[{"href":"https:\/\/legacy.dia.edu.az\/ru\/wp-json\/wp\/v2\/media?parent=12085"}],"wp:term":[{"taxonomy":"category","embeddable":true,"href":"https:\/\/legacy.dia.edu.az\/ru\/wp-json\/wp\/v2\/categories?post=12085"},{"taxonomy":"post_tag","embeddable":true,"href":"https:\/\/legacy.dia.edu.az\/ru\/wp-json\/wp\/v2\/tags?post=12085"}],"curies":[{"name":"wp","href":"https:\/\/api.w.org\/{rel}","templated":true}]}}