{"id":12080,"date":"2018-02-23T00:43:00","date_gmt":"2018-02-22T21:43:00","guid":{"rendered":"https:\/\/dia.edu.az\/?p=12080"},"modified":"2021-03-15T00:44:45","modified_gmt":"2021-03-14T21:44:45","slug":"dovl%c9%99t-idar%c9%99cilik-akademiyasinda-xocali-soyqirimi-qurbanlarinin-xatir%c9%99si-anilib-2","status":"publish","type":"post","link":"https:\/\/legacy.dia.edu.az\/ru\/arxivl\u0259r\/12080","title":{"rendered":"D\u00f6vl\u0259t \u0130dar\u0259\u00e7ilik Akademiyas\u0131nda Xocal\u0131 soyq\u0131r\u0131m\u0131 qurbanlar\u0131n\u0131n xatir\u0259si an\u0131l\u0131b"},"content":{"rendered":"<p><\/p>\n\n\n\n<p><strong>D\u00f6vl\u0259t \u0130dar\u0259\u00e7ilik Akademiyas\u0131nda Xocal\u0131 soyq\u0131r\u0131m\u0131 qurbanlar\u0131n\u0131n xatir\u0259si an\u0131l\u0131b<\/strong><br><em>Fev 23 , 2018 &#8211; 05:36<\/em><\/p>\n\n\n\n<p>Fevral\u0131n 23-d\u0259 Az\u0259rbaycan Respublikas\u0131n\u0131n Prezidenti yan\u0131nda D\u00f6vl\u0259t \u0130dar\u0259\u00e7ilik Akademiyas\u0131nda (D\u0130A) Xocal\u0131 soyq\u0131r\u0131m\u0131n\u0131n iyirmi alt\u0131nc\u0131 ild\u00f6n\u00fcm\u00fcn\u0259 h\u0259sr olunan elmi konfrans ke\u00e7irilib.<\/p>\n\n\n\n<p>\u018fvv\u0259lc\u0259 Xocal\u0131 faci\u0259si qurbanlar\u0131n\u0131n xatir\u0259si bir d\u0259qiq\u0259lik s\u00fckutla yad edilib.<\/p>\n\n\n\n<p>T\u0259dbird\u0259 \u00e7\u0131x\u0131\u015f ed\u0259n D\u0130A-n\u0131n rektoru, akademik Urxan \u018fl\u0259kb\u0259rov 1992-ci il fevral\u0131n 26-da Erm\u0259nistan silahl\u0131 birl\u0259\u015fm\u0259l\u0259rinin Az\u0259rbaycan xalq\u0131na qar\u015f\u0131 n\u00f6vb\u0259ti qanl\u0131 t\u0259cav\u00fcz\u0259 \u0259l ataraq tarixd\u0259 misli g\u00f6r\u00fcnm\u0259mi\u015f soyq\u0131r\u0131m\u0131 t\u00f6r\u0259tdiyini deyib. Bildirilib ki, bu faci\u0259y\u0259 ilk d\u0259f\u0259 h\u00fcquqi-siyasi qiym\u0259t yaln\u0131z xalq\u0131m\u0131z\u0131n \u00fcmummilli lideri Heyd\u0259r \u018fliyevin Az\u0259rbaycanda ikinci d\u0259f\u0259 siyasi hakimiyy\u0259t\u0259 qay\u0131d\u0131\u015f\u0131ndan sonra verilib. Xocal\u0131 soyq\u0131r\u0131m\u0131 bar\u0259d\u0259 d\u00fcnya ictimaiyy\u0259tinin m\u0259lumatland\u0131r\u0131lmas\u0131 i\u015find\u0259 d\u00f6vl\u0259t strukturlar\u0131 il\u0259 yana\u015f\u0131, ictimai birlikl\u0259r, v\u0259t\u0259nda\u015f c\u0259miyy\u0259ti institutlar\u0131 da m\u00fch\u00fcm rol oynay\u0131r. Rektor Xocal\u0131 soyq\u0131r\u0131m\u0131n\u0131n d\u00fcnyada tan\u0131d\u0131lmas\u0131 istiqam\u0259tind\u0259 Heyd\u0259r \u018fliyev Fondunun f\u0259aliyy\u0259tini x\u00fcsusi vur\u011fulay\u0131b.<\/p>\n\n\n\n<p>Sonra Xocal\u0131 soyq\u0131r\u0131m\u0131 il\u0259 ba\u011fl\u0131 film n\u00fcmayi\u015f etdirilib.<\/p>\n\n\n\n<p>D\u0130A-n\u0131n siyasi idar\u0259etm\u0259 fak\u00fclt\u0259sinin dekan\u0131, Qaraba\u011f Ara\u015fd\u0131rmalar M\u0259rk\u0259zinin m\u00fcdiri, siyasi elml\u0259r doktoru, professor El\u00e7in \u018fhm\u0259dov, tarix elml\u0259ri doktoru, professor Musa Quliyev, h\u00fcquq elml\u0259ri doktoru, h\u00fcquq\u20132 kafedras\u0131n\u0131n professoru Namiq \u018fliyev, politologiya v\u0259 siyasi idar\u0259etm\u0259 kafedras\u0131n\u0131n ba\u015f m\u00fc\u0259llimi, siyasi elml\u0259r \u00fczr\u0259 f\u0259ls\u0259f\u0259 doktoru \u00dclviyy\u0259 Haqverdiyeva, siyasi idar\u0259etm\u0259 fak\u00fclt\u0259sinin t\u0259l\u0259b\u0259si, Xocal\u0131 sakini Rza Mustafayev v\u0259 dig\u0259r \u00e7\u0131x\u0131\u015f ed\u0259nl\u0259r Xocal\u0131 soyq\u0131r\u0131m\u0131n\u0131 Az\u0259rbaycan xalq\u0131na qar\u015f\u0131 t\u00f6r\u0259dilmi\u015f \u0259n qat\u0131 cinay\u0259tl\u0259rd\u0259n biri oldu\u011funu diqq\u0259t\u0259 \u00e7atd\u0131r\u0131blar. Onlar faci\u0259y\u0259 siyasi-h\u00fcquqi qiym\u0259t verilm\u0259si, onun b\u00fct\u00f6vl\u00fckd\u0259 insanl\u0131q \u0259leyhin\u0259 cinay\u0259t fakt\u0131n\u0131n olmas\u0131, analoji faci\u0259l\u0259rl\u0259 m\u00fcqayis\u0259d\u0259 t\u0259hlili bar\u0259d\u0259 fikir v\u0259 m\u00fclahiz\u0259l\u0259rini ir\u0259li s\u00fcr\u00fcbl\u0259r.<\/p>\n\n\n\n<p>\u00c7\u0131x\u0131\u015f ed\u0259nl\u0259r Xocal\u0131 faci\u0259si haqq\u0131nda h\u0259qiq\u0259tl\u0259rin d\u00fcnya ictimaiyy\u0259tin\u0259 \u00e7atd\u0131r\u0131lmas\u0131nda Heyd\u0259r \u018fliyev Fondunun vitse-prezidenti Leyla \u018fliyevan\u0131n t\u0259\u015f\u0259bb\u00fcs\u00fc il\u0259 realla\u015fd\u0131r\u0131lan \u201cXocal\u0131ya \u0259dal\u0259t!\u201d beyn\u0259lxalq kampaniyas\u0131 \u00e7\u0259r\u00e7iv\u0259sind\u0259 h\u0259yata ke\u00e7iril\u0259n t\u0259dbirl\u0259rd\u0259n dan\u0131\u015f\u0131blar. Vur\u011fulan\u0131b ki, bu kampaniya beyn\u0259lxalq ictimaiyy\u0259ti Xocal\u0131 faci\u0259si bar\u0259d\u0259 m\u0259lumatland\u0131rmaqla yana\u015f\u0131, d\u00fcnyada ox\u015far hadis\u0259l\u0259rin c\u0259r\u0259yan etm\u0259m\u0259sin\u0259 \u00e7a\u011f\u0131r\u0131\u015f m\u0259qs\u0259di da\u015f\u0131y\u0131r. Kampaniya \u00e7\u0259r\u00e7iv\u0259sind\u0259 m\u00fcxt\u0259lif \u00f6lk\u0259l\u0259rd\u0259 h\u0259yata ke\u00e7iril\u0259n t\u0259dbirl\u0259r, Xocal\u0131 soyq\u0131r\u0131m\u0131n\u0131n d\u00fcnyada tan\u0131d\u0131lmas\u0131 istiqam\u0259tind\u0259 g\u00f6r\u00fcl\u0259n i\u015fl\u0259r art\u0131q \u00f6z n\u0259tic\u0259l\u0259rini verir.<\/p>\n\n\n\n<p><\/p>\n\n\n\n<figure class=\"wp-container-2 wp-block-gallery-1 wp-block-gallery columns-3 is-cropped\"><ul class=\"blocks-gallery-grid\"><li class=\"blocks-gallery-item\"><figure><img width=\"640\" height=\"405\" src=\"https:\/\/dia.edu.az\/wp-content\/uploads\/2021\/03\/23.02.jpg\" alt=\"\" data-id=\"12081\" data-full-url=\"https:\/\/dia.edu.az\/wp-content\/uploads\/2021\/03\/23.02.jpg\" data-link=\"https:\/\/dia.edu.az\/?attachment_id=12081\" class=\"wp-image-12081\" srcset=\"https:\/\/legacy.dia.edu.az\/wp-content\/uploads\/2021\/03\/23.02.jpg 640w, https:\/\/legacy.dia.edu.az\/wp-content\/uploads\/2021\/03\/23.02-300x190.jpg 300w, https:\/\/legacy.dia.edu.az\/wp-content\/uploads\/2021\/03\/23.02-16x10.jpg 16w, https:\/\/legacy.dia.edu.az\/wp-content\/uploads\/2021\/03\/23.02-410x260.jpg 410w, https:\/\/legacy.dia.edu.az\/wp-content\/uploads\/2021\/03\/23.02-300x190@2x.jpg 600w\" sizes=\"(max-width: 640px) 100vw, 640px\" \/><\/figure><\/li><li class=\"blocks-gallery-item\"><figure><img width=\"640\" height=\"388\" src=\"https:\/\/dia.edu.az\/wp-content\/uploads\/2021\/03\/2302.jpg\" alt=\"\" data-id=\"12082\" data-full-url=\"https:\/\/dia.edu.az\/wp-content\/uploads\/2021\/03\/2302.jpg\" data-link=\"https:\/\/dia.edu.az\/?attachment_id=12082\" class=\"wp-image-12082\" srcset=\"https:\/\/legacy.dia.edu.az\/wp-content\/uploads\/2021\/03\/2302.jpg 640w, https:\/\/legacy.dia.edu.az\/wp-content\/uploads\/2021\/03\/2302-300x182.jpg 300w, https:\/\/legacy.dia.edu.az\/wp-content\/uploads\/2021\/03\/2302-16x10.jpg 16w, https:\/\/legacy.dia.edu.az\/wp-content\/uploads\/2021\/03\/2302-300x182@2x.jpg 600w\" sizes=\"(max-width: 640px) 100vw, 640px\" \/><\/figure><\/li><li class=\"blocks-gallery-item\"><figure><img width=\"640\" height=\"409\" src=\"https:\/\/dia.edu.az\/wp-content\/uploads\/2021\/03\/230218.jpg\" alt=\"\" data-id=\"12083\" data-full-url=\"https:\/\/dia.edu.az\/wp-content\/uploads\/2021\/03\/230218.jpg\" data-link=\"https:\/\/dia.edu.az\/?attachment_id=12083\" class=\"wp-image-12083\" srcset=\"https:\/\/legacy.dia.edu.az\/wp-content\/uploads\/2021\/03\/230218.jpg 640w, https:\/\/legacy.dia.edu.az\/wp-content\/uploads\/2021\/03\/230218-300x192.jpg 300w, https:\/\/legacy.dia.edu.az\/wp-content\/uploads\/2021\/03\/230218-16x10.jpg 16w, https:\/\/legacy.dia.edu.az\/wp-content\/uploads\/2021\/03\/230218-300x192@2x.jpg 600w\" sizes=\"(max-width: 640px) 100vw, 640px\" \/><\/figure><\/li><\/ul><\/figure>","protected":false},"excerpt":{"rendered":"<p>D\u00f6vl\u0259t \u0130dar\u0259\u00e7ilik Akademiyas\u0131nda Xocal\u0131 soyq\u0131r\u0131m\u0131 qurbanlar\u0131n\u0131n xatir\u0259si an\u0131l\u0131bFev 23 , 2018 &#8211; 05:36 Fevral\u0131n 23-d\u0259 Az\u0259rbaycan Respublikas\u0131n\u0131n Prezidenti yan\u0131nda D\u00f6vl\u0259t \u0130dar\u0259\u00e7ilik Akademiyas\u0131nda (D\u0130A) Xocal\u0131 soyq\u0131r\u0131m\u0131n\u0131n iyirmi alt\u0131nc\u0131 ild\u00f6n\u00fcm\u00fcn\u0259 h\u0259sr olunan elmi konfrans ke\u00e7irilib. \u018fvv\u0259lc\u0259 Xocal\u0131 faci\u0259si qurbanlar\u0131n\u0131n xatir\u0259si bir d\u0259qiq\u0259lik s\u00fckutla yad edilib. T\u0259dbird\u0259 \u00e7\u0131x\u0131\u015f ed\u0259n D\u0130A-n\u0131n rektoru, akademik Urxan \u018fl\u0259kb\u0259rov 1992-ci il fevral\u0131n 26-da [&hellip;]<\/p>","protected":false},"author":2,"featured_media":12082,"comment_status":"closed","ping_status":"closed","sticky":false,"template":"","format":"standard","meta":[],"categories":[137],"tags":[],"_links":{"self":[{"href":"https:\/\/legacy.dia.edu.az\/ru\/wp-json\/wp\/v2\/posts\/12080"}],"collection":[{"href":"https:\/\/legacy.dia.edu.az\/ru\/wp-json\/wp\/v2\/posts"}],"about":[{"href":"https:\/\/legacy.dia.edu.az\/ru\/wp-json\/wp\/v2\/types\/post"}],"author":[{"embeddable":true,"href":"https:\/\/legacy.dia.edu.az\/ru\/wp-json\/wp\/v2\/users\/2"}],"replies":[{"embeddable":true,"href":"https:\/\/legacy.dia.edu.az\/ru\/wp-json\/wp\/v2\/comments?post=12080"}],"version-history":[{"count":0,"href":"https:\/\/legacy.dia.edu.az\/ru\/wp-json\/wp\/v2\/posts\/12080\/revisions"}],"wp:featuredmedia":[{"embeddable":true,"href":"https:\/\/legacy.dia.edu.az\/ru\/wp-json\/wp\/v2\/media\/12082"}],"wp:attachment":[{"href":"https:\/\/legacy.dia.edu.az\/ru\/wp-json\/wp\/v2\/media?parent=12080"}],"wp:term":[{"taxonomy":"category","embeddable":true,"href":"https:\/\/legacy.dia.edu.az\/ru\/wp-json\/wp\/v2\/categories?post=12080"},{"taxonomy":"post_tag","embeddable":true,"href":"https:\/\/legacy.dia.edu.az\/ru\/wp-json\/wp\/v2\/tags?post=12080"}],"curies":[{"name":"wp","href":"https:\/\/api.w.org\/{rel}","templated":true}]}}