{"id":12075,"date":"2018-03-01T00:42:00","date_gmt":"2018-02-28T21:42:00","guid":{"rendered":"https:\/\/dia.edu.az\/?p=12075"},"modified":"2021-03-15T00:43:03","modified_gmt":"2021-03-14T21:43:03","slug":"dovl%c9%99t-idar%c9%99cilik-akademiyasinda-yerli-icra-hakimiyy%c9%99ti-orqanlarinin-f%c9%99aliyy%c9%99t-istiqam%c9%99tl%c9%99rini-v%c9%99zif%c9%99l%c9%99rini-v%c9%99-huquqlarini-mu%c9%99yy","status":"publish","type":"post","link":"https:\/\/legacy.dia.edu.az\/ru\/arxivl\u0259r\/12075","title":{"rendered":"D\u00f6vl\u0259t \u0130dar\u0259\u00e7ilik Akademiyas\u0131nda \u00abYerli icra hakimiyy\u0259ti orqanlar\u0131n\u0131n f\u0259aliyy\u0259t istiqam\u0259tl\u0259rini, v\u0259zif\u0259l\u0259rini v\u0259 h\u00fcquqlar\u0131n\u0131 m\u00fc\u0259yy\u0259n ed\u0259n qanunvericilik aktlar\u0131n\u0131n izah\u0131\u00bb adl\u0131 seminar ke\u00e7irilib"},"content":{"rendered":"<p><\/p>\n\n\n\n<p><strong>D\u00f6vl\u0259t \u0130dar\u0259\u00e7ilik Akademiyas\u0131nda \u00abYerli icra hakimiyy\u0259ti orqanlar\u0131n\u0131n f\u0259aliyy\u0259t istiqam\u0259tl\u0259rini, v\u0259zif\u0259l\u0259rini v\u0259 h\u00fcquqlar\u0131n\u0131 m\u00fc\u0259yy\u0259n ed\u0259n qanunvericilik aktlar\u0131n\u0131n izah\u0131\u00bb adl\u0131 seminar ke\u00e7irilib<\/strong><br><em>Mart 01 , 2018 &#8211; 03:44<\/em><\/p>\n\n\n\n<p>2018-ci il fevral ay\u0131n\u0131n 27-28 tarixl\u0259rind\u0259 Az\u0259rbaycan Respublikas\u0131n\u0131n Prezidenti yan\u0131nda D\u00f6vl\u0259t \u0130dar\u0259\u00e7ilik Akademiyas\u0131nda \u00abYerli icra hakimiyy\u0259ti orqanlar\u0131n\u0131n f\u0259aliyy\u0259t istiqam\u0259tl\u0259rini, v\u0259zif\u0259l\u0259rini v\u0259 h\u00fcquqlar\u0131n\u0131 m\u00fc\u0259yy\u0259n ed\u0259n qanunvericilik aktlar\u0131n\u0131n izah\u0131\u00bb adl\u0131 seminar ke\u00e7irilib. Seminara d\u00f6vl\u0259t orqanlar\u0131nda \u00e7al\u0131\u015fan m\u00fcvafiq d\u00f6vl\u0259t qulluq\u00e7ular\u0131 c\u0259lb olunmu\u015flar.<\/p>\n\n\n\n<p>&nbsp;&nbsp;&nbsp;&nbsp; &nbsp;&nbsp;&nbsp;&nbsp;&nbsp;&nbsp; \u00abYerli icra hakimiyy\u0259ti orqanlar\u0131n\u0131n f\u0259aliyy\u0259t istiqam\u0259tl\u0259rini, v\u0259zif\u0259l\u0259rini v\u0259 h\u00fcquqlar\u0131n\u0131 m\u00fc\u0259yy\u0259n ed\u0259n qanunvericilik aktlar\u0131n\u0131n izah\u0131\u00bb adl\u0131 seminar\u0131n \u0259sas m\u0259qs\u0259di \u00abAz\u0259rbaycan\u0131n innovativ inki\u015faf\u0131 v\u0259 h\u00fcquqi islahatlar\u00bb, \u00abPenitensiar sah\u0259d\u0259 f\u0259aliyy\u0259tin t\u0259kmill\u0259\u015fdirilm\u0259si, c\u0259za siyas\u0259tinin humanistl\u0259\u015fdirilm\u0259si v\u0259 c\u0259miyy\u0259td\u0259n t\u0259cridetm\u0259 il\u0259 \u0259laq\u0259dar olmayan alternativ c\u0259za v\u0259 prosessual m\u0259cburiyy\u0259t t\u0259dbirl\u0259rinin t\u0259tbiqinin geni\u015fl\u0259ndirilm\u0259si bar\u0259d\u0259 Az\u0259rbaycan Respublikas\u0131 Prezidentinin 10 fevral 2017-ci il tarixli S\u0259r\u0259ncam\u0131n\u0131n icras\u0131 il\u0259 \u0259laq\u0259dar yerli icra hakimiyy\u0259ti orqanlar\u0131n\u0131n v\u0259zif\u0259l\u0259ri haqq\u0131nda\u00bb, \u00abYol h\u0259r\u0259k\u0259ti haqq\u0131nda\u201d Az\u0259rbaycan Respublikas\u0131n\u0131n Qanununda edilmi\u015f 2016-c\u0131 il 16 dekabr tarixli d\u0259yi\u015fiklikl\u0259rl\u0259 ba\u011fl\u0131 \u201cYerli icra hakimiyy\u0259tl\u0259ri haqq\u0131nda \u018fsasnam\u0259\u201d d\u0259 d\u0259yi\u015fiklik edilm\u0259si haqq\u0131nda Az\u0259rbaycan Respublikas\u0131 Prezidentinin 10 oktyabr 2017-ci il tarixli F\u0259rman\u0131n icras\u0131 il\u0259 \u0259laq\u0259dar yerli icra hakimiyy\u0259ti orqanlar\u0131n\u0131n v\u0259zif\u0259l\u0259ri haqq\u0131nda\u00bb, \u00abAz\u0259rbaycan Respublikas\u0131n\u0131n C\u0259zalar\u0131n \u0130cras\u0131 M\u0259c\u0259ll\u0259sind\u0259 d\u0259yi\u015fiklikl\u0259r edilm\u0259si haqq\u0131nda\u201d Az\u0259rbaycan Respublikas\u0131n\u0131n 2017-ci il 01 dekabr tarixli Qanununun t\u0259tbiqi bar\u0259d\u0259 Az\u0259rbaycan Respublikas\u0131 Prezidentinin 18 dekabr 2017-ci il tarixli F\u0259rman\u0131n\u0131n icras\u0131 il\u0259 \u0259laq\u0259dar yerli icra hakimiyy\u0259ti orqanlar\u0131n\u0131n v\u0259zif\u0259l\u0259ri haqq\u0131nda\u00bb, \u00abYa\u015f\u0131ll\u0131qlar\u0131n m\u00fchafiz\u0259si haqq\u0131nda\u201d Az\u0259rbaycan Respublikas\u0131n\u0131n Qanununda d\u0259yi\u015fiklikl\u0259r edilm\u0259si il\u0259 \u0259laq\u0259dar Az\u0259rbaycan Respublikas\u0131 Prezidentinin b\u0259zi F\u0259rmanlar\u0131nda d\u0259yi\u015fiklikl\u0259r edilm\u0259si haqq\u0131nda Az\u0259rbaycan Respublikas\u0131 Prezidentinin 11 dekabr 2017-ci il tarixli F\u0259rman\u0131n\u0131n icras\u0131 il\u0259 \u0259laq\u0259dar yerli icra hakimiyy\u0259ti orqanlar\u0131n\u0131n v\u0259zif\u0259l\u0259ri haqq\u0131nda\u00bb m\u00f6vzularla&nbsp; ba\u011fl\u0131 bilikl\u0259rin dinl\u0259yicil\u0259r\u0259 \u00e7atd\u0131r\u0131lmas\u0131 v\u0259 onlar il\u0259 fikir m\u00fcbadil\u0259sinin apar\u0131l\u0131b.<\/p>\n\n\n\n<p>\u00abYerli icra hakimiyy\u0259ti orqanlar\u0131n\u0131n f\u0259aliyy\u0259t istiqam\u0259tl\u0259rini, v\u0259zif\u0259l\u0259rini v\u0259 h\u00fcquqlar\u0131n\u0131 m\u00fc\u0259yy\u0259n ed\u0259n qanunvericilik aktlar\u0131n\u0131n izah\u0131\u00bb adl\u0131 seminar \u00fczr\u0259 &#8211; Az\u0259rbaycan Respublikas\u0131n\u0131n Prezidenti yan\u0131nda D\u00f6vl\u0259t \u0130dar\u0259\u00e7ilik Akademiyas\u0131n\u0131n rektoru akademik Urxan \u018fl\u0259kb\u0259rov, Az\u0259rbaycan Respublikas\u0131n\u0131n \u018fdliyy\u0259 Nazirliyi Probasiya Xidm\u0259tinin r\u0259isi Musa H\u00fcmb\u0259tov, Az\u0259rbaycan Respublikas\u0131n\u0131n Daxili \u0130\u015fl\u0259r Nazirliyi Ba\u015f D\u00f6vl\u0259t Yol Polisi \u0130dar\u0259sinin h\u0259r\u0259k\u0259tin t\u0259hl\u00fck\u0259sizliyinin t\u0259bli\u011fi v\u0259 ictimai qurumlarla \u0259laq\u0259 \u015f\u00f6b\u0259sinin r\u0259isi Kamran \u018fliyev, Az\u0259rbaycan Respublikas\u0131n\u0131n Ekologiya v\u0259 T\u0259bii S\u0259rv\u0259tl\u0259r Nazirliyinin H\u00fcquq \u015f\u00f6b\u0259sinin r\u0259isi Teymur \u015e\u0259k\u0259r\u0259liyev m\u00fcxt\u0259lif m\u00f6vzularda m\u00fchazir\u0259l\u0259rl\u0259 \u00e7\u0131x\u0131\u015f etmi\u015fl\u0259r.<\/p>\n\n\n\n<p><\/p>\n\n\n\n<figure class=\"wp-container-2 wp-block-gallery-1 wp-block-gallery columns-3 is-cropped\"><ul class=\"blocks-gallery-grid\"><li class=\"blocks-gallery-item\"><figure><img width=\"640\" height=\"424\" src=\"https:\/\/dia.edu.az\/wp-content\/uploads\/2021\/03\/0103.18.jpg\" alt=\"\" data-id=\"12076\" data-full-url=\"https:\/\/dia.edu.az\/wp-content\/uploads\/2021\/03\/0103.18.jpg\" data-link=\"https:\/\/dia.edu.az\/?attachment_id=12076\" class=\"wp-image-12076\" srcset=\"https:\/\/legacy.dia.edu.az\/wp-content\/uploads\/2021\/03\/0103.18.jpg 640w, https:\/\/legacy.dia.edu.az\/wp-content\/uploads\/2021\/03\/0103.18-300x199.jpg 300w, https:\/\/legacy.dia.edu.az\/wp-content\/uploads\/2021\/03\/0103.18-16x12.jpg 16w, https:\/\/legacy.dia.edu.az\/wp-content\/uploads\/2021\/03\/0103.18-150x100.jpg 150w, https:\/\/legacy.dia.edu.az\/wp-content\/uploads\/2021\/03\/0103.18-300x199@2x.jpg 600w\" sizes=\"(max-width: 640px) 100vw, 640px\" \/><\/figure><\/li><li class=\"blocks-gallery-item\"><figure><img width=\"640\" height=\"424\" src=\"https:\/\/dia.edu.az\/wp-content\/uploads\/2021\/03\/0103.jpg\" alt=\"\" data-id=\"12077\" data-full-url=\"https:\/\/dia.edu.az\/wp-content\/uploads\/2021\/03\/0103.jpg\" data-link=\"https:\/\/dia.edu.az\/?attachment_id=12077\" class=\"wp-image-12077\" srcset=\"https:\/\/legacy.dia.edu.az\/wp-content\/uploads\/2021\/03\/0103.jpg 640w, https:\/\/legacy.dia.edu.az\/wp-content\/uploads\/2021\/03\/0103-300x199.jpg 300w, https:\/\/legacy.dia.edu.az\/wp-content\/uploads\/2021\/03\/0103-16x12.jpg 16w, https:\/\/legacy.dia.edu.az\/wp-content\/uploads\/2021\/03\/0103-150x100.jpg 150w, https:\/\/legacy.dia.edu.az\/wp-content\/uploads\/2021\/03\/0103-300x199@2x.jpg 600w\" sizes=\"(max-width: 640px) 100vw, 640px\" \/><\/figure><\/li><li class=\"blocks-gallery-item\"><figure><img width=\"640\" height=\"424\" src=\"https:\/\/dia.edu.az\/wp-content\/uploads\/2021\/03\/010318.jpg\" alt=\"\" data-id=\"12078\" data-full-url=\"https:\/\/dia.edu.az\/wp-content\/uploads\/2021\/03\/010318.jpg\" data-link=\"https:\/\/dia.edu.az\/?attachment_id=12078\" class=\"wp-image-12078\" srcset=\"https:\/\/legacy.dia.edu.az\/wp-content\/uploads\/2021\/03\/010318.jpg 640w, https:\/\/legacy.dia.edu.az\/wp-content\/uploads\/2021\/03\/010318-300x199.jpg 300w, https:\/\/legacy.dia.edu.az\/wp-content\/uploads\/2021\/03\/010318-16x12.jpg 16w, https:\/\/legacy.dia.edu.az\/wp-content\/uploads\/2021\/03\/010318-150x100.jpg 150w, https:\/\/legacy.dia.edu.az\/wp-content\/uploads\/2021\/03\/010318-300x199@2x.jpg 600w\" sizes=\"(max-width: 640px) 100vw, 640px\" \/><\/figure><\/li><\/ul><\/figure>","protected":false},"excerpt":{"rendered":"<p>D\u00f6vl\u0259t \u0130dar\u0259\u00e7ilik Akademiyas\u0131nda \u00abYerli icra hakimiyy\u0259ti orqanlar\u0131n\u0131n f\u0259aliyy\u0259t istiqam\u0259tl\u0259rini, v\u0259zif\u0259l\u0259rini v\u0259 h\u00fcquqlar\u0131n\u0131 m\u00fc\u0259yy\u0259n ed\u0259n qanunvericilik aktlar\u0131n\u0131n izah\u0131\u00bb adl\u0131 seminar ke\u00e7irilibMart 01 , 2018 &#8211; 03:44 2018-ci il fevral ay\u0131n\u0131n 27-28 tarixl\u0259rind\u0259 Az\u0259rbaycan Respublikas\u0131n\u0131n Prezidenti yan\u0131nda D\u00f6vl\u0259t \u0130dar\u0259\u00e7ilik Akademiyas\u0131nda \u00abYerli icra hakimiyy\u0259ti orqanlar\u0131n\u0131n f\u0259aliyy\u0259t istiqam\u0259tl\u0259rini, v\u0259zif\u0259l\u0259rini v\u0259 h\u00fcquqlar\u0131n\u0131 m\u00fc\u0259yy\u0259n ed\u0259n qanunvericilik aktlar\u0131n\u0131n izah\u0131\u00bb adl\u0131 seminar ke\u00e7irilib. [&hellip;]<\/p>","protected":false},"author":2,"featured_media":12076,"comment_status":"closed","ping_status":"closed","sticky":false,"template":"","format":"standard","meta":[],"categories":[137],"tags":[],"_links":{"self":[{"href":"https:\/\/legacy.dia.edu.az\/ru\/wp-json\/wp\/v2\/posts\/12075"}],"collection":[{"href":"https:\/\/legacy.dia.edu.az\/ru\/wp-json\/wp\/v2\/posts"}],"about":[{"href":"https:\/\/legacy.dia.edu.az\/ru\/wp-json\/wp\/v2\/types\/post"}],"author":[{"embeddable":true,"href":"https:\/\/legacy.dia.edu.az\/ru\/wp-json\/wp\/v2\/users\/2"}],"replies":[{"embeddable":true,"href":"https:\/\/legacy.dia.edu.az\/ru\/wp-json\/wp\/v2\/comments?post=12075"}],"version-history":[{"count":0,"href":"https:\/\/legacy.dia.edu.az\/ru\/wp-json\/wp\/v2\/posts\/12075\/revisions"}],"wp:featuredmedia":[{"embeddable":true,"href":"https:\/\/legacy.dia.edu.az\/ru\/wp-json\/wp\/v2\/media\/12076"}],"wp:attachment":[{"href":"https:\/\/legacy.dia.edu.az\/ru\/wp-json\/wp\/v2\/media?parent=12075"}],"wp:term":[{"taxonomy":"category","embeddable":true,"href":"https:\/\/legacy.dia.edu.az\/ru\/wp-json\/wp\/v2\/categories?post=12075"},{"taxonomy":"post_tag","embeddable":true,"href":"https:\/\/legacy.dia.edu.az\/ru\/wp-json\/wp\/v2\/tags?post=12075"}],"curies":[{"name":"wp","href":"https:\/\/api.w.org\/{rel}","templated":true}]}}