{"id":12062,"date":"2018-03-19T00:38:00","date_gmt":"2018-03-18T21:38:00","guid":{"rendered":"https:\/\/dia.edu.az\/?p=12062"},"modified":"2021-03-15T00:39:29","modified_gmt":"2021-03-14T21:39:29","slug":"az%c9%99rbaycan-respublikasinin-multikulturalizm-siyas%c9%99ti-movzusunda-t%c9%99l%c9%99b%c9%99l%c9%99rl%c9%99-muzakir%c9%99-aparilib","status":"publish","type":"post","link":"https:\/\/legacy.dia.edu.az\/ru\/arxivl\u0259r\/12062","title":{"rendered":"\u201cAz\u0259rbaycan Respublikas\u0131n\u0131n multikulturalizm siyas\u0259ti\u201d m\u00f6vzusunda t\u0259l\u0259b\u0259l\u0259rl\u0259 m\u00fczakir\u0259 apar\u0131l\u0131b"},"content":{"rendered":"<p><\/p>\n\n\n\n<p><strong>\u201cAz\u0259rbaycan Respublikas\u0131n\u0131n multikulturalizm siyas\u0259ti\u201d m\u00f6vzusunda t\u0259l\u0259b\u0259l\u0259rl\u0259 m\u00fczakir\u0259 apar\u0131l\u0131b<\/strong><br><em>Mart 19 , 2018 &#8211; 10:28<\/em><\/p>\n\n\n\n<p>Az\u0259rbaycan Respublikas\u0131n\u0131n Prezident yan\u0131nda D\u00f6vl\u0259t \u0130dar\u0259\u00e7ilik Akademiyas\u0131nda&nbsp;&nbsp;Az\u0259rbaycan&nbsp; Respublikas\u0131n\u0131n&nbsp;&nbsp;&nbsp; \u201cAz\u0259rbaycan Respublikas\u0131n\u0131n multikulturalizm siyas\u0259ti\u201d m\u00f6vzusuna h\u0259sr edilmi\u015f g\u00f6r\u00fc\u015f ke\u00e7irilmi\u015fdir.<\/p>\n\n\n\n<p>G\u00f6r\u00fc\u015fd\u0259 Akademiyan\u0131n \u201cH\u00fcmanitar v\u0259 sosial m\u0259s\u0259l\u0259l\u0259r \u00fczr\u0259\u201d prorektoru, h\u00fcquq elml\u0259ri doktoru Mehdi Abdullayev aktual m\u00f6vzulara h\u0259sr olunmu\u015f bu kimi g\u00f6r\u00fc\u015fl\u0259rin vacibliyini qeyd edib. O, d\u00f6vl\u0259t t\u0259r\u0259find\u0259n apar\u0131lan multikulturalizm siyas\u0259tinin Az\u0259rbaycan\u0131n brendin\u0259 \u00e7evrildiyini vur\u011fulayaraq Multikulturalizmin&nbsp;&nbsp;Az\u0259rbaycanda \u0259srl\u0259rd\u0259n b\u0259ri formala\u015fan bir d\u0259y\u0259r oldu\u011funu qeyd etmi\u015fdir.<\/p>\n\n\n\n<p>Daha sonra Prezident Administratsiyas\u0131n\u0131n&nbsp;&nbsp;&nbsp; \u201cMill\u0259tl\u0259raras\u0131 m\u00fcnasib\u0259tl\u0259r, multikulturalizm v\u0259 dini m\u0259s\u0259l\u0259l\u0259r\u201d \u015f\u00f6b\u0259sinin m\u00fcdiri, professor &nbsp;Etibar N\u0259c\u0259fov \u201cAz\u0259rbaycan Respublikas\u0131n\u0131n multikulturalizm siyas\u0259ti\u201d m\u00f6vzusunda geni\u015f \u00e7\u0131x\u0131\u015f edib. O, multikulturalizmin d\u00fcnya praktikas\u0131na n\u0259z\u0259r yetir\u0259r\u0259k, \u00f6lk\u0259d\u0259 bu s\u0259pkid\u0259ki m\u00f6vcud durum haqq\u0131nda fikirl\u0259rini b\u00f6l\u00fc\u015f\u00fcb. Diqq\u0259t\u0259 \u00e7atd\u0131r\u0131b ki, Az\u0259rbaycanda multikulturalizm d\u00f6vl\u0259t siyas\u0259tidir. Bu siyas\u0259tin Az\u0259rbaycanda b\u0259rq\u0259rar olmas\u0131nda ulu \u00f6nd\u0259r Heyd\u0259r \u018fliyevin rolu b\u00f6y\u00fckd\u00fcr. M\u00fcasir d\u00f6vrd\u0259 bu siyas\u0259t Prezident \u0130lham \u018fliyev t\u0259r\u0259find\u0259n u\u011furla h\u0259yata ke\u00e7irilir. Multikulturalizm t\u0259zah\u00fcrl\u0259rind\u0259n biri Az\u0259rbaycanda d\u00f6vl\u0259t v\u0259 din m\u00fcnasib\u0259tl\u0259rinin y\u00fcks\u0259k s\u0259viyy\u0259d\u0259 olmas\u0131d\u0131r. Bu is\u0259 \u00f6z\u00fcn\u00fc dini azadl\u0131qlar\u0131n t\u0259min edilm\u0259sind\u0259, b\u00fct\u00fcn dinl\u0259rin v\u0259 dini m\u0259zh\u0259bl\u0259rin qanun qar\u015f\u0131nda b\u0259rab\u0259r olmas\u0131nda, onlar\u0131n f\u0259aliyy\u0259tin\u0259 d\u00f6vl\u0259t t\u0259r\u0259find\u0259n d\u0259st\u0259k g\u00f6st\u0259rilm\u0259sind\u0259 v\u0259 dinl\u0259raras\u0131 m\u00fcnasib\u0259tl\u0259rin qar\u015f\u0131l\u0131ql\u0131 h\u00f6rm\u0259t v\u0259 \u0259m\u0259kda\u015fl\u0131q \u0259sas\u0131nda qurulmas\u0131nda g\u00f6st\u0259rir. Multikulturalizm siyas\u0259ti d\u00f6vl\u0259tin inki\u015faf\u0131nda m\u00fch\u00fcm rol oynay\u0131r. \u00d6lk\u0259miz d\u00fcnyada multukulturalizm m\u0259rk\u0259zi kimi tan\u0131n\u0131r v\u0259 onun bu sah\u0259d\u0259 rolu y\u00fcks\u0259k qiym\u0259tl\u0259ndirilir, t\u0259cr\u00fcb\u0259si \u00f6yr\u0259nilir.<\/p>\n\n\n\n<p>Professor Etibar N\u0259c\u0259fov qeyd edib ki, \u00f6lk\u0259mizin xarici siyas\u0259tinin \u0259sas istiqam\u0259tl\u0259rind\u0259n biri d\u00fcnyada m\u0259d\u0259niyy\u0259tl\u0259raras\u0131 v\u0259 sivilizasiyalararas\u0131 dialoqun t\u0259\u015fviqidir. Bu istiqam\u0259td\u0259 Az\u0259rbaycan b\u00f6y\u00fck u\u011furlara imza at\u0131b.\u00a0Son zamanlar bir \u2013 birinin ard\u0131nca \u00f6lk\u0259mizd\u0259 ba\u015f tutan beyn\u0259lxalq s\u0259viyy\u0259li t\u0259dbirl\u0259r bunun bariz n\u00fcmun\u0259sidir.\u00a0<br>\u00a0\u00a0\u00a0\u00a0\u00a0\u00a0\u00a0\u00a0 G\u00f6r\u00fc\u015f t\u0259l\u0259b\u0259l\u0259rin f\u0259al i\u015ftirak\u0131 \u015f\u0259klind\u0259 ke\u00e7mi\u015f, onlar m\u00f6vzu \u0259traf\u0131nda \u00f6z fikirl\u0259rini bildirmi\u015fl\u0259r. Sonda g\u0259ncl\u0259r ad\u0131ndan D\u0130A\u2013n\u0131n g\u0259ncl\u0259rl\u0259 i\u015f \u00fczr\u0259 m\u0259sul \u015f\u0259xsi Zaur M\u0259mm\u0259dov \u00e7\u0131x\u0131\u015f ed\u0259r\u0259k m\u00f6vzu \u0259traf\u0131nda ba\u015f tutan\u00a0\u00a0maraql\u0131 diskussiya \u00fc\u00e7\u00fcn t\u0259\u015f\u0259kk\u00fcr\u00fcn\u00fc bildirmi\u015fdir.<\/p>\n\n\n\n<p><\/p>\n\n\n\n<figure class=\"wp-container-2 wp-block-gallery-1 wp-block-gallery columns-2 is-cropped\"><ul class=\"blocks-gallery-grid\"><li class=\"blocks-gallery-item\"><figure><img width=\"640\" height=\"427\" src=\"https:\/\/dia.edu.az\/wp-content\/uploads\/2021\/03\/19.03.jpg\" alt=\"\" data-id=\"12063\" data-full-url=\"https:\/\/dia.edu.az\/wp-content\/uploads\/2021\/03\/19.03.jpg\" data-link=\"https:\/\/dia.edu.az\/?attachment_id=12063\" class=\"wp-image-12063\" srcset=\"https:\/\/legacy.dia.edu.az\/wp-content\/uploads\/2021\/03\/19.03.jpg 640w, https:\/\/legacy.dia.edu.az\/wp-content\/uploads\/2021\/03\/19.03-300x200.jpg 300w, https:\/\/legacy.dia.edu.az\/wp-content\/uploads\/2021\/03\/19.03-16x12.jpg 16w, https:\/\/legacy.dia.edu.az\/wp-content\/uploads\/2021\/03\/19.03-150x100.jpg 150w, https:\/\/legacy.dia.edu.az\/wp-content\/uploads\/2021\/03\/19.03-300x200@2x.jpg 600w\" sizes=\"(max-width: 640px) 100vw, 640px\" \/><\/figure><\/li><li class=\"blocks-gallery-item\"><figure><img width=\"616\" height=\"331\" src=\"https:\/\/dia.edu.az\/wp-content\/uploads\/2021\/03\/190318.jpg\" alt=\"\" data-id=\"12064\" data-full-url=\"https:\/\/dia.edu.az\/wp-content\/uploads\/2021\/03\/190318.jpg\" data-link=\"https:\/\/dia.edu.az\/?attachment_id=12064\" class=\"wp-image-12064\" srcset=\"https:\/\/legacy.dia.edu.az\/wp-content\/uploads\/2021\/03\/190318.jpg 616w, https:\/\/legacy.dia.edu.az\/wp-content\/uploads\/2021\/03\/190318-300x161.jpg 300w, https:\/\/legacy.dia.edu.az\/wp-content\/uploads\/2021\/03\/190318-16x9.jpg 16w, https:\/\/legacy.dia.edu.az\/wp-content\/uploads\/2021\/03\/190318-300x161@2x.jpg 600w\" sizes=\"(max-width: 616px) 100vw, 616px\" \/><\/figure><\/li><\/ul><\/figure>","protected":false},"excerpt":{"rendered":"<p>\u201cAz\u0259rbaycan Respublikas\u0131n\u0131n multikulturalizm siyas\u0259ti\u201d m\u00f6vzusunda t\u0259l\u0259b\u0259l\u0259rl\u0259 m\u00fczakir\u0259 apar\u0131l\u0131bMart 19 , 2018 &#8211; 10:28 Az\u0259rbaycan Respublikas\u0131n\u0131n Prezident yan\u0131nda D\u00f6vl\u0259t \u0130dar\u0259\u00e7ilik Akademiyas\u0131nda&nbsp;&nbsp;Az\u0259rbaycan&nbsp; Respublikas\u0131n\u0131n&nbsp;&nbsp;&nbsp; \u201cAz\u0259rbaycan Respublikas\u0131n\u0131n multikulturalizm siyas\u0259ti\u201d m\u00f6vzusuna h\u0259sr edilmi\u015f g\u00f6r\u00fc\u015f ke\u00e7irilmi\u015fdir. G\u00f6r\u00fc\u015fd\u0259 Akademiyan\u0131n \u201cH\u00fcmanitar v\u0259 sosial m\u0259s\u0259l\u0259l\u0259r \u00fczr\u0259\u201d prorektoru, h\u00fcquq elml\u0259ri doktoru Mehdi Abdullayev aktual m\u00f6vzulara h\u0259sr olunmu\u015f bu kimi g\u00f6r\u00fc\u015fl\u0259rin vacibliyini qeyd edib. O, d\u00f6vl\u0259t [&hellip;]<\/p>","protected":false},"author":2,"featured_media":12064,"comment_status":"closed","ping_status":"closed","sticky":false,"template":"","format":"standard","meta":[],"categories":[137],"tags":[],"_links":{"self":[{"href":"https:\/\/legacy.dia.edu.az\/ru\/wp-json\/wp\/v2\/posts\/12062"}],"collection":[{"href":"https:\/\/legacy.dia.edu.az\/ru\/wp-json\/wp\/v2\/posts"}],"about":[{"href":"https:\/\/legacy.dia.edu.az\/ru\/wp-json\/wp\/v2\/types\/post"}],"author":[{"embeddable":true,"href":"https:\/\/legacy.dia.edu.az\/ru\/wp-json\/wp\/v2\/users\/2"}],"replies":[{"embeddable":true,"href":"https:\/\/legacy.dia.edu.az\/ru\/wp-json\/wp\/v2\/comments?post=12062"}],"version-history":[{"count":0,"href":"https:\/\/legacy.dia.edu.az\/ru\/wp-json\/wp\/v2\/posts\/12062\/revisions"}],"wp:featuredmedia":[{"embeddable":true,"href":"https:\/\/legacy.dia.edu.az\/ru\/wp-json\/wp\/v2\/media\/12064"}],"wp:attachment":[{"href":"https:\/\/legacy.dia.edu.az\/ru\/wp-json\/wp\/v2\/media?parent=12062"}],"wp:term":[{"taxonomy":"category","embeddable":true,"href":"https:\/\/legacy.dia.edu.az\/ru\/wp-json\/wp\/v2\/categories?post=12062"},{"taxonomy":"post_tag","embeddable":true,"href":"https:\/\/legacy.dia.edu.az\/ru\/wp-json\/wp\/v2\/tags?post=12062"}],"curies":[{"name":"wp","href":"https:\/\/api.w.org\/{rel}","templated":true}]}}