{"id":12048,"date":"2018-04-17T00:32:00","date_gmt":"2018-04-16T21:32:00","guid":{"rendered":"https:\/\/dia.edu.az\/?p=12048"},"modified":"2021-03-15T00:34:21","modified_gmt":"2021-03-14T21:34:21","slug":"heyd%c9%99r-%c9%99liyev-dovl%c9%99t-idar%c9%99ciliyi-m%c9%99kt%c9%99bind%c9%99-dia-ya-yeni-q%c9%99bul-olunmus-doktorant-v%c9%99-dissertanlarin-ilk-m%c9%99sg%c9%99l%c9%99si-kecirilmisdir","status":"publish","type":"post","link":"https:\/\/legacy.dia.edu.az\/ru\/arxivl\u0259r\/12048","title":{"rendered":"Heyd\u0259r \u018fliyev D\u00f6vl\u0259t \u0130dar\u0259\u00e7iliyi M\u0259kt\u0259bind\u0259 D\u0130A-ya yeni q\u0259bul olunmu\u015f doktorant v\u0259 dissertanlar\u0131n ilk m\u0259\u015f\u011f\u0259l\u0259si ke\u00e7irilmi\u015fdir"},"content":{"rendered":"<p><\/p>\n\n\n\n<p><\/p>\n\n\n\n<p><strong>Heyd\u0259r \u018fliyev D\u00f6vl\u0259t \u0130dar\u0259\u00e7iliyi M\u0259kt\u0259bind\u0259 D\u0130A-ya yeni q\u0259bul olunmu\u015f doktorant v\u0259 dissertanlar\u0131n ilk m\u0259\u015f\u011f\u0259l\u0259si ke\u00e7irilmi\u015fdir<\/strong><br><em>Apr 17 , 2018 &#8211; 11:15<\/em><\/p>\n\n\n\n<p>Az\u0259rbaycan Respublikas\u0131n\u0131n Prezidenti&nbsp; yan\u0131nda D\u00f6vl\u0259t \u0130dar\u0259\u00e7ilik Akademiyas\u0131nda \u201cElmi t\u0259\u015fkilat v\u0259 beyn\u0259lxalq \u0259laq\u0259l\u0259r \u015f\u00f6b\u0259si\u201d t\u0259r\u0259find\u0259n m\u0259\u015f\u011f\u0259l\u0259 t\u0259\u015fkil edilmi\u015fdir.&nbsp; M\u0259\u015f\u011f\u0259l\u0259d\u0259 D\u00f6vl\u0259t \u0130dar\u0259\u00e7ilik Akademiyas\u0131n\u0131n rektoru, akademik Urxan \u018fl\u0259kb\u0259rov \u201cDavaml\u0131 v\u0259 inkl\u00fcziv inki\u015faf namin\u0259 yeni idar\u0259etm\u0259 texnologiyalar\u0131: Az\u0259rbaycan\u0131n t\u0259cr\u00fcb\u0259si\u201d m\u00f6vzusunda m\u0259ruz\u0259 il\u0259 \u00e7\u0131x\u0131\u015f etdi.<\/p>\n\n\n\n<p>Rektor ilk \u00f6nc\u0259 D\u0130A-a yeni q\u0259bul olunmu\u015f doktorant v\u0259 dissertantlar\u0131 t\u0259brik etdi v\u0259 onlara elmi f\u0259aliyy\u0259tl\u0259rind\u0259 u\u011furlar arzulad\u0131. Davaml\u0131 inki\u015faf\u0131n XXI \u0259sr v\u0259 \u00dc\u00e7\u00fcnc\u00fc Minilliyin ba\u015fl\u0131ca prioriteti olmas\u0131n\u0131 vur\u011fulayan akademik, \u00fcmummilli lider Heyd\u0259r \u018fliyev t\u0259r\u0259find\u0259n \u0259sas\u0131 qoyulan v\u0259 Az\u0259rbaycan Respublikas\u0131n\u0131n Prezidenti c\u0259nab \u0130lham \u018fliyevin inki\u015faf etdirdiyi u\u011furlu iqtisadi v\u0259 sosial siyas\u0259t say\u0259sind\u0259 \u201cDavaml\u0131 \u0130nki\u015faf M\u0259qs\u0259dl\u0259ri\u201dnd\u0259 yer alm\u0131\u015f v\u0259 2030-cu il\u0259 kimi d\u00fcnyada h\u0259lli planla\u015fd\u0131r\u0131lan bir \u00e7ox m\u0259s\u0259l\u0259l\u0259rin m\u00fc\u0259yy\u0259n d\u0259r\u0259c\u0259d\u0259 bizim \u00f6lk\u0259mizd\u0259 art\u0131q yerin\u0259 yetirildiyini qeyd etdi. M\u0259ruz\u0259d\u0259 h\u0259m\u00e7inin qeyd edildi ki, beyn\u0259lxalq statistikaya \u0259sas\u0259n, Az\u0259rbaycan Respublikas\u0131n\u0131n uzunm\u00fcdd\u0259tli t\u0259r\u0259qqinin \u0259sas \u015f\u0259rti olan davaml\u0131 inki\u015faf\u0131 h\u0259d\u0259fl\u0259y\u0259n nailiyy\u0259tl\u0259ri bug\u00fcn \u201cB\u00f6y\u00fck yeddilik\u201d (G 7) v\u0259 \u201cB\u00f6y\u00fck iyirmilik\u201d (G 20) d\u00f6vl\u0259tl\u0259ri il\u0259 m\u00fcqayis\u0259 olunacaq s\u0259viyy\u0259d\u0259dir, b\u0259zi hallarda is\u0259 onlar\u0131n g\u00f6st\u0259ricil\u0259rind\u0259n \u00fcst\u00fcnd\u00fcr.&nbsp;<\/p>\n\n\n\n<p>U.\u018fl\u0259kb\u0259rov 2018-ci ilin yanvar ay\u0131nda Davosda ke\u00e7iril\u0259n \u0130qtisadi Foruma diqq\u0259ti \u00e7\u0259k\u0259r\u0259k, 12 indikator \u00fczr\u0259 hesablanan inkl\u00fcziv inki\u015faf indeksin\u0259 g\u00f6r\u0259 \u00f6lk\u0259mizin inki\u015faf ed\u0259n \u00f6lk\u0259l\u0259r aras\u0131nda 3-c\u00fc yer\u0259 \u00e7\u0131xmas\u0131n\u0131 b\u00f6y\u00fck u\u011fur kimi qiym\u0259tl\u0259ndirdi. M\u0259lumat \u00fc\u00e7\u00fcn bildirildi ki, inkl\u00fcziv inki\u015faf indeksi, \u0259sas\u0259n, d\u00fcnyan\u0131n ayr\u0131-ayr\u0131 \u00f6lk\u0259l\u0259rind\u0259 \u00dcDM-in \u00e7e\u015fidli m\u0259nb\u0259l\u0259r hesab\u0131na art\u0131r\u0131lmas\u0131, t\u0259bii v\u0259 maliyy\u0259 resurslar\u0131n\u0131n s\u0259m\u0259r\u0259li idar\u0259 edilm\u0259si, \u0259hali aras\u0131nda sosial b\u0259rab\u0259rliyin g\u00fccl\u0259ndirilm\u0259si v\u0259 s. m\u00fch\u00fcm amill\u0259r n\u0259z\u0259r\u0259 al\u0131naraq m\u00fc\u0259yy\u0259n olunur.<\/p>\n\n\n\n<p>Daha sonra \u00f6z \u00e7\u0131x\u0131\u015f\u0131nda Az\u0259rbaycan Respublikas\u0131nda davaml\u0131 inkl\u00fcziv inki\u015faf sah\u0259sind\u0259 d\u00f6vl\u0259t siyas\u0259tinin y\u00fcks\u0259k s\u0259m\u0259r\u0259lilikl\u0259 planla\u015fd\u0131r\u0131lmas\u0131n\u0131n v\u0259 idar\u0259 edilm\u0259sinin innovativ idar\u0259etm\u0259 texnologiyalar\u0131 kompleksinin t\u0259tbiqi il\u0259 ba\u011fl\u0131 oldu\u011funu qeyd ed\u0259n akademik, onlar aras\u0131nda idar\u0259\u00e7ilik sah\u0259si \u00fc\u00e7\u00fcn m\u00fch\u00fcm olan sinergetik, komplimentar v\u0259 kompensasion texnologilar\u0131n x\u00fcsusi yer tutdu\u011funu vur\u011fulad\u0131. Natiq \u00f6lk\u0259nin innovativ t\u0259r\u0259qqisinin \u0259sas\u0131 kimi insan potensial\u0131n\u0131n formala\u015fd\u0131r\u0131lmas\u0131 konsepsiyas\u0131n\u0131n realla\u015fd\u0131r\u0131lmas\u0131nda Heyd\u0259r \u018fliyev Fondunun rolu m\u0259ruz\u0259d\u0259 x\u00fcsusi vur\u011fuland\u0131. Fondun ger\u00e7\u0259kl\u0259\u015fdirdiyi proqramlar, qurumun prezidenti, UNESCO v\u0259 ISESCO-nun xo\u015fm\u0259raml\u0131 s\u0259firi, \u00f6lk\u0259nin Birinci vitse-prezidenti Mehriban xan\u0131m \u018fliyevan\u0131n milli v\u0259 beyn\u0259lxalq s\u0259viyy\u0259l\u0259rd\u0259 f\u0259aliyy\u0259ti \u00f6lk\u0259nin innovativ t\u0259r\u0259qqisin\u0259 v\u0259 Az\u0259rbaycan Respublikas\u0131n\u0131n layiqli imicinin formala\u015fd\u0131r\u0131lmas\u0131na qiym\u0259tsiz t\u00f6hf\u0259 oldu\u011fu diqq\u0259t\u0259 \u00e7atd\u0131r\u0131ld\u0131.<\/p>\n\n\n\n<p>M\u0259\u015f\u011f\u0259l\u0259nin sonunda doktorant v\u0259 dissertantlar\u0131 maraqland\u0131ran suallar cavabland\u0131r\u0131ld\u0131.<\/p>\n\n\n\n<p><\/p>\n\n\n\n<figure class=\"wp-container-2 wp-block-gallery-1 wp-block-gallery columns-2 is-cropped\"><ul class=\"blocks-gallery-grid\"><li class=\"blocks-gallery-item\"><figure><img width=\"640\" height=\"457\" src=\"https:\/\/dia.edu.az\/wp-content\/uploads\/2021\/03\/14.04.jpg\" alt=\"\" data-id=\"12049\" data-full-url=\"https:\/\/dia.edu.az\/wp-content\/uploads\/2021\/03\/14.04.jpg\" data-link=\"https:\/\/dia.edu.az\/?attachment_id=12049\" class=\"wp-image-12049\" srcset=\"https:\/\/legacy.dia.edu.az\/wp-content\/uploads\/2021\/03\/14.04.jpg 640w, https:\/\/legacy.dia.edu.az\/wp-content\/uploads\/2021\/03\/14.04-300x214.jpg 300w, https:\/\/legacy.dia.edu.az\/wp-content\/uploads\/2021\/03\/14.04-16x12.jpg 16w, https:\/\/legacy.dia.edu.az\/wp-content\/uploads\/2021\/03\/14.04-300x214@2x.jpg 600w\" sizes=\"(max-width: 640px) 100vw, 640px\" \/><\/figure><\/li><li class=\"blocks-gallery-item\"><figure><img width=\"640\" height=\"461\" src=\"https:\/\/dia.edu.az\/wp-content\/uploads\/2021\/03\/1704.jpg\" alt=\"\" data-id=\"12050\" data-full-url=\"https:\/\/dia.edu.az\/wp-content\/uploads\/2021\/03\/1704.jpg\" data-link=\"https:\/\/dia.edu.az\/?attachment_id=12050\" class=\"wp-image-12050\" srcset=\"https:\/\/legacy.dia.edu.az\/wp-content\/uploads\/2021\/03\/1704.jpg 640w, https:\/\/legacy.dia.edu.az\/wp-content\/uploads\/2021\/03\/1704-300x216.jpg 300w, https:\/\/legacy.dia.edu.az\/wp-content\/uploads\/2021\/03\/1704-16x12.jpg 16w, https:\/\/legacy.dia.edu.az\/wp-content\/uploads\/2021\/03\/1704-360x260.jpg 360w, https:\/\/legacy.dia.edu.az\/wp-content\/uploads\/2021\/03\/1704-300x216@2x.jpg 600w\" sizes=\"(max-width: 640px) 100vw, 640px\" \/><\/figure><\/li><\/ul><\/figure>","protected":false},"excerpt":{"rendered":"<p>Heyd\u0259r \u018fliyev D\u00f6vl\u0259t \u0130dar\u0259\u00e7iliyi M\u0259kt\u0259bind\u0259 D\u0130A-ya yeni q\u0259bul olunmu\u015f doktorant v\u0259 dissertanlar\u0131n ilk m\u0259\u015f\u011f\u0259l\u0259si ke\u00e7irilmi\u015fdirApr 17 , 2018 &#8211; 11:15 Az\u0259rbaycan Respublikas\u0131n\u0131n Prezidenti&nbsp; yan\u0131nda D\u00f6vl\u0259t \u0130dar\u0259\u00e7ilik Akademiyas\u0131nda \u201cElmi t\u0259\u015fkilat v\u0259 beyn\u0259lxalq \u0259laq\u0259l\u0259r \u015f\u00f6b\u0259si\u201d t\u0259r\u0259find\u0259n m\u0259\u015f\u011f\u0259l\u0259 t\u0259\u015fkil edilmi\u015fdir.&nbsp; M\u0259\u015f\u011f\u0259l\u0259d\u0259 D\u00f6vl\u0259t \u0130dar\u0259\u00e7ilik Akademiyas\u0131n\u0131n rektoru, akademik Urxan \u018fl\u0259kb\u0259rov \u201cDavaml\u0131 v\u0259 inkl\u00fcziv inki\u015faf namin\u0259 yeni idar\u0259etm\u0259 texnologiyalar\u0131: Az\u0259rbaycan\u0131n t\u0259cr\u00fcb\u0259si\u201d [&hellip;]<\/p>","protected":false},"author":2,"featured_media":12049,"comment_status":"closed","ping_status":"closed","sticky":false,"template":"","format":"standard","meta":[],"categories":[137],"tags":[],"_links":{"self":[{"href":"https:\/\/legacy.dia.edu.az\/ru\/wp-json\/wp\/v2\/posts\/12048"}],"collection":[{"href":"https:\/\/legacy.dia.edu.az\/ru\/wp-json\/wp\/v2\/posts"}],"about":[{"href":"https:\/\/legacy.dia.edu.az\/ru\/wp-json\/wp\/v2\/types\/post"}],"author":[{"embeddable":true,"href":"https:\/\/legacy.dia.edu.az\/ru\/wp-json\/wp\/v2\/users\/2"}],"replies":[{"embeddable":true,"href":"https:\/\/legacy.dia.edu.az\/ru\/wp-json\/wp\/v2\/comments?post=12048"}],"version-history":[{"count":0,"href":"https:\/\/legacy.dia.edu.az\/ru\/wp-json\/wp\/v2\/posts\/12048\/revisions"}],"wp:featuredmedia":[{"embeddable":true,"href":"https:\/\/legacy.dia.edu.az\/ru\/wp-json\/wp\/v2\/media\/12049"}],"wp:attachment":[{"href":"https:\/\/legacy.dia.edu.az\/ru\/wp-json\/wp\/v2\/media?parent=12048"}],"wp:term":[{"taxonomy":"category","embeddable":true,"href":"https:\/\/legacy.dia.edu.az\/ru\/wp-json\/wp\/v2\/categories?post=12048"},{"taxonomy":"post_tag","embeddable":true,"href":"https:\/\/legacy.dia.edu.az\/ru\/wp-json\/wp\/v2\/tags?post=12048"}],"curies":[{"name":"wp","href":"https:\/\/api.w.org\/{rel}","templated":true}]}}