{"id":12038,"date":"2018-04-25T00:29:00","date_gmt":"2018-04-24T21:29:00","guid":{"rendered":"https:\/\/dia.edu.az\/?p=12038"},"modified":"2021-03-15T00:30:04","modified_gmt":"2021-03-14T21:30:04","slug":"dia-da-t%c9%99l%c9%99b%c9%99l%c9%99rin-yeni-ekosivil-dunya-klubu-f%c9%99aliyy%c9%99t%c9%99-baslamisdir","status":"publish","type":"post","link":"https:\/\/legacy.dia.edu.az\/ru\/arxivl\u0259r\/12038","title":{"rendered":"D\u0130A-da t\u0259l\u0259b\u0259l\u0259rin yeni \u201cEkosivil D\u00fcnya\u201d klubu f\u0259aliyy\u0259t\u0259 ba\u015flam\u0131\u015fd\u0131r"},"content":{"rendered":"<p><\/p>\n\n\n\n<p><strong>D\u0130A-da t\u0259l\u0259b\u0259l\u0259rin yeni \u201cEkosivil D\u00fcnya\u201d klubu f\u0259aliyy\u0259t\u0259 ba\u015flam\u0131\u015fd\u0131r<\/strong><br><em>Apr 25 , 2018 &#8211; 11:40<\/em><\/p>\n\n\n\n<p>Az\u0259rbaycan Respublikas\u0131n\u0131n Prezidenti yan\u0131nda D\u00f6vl\u0259t \u0130dar\u0259\u00e7ilik Akademiyas\u0131nda \u201cDavaml\u0131 inki\u015faf\u0131n planla\u015fd\u0131r\u0131lmas\u0131 v\u0259 idar\u0259 edilm\u0259si\u201d kafedras\u0131 t\u0259r\u0259find\u0259n \u201cEkosivil D\u00fcnya\u201d klubunun a\u00e7\u0131l\u0131\u015f t\u0259dbiri qeyd edilmi\u015fdir. &#8220;U\u011furlu g\u0259l\u0259c\u0259yin t\u0259m\u0259li-davaml\u0131 \u0130nki\u015faf&#8221; \u015fuar\u0131 il\u0259 ba\u015flayan klubun ilk t\u0259dbirind\u0259 akademiyan\u0131n rektoru akademik Urxan \u018fl\u0259kb\u0259rov i\u015ftirak etmi\u015fdir. Akademik Urxan \u018fl\u0259kb\u0259rov \u00f6nc\u0259likl\u0259 b\u00fct\u00fcn t\u0259dbir i\u015ftirak\u00e7\u0131lar\u0131n\u0131 salamlam\u0131\u015f, g\u0259ncl\u0259rin \u00f6lk\u0259 ictimaiyy\u0259tind\u0259 daha f\u0259al i\u015ftirak\u0131n\u0131 t\u0259min ed\u0259c\u0259k yeni klubun f\u0259aliyy\u0259tini y\u00fcks\u0259k qiym\u0259tl\u0259ndirmi\u015fdir. Natiq, Respublikam\u0131z\u0131n parlaq g\u0259l\u0259c\u0259yi namin\u0259 davaml\u0131 inki\u015faf\u0131n h\u0259d\u0259fl\u0259rin\u0259 nail olma\u011f\u0131n aktuall\u0131\u011f\u0131n\u0131 qeyd etmi\u015f v\u0259 yeni \u201cEkosivil D\u00fcnya\u201d klubuna g\u0259l\u0259c\u0259k f\u0259aliyy\u0259tind\u0259 u\u011furlar arzu etmi\u015fdir. Daha sonra klubun m\u0259sl\u0259h\u0259t\u00e7isi, \u201cDavaml\u0131 \u0130nki\u015faf\u0131n Planla\u015fd\u0131r\u0131lmas\u0131 v\u0259 \u0130dar\u0259 Edilm\u0259si\u201d kafedras\u0131n\u0131n dosenti El\u015fan \u018fhm\u0259dov klubun s\u0259dri N\u0259zrin \u018fhm\u0259dzad\u0259ni v\u0259 klubun \u00fczvl\u0259rini t\u0259dbir i\u015ftirak\u00e7\u0131lar\u0131na t\u0259qdim etmi\u015f, yeni klubun Respublika t\u0259hsil m\u00fc\u0259ssis\u0259l\u0259ri s\u0131ras\u0131nda \u201cDavaml\u0131 \u0130nki\u015faf\u201d ixtisas\u0131 istiqam\u0259tind\u0259 a\u00e7\u0131lan ilk klub oldu\u011funu vur\u011fulayaraq bu c\u00fcr resursun g\u0259l\u0259c\u0259k davaml\u0131 inki\u015faf namin\u0259 b\u00f6y\u00fck t\u00f6hv\u0259 ver\u0259c\u0259yini qeyd etmi\u015fdir. O, t\u0259l\u0259b\u0259l\u0259r\u0259 g\u00f6st\u0259ril\u0259n daim qay\u011f\u0131 v\u0259 diqq\u0259t \u00fc\u00e7\u00fcn Akademiya r\u0259hb\u0259rliyin\u0259 \u00f6z t\u0259\u015f\u0259kk\u00fcr\u00fcn\u00fc bildirdi.&nbsp; Daha sonra s\u00f6z klubun s\u0259dri N\u0259zrin \u018fhm\u0259dzad\u0259y\u0259 verildi. Klubun s\u0259dri ham\u0131n\u0131 salamlayaraq \u00f6nc\u0259likl\u0259 klubun a\u00e7\u0131l\u0131\u015f\u0131nda \u0259m\u0259yi olan h\u0259r k\u0259s\u0259 \u00f6z minn\u0259tdarl\u0131\u011f\u0131n\u0131 bildirdi v\u0259 klubun g\u0259l\u0259c\u0259k f\u0259aliyy\u0259ti haqq\u0131nda t\u0259dbir i\u015ftirak\u00e7\u0131lar\u0131na geni\u015f m\u0259lumat verdi.<\/p>\n\n\n\n<p>T\u0259dbird\u0259 akademik Urxan \u018fl\u0259kb\u0259rov m\u0259ruz\u0259 il\u0259 \u00e7\u0131x\u0131\u015f etmi\u015fdir. \u00d6z \u00e7\u0131x\u0131\u015f\u0131nda Az\u0259rbaycan Respublikas\u0131nda davaml\u0131 inkl\u00fcziv inki\u015faf sah\u0259sind\u0259 d\u00f6vl\u0259t siyas\u0259tinin y\u00fcks\u0259k s\u0259m\u0259r\u0259lilikl\u0259 planla\u015fd\u0131r\u0131lmas\u0131n\u0131n v\u0259 idar\u0259 edilm\u0259sinin innovativ idar\u0259etm\u0259 texnologiyalar\u0131 kompleksinin t\u0259tbiqi il\u0259 ba\u011fl\u0131 oldu\u011funu qeyd ed\u0259n akademik, onlar aras\u0131nda idar\u0259\u00e7ilik sah\u0259si \u00fc\u00e7\u00fcn m\u00fch\u00fcm olan sinergetik, komplimentar v\u0259 kompensasion texnologilar\u0131n x\u00fcsusi yer tutdu\u011funu vur\u011fulad\u0131. Natiq \u00f6lk\u0259nin innovativ t\u0259r\u0259qqisinin \u0259sas\u0131 kimi insan potensial\u0131n\u0131n formala\u015fd\u0131r\u0131lmas\u0131 konsepsiyas\u0131n\u0131n realla\u015fd\u0131r\u0131lmas\u0131nda Heyd\u0259r \u018fliyev Fondunun rolu m\u0259ruz\u0259d\u0259 x\u00fcsusi vur\u011fuland\u0131. Fondun ger\u00e7\u0259kl\u0259\u015fdirdiyi proqramlar, qurumun prezidenti, UNESCO v\u0259 ISESCO-nun xo\u015fm\u0259raml\u0131 s\u0259firi, \u00f6lk\u0259nin Birinci vitse-prezidenti Mehriban xan\u0131m \u018fliyevan\u0131n milli v\u0259 beyn\u0259lxalq s\u0259viyy\u0259l\u0259rd\u0259 f\u0259aliyy\u0259ti \u00f6lk\u0259nin innovativ t\u0259r\u0259qqisin\u0259 v\u0259 Az\u0259rbaycan Respublikas\u0131n\u0131n layiqli imicinin formala\u015fd\u0131r\u0131lmas\u0131na qiym\u0259tsiz t\u00f6hf\u0259 oldu\u011fu diqq\u0259t\u0259 \u00e7atd\u0131r\u0131ld\u0131. M\u0259ruz\u0259, g\u00fcn\u00fcm\u00fczd\u0259 getdikc\u0259 aktual m\u0259s\u0259l\u0259y\u0259 \u00e7evril\u0259n &#8220;davaml\u0131 inki\u015faf&#8221;\u0131n mahiy\u0259ti, davaml\u0131 inki\u015fafa nail olmaq \u00fc\u00e7\u00fcn d\u00fcnya \u00f6lk\u0259l\u0259rind\u0259, el\u0259c\u0259 d\u0259, Az\u0259rbaycanda g\u00f6r\u00fcl\u0259n i\u015fl\u0259r, davaml\u0131 inki\u015fafa nail olunmas\u0131 \u00fc\u00e7\u00fcn c\u0259miyy\u0259tin bu sah\u0259 il\u0259 ba\u011fl\u0131 maarifl\u0259ndirilm\u0259si kimi m\u00f6vzular\u0131 \u0259hat\u0259 etmi\u015fdir. M\u0259ruz\u0259d\u0259n sonra\u00a0 t\u0259l\u0259b\u0259l\u0259ri maraqland\u0131ran suallar cavabland\u0131r\u0131ld\u0131.\u00a0<\/p>\n\n\n\n<p><\/p>\n\n\n\n<figure class=\"wp-container-2 wp-block-gallery-1 wp-block-gallery columns-2 is-cropped\"><ul class=\"blocks-gallery-grid\"><li class=\"blocks-gallery-item\"><figure><img width=\"1024\" height=\"678\" src=\"https:\/\/dia.edu.az\/wp-content\/uploads\/2021\/03\/27.04-1024x678.jpg\" alt=\"\" data-id=\"12039\" data-full-url=\"https:\/\/dia.edu.az\/wp-content\/uploads\/2021\/03\/27.04-scaled.jpg\" data-link=\"https:\/\/dia.edu.az\/?attachment_id=12039\" class=\"wp-image-12039\" srcset=\"https:\/\/legacy.dia.edu.az\/wp-content\/uploads\/2021\/03\/27.04-1024x678.jpg 1024w, https:\/\/legacy.dia.edu.az\/wp-content\/uploads\/2021\/03\/27.04-300x199.jpg 300w, https:\/\/legacy.dia.edu.az\/wp-content\/uploads\/2021\/03\/27.04-1536x1017.jpg 1536w, https:\/\/legacy.dia.edu.az\/wp-content\/uploads\/2021\/03\/27.04-2048x1356.jpg 2048w, https:\/\/legacy.dia.edu.az\/wp-content\/uploads\/2021\/03\/27.04-16x12.jpg 16w, https:\/\/legacy.dia.edu.az\/wp-content\/uploads\/2021\/03\/27.04-150x100.jpg 150w, https:\/\/legacy.dia.edu.az\/wp-content\/uploads\/2021\/03\/27.04-300x199@2x.jpg 600w\" sizes=\"(max-width: 1024px) 100vw, 1024px\" \/><\/figure><\/li><li class=\"blocks-gallery-item\"><figure><img width=\"1024\" height=\"678\" src=\"https:\/\/dia.edu.az\/wp-content\/uploads\/2021\/03\/2704-1024x678.jpg\" alt=\"\" data-id=\"12040\" data-full-url=\"https:\/\/dia.edu.az\/wp-content\/uploads\/2021\/03\/2704-scaled.jpg\" data-link=\"https:\/\/dia.edu.az\/?attachment_id=12040\" class=\"wp-image-12040\" srcset=\"https:\/\/legacy.dia.edu.az\/wp-content\/uploads\/2021\/03\/2704-1024x678.jpg 1024w, https:\/\/legacy.dia.edu.az\/wp-content\/uploads\/2021\/03\/2704-300x199.jpg 300w, https:\/\/legacy.dia.edu.az\/wp-content\/uploads\/2021\/03\/2704-1536x1017.jpg 1536w, https:\/\/legacy.dia.edu.az\/wp-content\/uploads\/2021\/03\/2704-2048x1356.jpg 2048w, https:\/\/legacy.dia.edu.az\/wp-content\/uploads\/2021\/03\/2704-16x12.jpg 16w, https:\/\/legacy.dia.edu.az\/wp-content\/uploads\/2021\/03\/2704-150x100.jpg 150w, https:\/\/legacy.dia.edu.az\/wp-content\/uploads\/2021\/03\/2704-300x199@2x.jpg 600w\" sizes=\"(max-width: 1024px) 100vw, 1024px\" \/><\/figure><\/li><\/ul><\/figure>","protected":false},"excerpt":{"rendered":"<p>D\u0130A-da t\u0259l\u0259b\u0259l\u0259rin yeni \u201cEkosivil D\u00fcnya\u201d klubu f\u0259aliyy\u0259t\u0259 ba\u015flam\u0131\u015fd\u0131rApr 25 , 2018 &#8211; 11:40 Az\u0259rbaycan Respublikas\u0131n\u0131n Prezidenti yan\u0131nda D\u00f6vl\u0259t \u0130dar\u0259\u00e7ilik Akademiyas\u0131nda \u201cDavaml\u0131 inki\u015faf\u0131n planla\u015fd\u0131r\u0131lmas\u0131 v\u0259 idar\u0259 edilm\u0259si\u201d kafedras\u0131 t\u0259r\u0259find\u0259n \u201cEkosivil D\u00fcnya\u201d klubunun a\u00e7\u0131l\u0131\u015f t\u0259dbiri qeyd edilmi\u015fdir. &#8220;U\u011furlu g\u0259l\u0259c\u0259yin t\u0259m\u0259li-davaml\u0131 \u0130nki\u015faf&#8221; \u015fuar\u0131 il\u0259 ba\u015flayan klubun ilk t\u0259dbirind\u0259 akademiyan\u0131n rektoru akademik Urxan \u018fl\u0259kb\u0259rov i\u015ftirak etmi\u015fdir. Akademik Urxan \u018fl\u0259kb\u0259rov [&hellip;]<\/p>","protected":false},"author":2,"featured_media":12039,"comment_status":"closed","ping_status":"closed","sticky":false,"template":"","format":"standard","meta":[],"categories":[137],"tags":[],"_links":{"self":[{"href":"https:\/\/legacy.dia.edu.az\/ru\/wp-json\/wp\/v2\/posts\/12038"}],"collection":[{"href":"https:\/\/legacy.dia.edu.az\/ru\/wp-json\/wp\/v2\/posts"}],"about":[{"href":"https:\/\/legacy.dia.edu.az\/ru\/wp-json\/wp\/v2\/types\/post"}],"author":[{"embeddable":true,"href":"https:\/\/legacy.dia.edu.az\/ru\/wp-json\/wp\/v2\/users\/2"}],"replies":[{"embeddable":true,"href":"https:\/\/legacy.dia.edu.az\/ru\/wp-json\/wp\/v2\/comments?post=12038"}],"version-history":[{"count":0,"href":"https:\/\/legacy.dia.edu.az\/ru\/wp-json\/wp\/v2\/posts\/12038\/revisions"}],"wp:featuredmedia":[{"embeddable":true,"href":"https:\/\/legacy.dia.edu.az\/ru\/wp-json\/wp\/v2\/media\/12039"}],"wp:attachment":[{"href":"https:\/\/legacy.dia.edu.az\/ru\/wp-json\/wp\/v2\/media?parent=12038"}],"wp:term":[{"taxonomy":"category","embeddable":true,"href":"https:\/\/legacy.dia.edu.az\/ru\/wp-json\/wp\/v2\/categories?post=12038"},{"taxonomy":"post_tag","embeddable":true,"href":"https:\/\/legacy.dia.edu.az\/ru\/wp-json\/wp\/v2\/tags?post=12038"}],"curies":[{"name":"wp","href":"https:\/\/api.w.org\/{rel}","templated":true}]}}