{"id":12030,"date":"2018-05-01T00:26:00","date_gmt":"2018-04-30T21:26:00","guid":{"rendered":"https:\/\/dia.edu.az\/?p=12030"},"modified":"2021-03-15T00:27:01","modified_gmt":"2021-03-14T21:27:01","slug":"dovl%c9%99t-idar%c9%99ciliyind%c9%99-muasir-informasiya-texnologiyalarinin-yeni-perspektivl%c9%99ri-movzusunda-elmi-praktik-konfrans-kecirilib","status":"publish","type":"post","link":"https:\/\/legacy.dia.edu.az\/ru\/arxivl\u0259r\/12030","title":{"rendered":"\u201cD\u00f6vl\u0259t idar\u0259\u00e7iliyind\u0259 m\u00fcasir informasiya texnologiyalar\u0131n\u0131n yeni perspektivl\u0259ri\u201d m\u00f6vzusunda elmi-praktik konfrans ke\u00e7irilib"},"content":{"rendered":"<p><\/p>\n\n\n\n<p><strong>\u201cD\u00f6vl\u0259t idar\u0259\u00e7iliyind\u0259 m\u00fcasir informasiya texnologiyalar\u0131n\u0131n yeni perspektivl\u0259ri\u201d m\u00f6vzusunda elmi-praktik konfrans ke\u00e7irilib<\/strong><br><em>May 01 , 2018 &#8211; 10:42<\/em><\/p>\n\n\n\n<p>Az\u0259rbaycan Respublikasinin Prezidenti yan\u0131nda D\u00f6vl\u0259t \u0130dar\u0259\u00e7ilik Akademiyas\u0131n\u0131n \u201cD\u00f6vl\u0259t idar\u0259\u00e7iliyind\u0259 informasiya texnologiyalari\u201d kafedras\u0131n\u0131n t\u0259\u015fkilat\u00e7\u0131l\u0131\u011f\u0131 il\u0259 \u201cD\u00f6vl\u0259t idar\u0259\u00e7iliyind\u0259 m\u00fcasir informasiya texnologiyalar\u0131n\u0131n yeni perspektivl\u0259ri\u201d m\u00f6vzusunda elmi-praktik konfrans ke\u00e7irilib. Konfransda D\u00f6vl\u0259t \u0130dar\u0259\u00e7ilik Akademiyas\u0131n\u0131n, professor-m\u00fc\u0259llim hey\u0259ti, magistrantlar, t\u0259l\u0259b\u0259l\u0259r h\u0259m\u00e7inin dig\u0259r t\u0259\u015fkilatlar\u0131n t\u0259msil\u00e7il\u0259ri i\u015ftirak etmi\u015fdir. Elmi-praktik konfrans\u0131 giri\u015f s\u00f6z\u00fc il\u0259 Az\u0259rbaycan Respublikas\u0131n\u0131n Prezidenti yan\u0131nda D\u00f6vl\u0259t \u0130dar\u0259\u00e7ilik Akademiyas\u0131n\u0131n rektoru, akademik Urxan \u018fl\u0259kb\u0259rov giri\u015f s\u00f6z\u00fc il\u0259 a\u00e7\u0131b. Daha sonra&nbsp; Az\u0259rbaycan Respublikas\u0131n\u0131n Prezidenti yan\u0131nda D\u00f6vl\u0259t \u0130dar\u0259\u00e7ilik Akademiyas\u0131n\u0131n T\u0259dris i\u015fl\u0259ri \u00fczr\u0259 prorektoru, professor \u018flikram Abdullayev \u00e7\u0131x\u0131\u015f ed\u0259r\u0259k, idar\u0259\u00e7ilikd\u0259 m\u00fcasir informasiya texnologiyalar\u0131n\u0131n t\u0259tbiqi m\u0259s\u0259l\u0259l\u0259rin\u0259 toxunublar.<\/p>\n\n\n\n<p>Konfransda Anna Elya\u015fina&nbsp; \u201cSosial m\u00fcavin\u0259tl\u0259rin idar\u0259olunmas\u0131nda \u0130KT-nin t\u0259tbiqi\u201d, H\u0259s\u0259n N\u0259sirli \u201cSmart sayt konsepsiyas\u0131. texnoparklar, \u015f\u0259h\u0259rl\u0259rin m\u00fcasir inki\u015faf prinsipi\u201d, Hilal\u0259 C\u0259f\u0259rova \u201c\u0130dar\u0259etm\u0259d\u0259 q\u0259rar q\u0259buluna d\u0259st\u0259k ver\u0259n innovasiyalar. Microsoft Power BI\u201d,&nbsp; Ayt\u0259n \u018fliyeva \u201cS\u00fcni intellektin d\u00f6vl\u0259t idar\u0259\u00e7iliyind\u0259 t\u0259tbiqi\u201d, K\u0259nan K\u0259rimov \u201cD\u00f6vl\u0259t idar\u0259\u00e7iliyind\u0259 mobil texnologiyalardan istifad\u0259\u201d m\u00f6vzusunda m\u0259ruz\u0259l\u0259rl\u0259 \u00e7\u0131x\u0131\u015f edibl\u0259r.<\/p>\n\n\n\n<p>T\u0259dbirin sonunda \u201cD\u00f6vl\u0259t idar\u0259\u00e7iliyind\u0259 E-s\u0259n\u0259d d\u00f6vriyy\u0259si\u201d kitab\u0131n\u0131n t\u0259qdimat\u0131 oldu.<\/p>","protected":false},"excerpt":{"rendered":"<p>\u201cD\u00f6vl\u0259t idar\u0259\u00e7iliyind\u0259 m\u00fcasir informasiya texnologiyalar\u0131n\u0131n yeni perspektivl\u0259ri\u201d m\u00f6vzusunda elmi-praktik konfrans ke\u00e7irilibMay 01 , 2018 &#8211; 10:42 Az\u0259rbaycan Respublikasinin Prezidenti yan\u0131nda D\u00f6vl\u0259t \u0130dar\u0259\u00e7ilik Akademiyas\u0131n\u0131n \u201cD\u00f6vl\u0259t idar\u0259\u00e7iliyind\u0259 informasiya texnologiyalari\u201d kafedras\u0131n\u0131n t\u0259\u015fkilat\u00e7\u0131l\u0131\u011f\u0131 il\u0259 \u201cD\u00f6vl\u0259t idar\u0259\u00e7iliyind\u0259 m\u00fcasir informasiya texnologiyalar\u0131n\u0131n yeni perspektivl\u0259ri\u201d m\u00f6vzusunda elmi-praktik konfrans ke\u00e7irilib. Konfransda D\u00f6vl\u0259t \u0130dar\u0259\u00e7ilik Akademiyas\u0131n\u0131n, professor-m\u00fc\u0259llim hey\u0259ti, magistrantlar, t\u0259l\u0259b\u0259l\u0259r h\u0259m\u00e7inin dig\u0259r t\u0259\u015fkilatlar\u0131n t\u0259msil\u00e7il\u0259ri i\u015ftirak etmi\u015fdir. [&hellip;]<\/p>","protected":false},"author":2,"featured_media":12031,"comment_status":"closed","ping_status":"closed","sticky":false,"template":"","format":"standard","meta":[],"categories":[137],"tags":[],"_links":{"self":[{"href":"https:\/\/legacy.dia.edu.az\/ru\/wp-json\/wp\/v2\/posts\/12030"}],"collection":[{"href":"https:\/\/legacy.dia.edu.az\/ru\/wp-json\/wp\/v2\/posts"}],"about":[{"href":"https:\/\/legacy.dia.edu.az\/ru\/wp-json\/wp\/v2\/types\/post"}],"author":[{"embeddable":true,"href":"https:\/\/legacy.dia.edu.az\/ru\/wp-json\/wp\/v2\/users\/2"}],"replies":[{"embeddable":true,"href":"https:\/\/legacy.dia.edu.az\/ru\/wp-json\/wp\/v2\/comments?post=12030"}],"version-history":[{"count":0,"href":"https:\/\/legacy.dia.edu.az\/ru\/wp-json\/wp\/v2\/posts\/12030\/revisions"}],"wp:featuredmedia":[{"embeddable":true,"href":"https:\/\/legacy.dia.edu.az\/ru\/wp-json\/wp\/v2\/media\/12031"}],"wp:attachment":[{"href":"https:\/\/legacy.dia.edu.az\/ru\/wp-json\/wp\/v2\/media?parent=12030"}],"wp:term":[{"taxonomy":"category","embeddable":true,"href":"https:\/\/legacy.dia.edu.az\/ru\/wp-json\/wp\/v2\/categories?post=12030"},{"taxonomy":"post_tag","embeddable":true,"href":"https:\/\/legacy.dia.edu.az\/ru\/wp-json\/wp\/v2\/tags?post=12030"}],"curies":[{"name":"wp","href":"https:\/\/api.w.org\/{rel}","templated":true}]}}