{"id":12025,"date":"2018-05-01T00:24:00","date_gmt":"2018-04-30T21:24:00","guid":{"rendered":"https:\/\/dia.edu.az\/?p=12025"},"modified":"2021-03-15T00:25:47","modified_gmt":"2021-03-14T21:25:47","slug":"dovl%c9%99t-idar%c9%99cilik-akademiyasinda-turkiy%c9%99nin-yuks%c9%99k-v%c9%99zif%c9%99li-dovl%c9%99t-qulluqculari-ucun-novb%c9%99ti-t%c9%99lim-seminar","status":"publish","type":"post","link":"https:\/\/legacy.dia.edu.az\/ru\/arxivl\u0259r\/12025","title":{"rendered":"D\u00f6vl\u0259t \u0130dar\u0259\u00e7ilik Akademiyas\u0131nda T\u00fcrkiy\u0259nin y\u00fcks\u0259k v\u0259zif\u0259li d\u00f6vl\u0259t qulluq\u00e7ular\u0131 \u00fc\u00e7\u00fcn n\u00f6vb\u0259ti t\u0259lim-seminar"},"content":{"rendered":"<p><\/p>\n\n\n\n<p><\/p>\n\n\n\n<p><strong>D\u00f6vl\u0259t \u0130dar\u0259\u00e7ilik Akademiyas\u0131nda T\u00fcrkiy\u0259nin y\u00fcks\u0259k v\u0259zif\u0259li d\u00f6vl\u0259t qulluq\u00e7ular\u0131 \u00fc\u00e7\u00fcn n\u00f6vb\u0259ti t\u0259lim-seminar<\/strong><br><em>May 01 , 2018 &#8211; 03:38<\/em><\/p>\n\n\n\n<p>Az\u0259rbaycan Respublikas\u0131n\u0131n Prezidenti yan\u0131nda D\u00f6vl\u0259t \u0130dar\u0259\u00e7ilik Akademiyas\u0131nda (D\u0130A) bu ali m\u0259kt\u0259b il\u0259 T\u00fcrkiy\u0259 v\u0259 Orta \u015e\u0259rq D\u00f6vl\u0259t \u0130dar\u0259etm\u0259 \u0130nstitutu aras\u0131nda imzalanm\u0131\u015f Anla\u015fma Protokolu \u00e7\u0259r\u00e7iv\u0259sind\u0259 birg\u0259 yarad\u0131lm\u0131\u015f \u201cQafqaz D\u00f6vl\u0259t \u0130dar\u0259\u00e7iliyi Ara\u015fd\u0131rma v\u0259 T\u0259dris M\u0259rk\u0259zi\u201dnd\u0259 T\u00fcrkiy\u0259nin y\u00fcks\u0259k v\u0259zif\u0259li d\u00f6vl\u0259t qulluq\u00e7ular\u0131 \u00fc\u00e7\u00fcn n\u00f6vb\u0259ti t\u0259lim-seminar ke\u00e7irilib.<\/p>\n\n\n\n<p>T\u00fcrkiy\u0259nin Nazirl\u0259r Kabineti, M\u00fcdafi\u0259, \u018fdliyy\u0259, Daxili \u0130\u015fl\u0259r, T\u0259hsil, \u018fm\u0259k v\u0259 Sosial M\u00fcdafi\u0259, M\u0259d\u0259niyy\u0259t v\u0259 Turizm, K\u0259nd T\u0259s\u0259rr\u00fcfat\u0131, \u018ftraf M\u00fchit v\u0259 \u015e\u0259h\u0259rsalma, Rabit\u0259 v\u0259 N\u0259qliyyat nazirlikl\u0259rinin, Miqrasiya \u0130dar\u0259si v\u0259 dig\u0259r m\u0259rk\u0259zi qurumlar\u0131n\u0131n y\u00fcks\u0259k v\u0259zif\u0259li d\u00f6vl\u0259t qulluq\u00e7ular\u0131n\u0131n i\u015ftirak etdikl\u0259ri t\u0259dbird\u0259 D\u0130A-n\u0131n rektoru, akademik Urxan \u018fl\u0259kb\u0259rovun \u201cDavaml\u0131 v\u0259 inkl\u00fcziv inki\u015faf \u00fc\u00e7\u00fcn s\u0259m\u0259r\u0259li idar\u0259etm\u0259: Az\u0259rbaycan t\u0259cr\u00fcb\u0259si\u201d m\u00f6vzusunda m\u0259ruz\u0259si dinl\u0259nilib.<\/p>\n\n\n\n<p>\u00dcmummilli lider Heyd\u0259r \u018fliyevin misilsiz tarixi xidm\u0259tl\u0259rind\u0259n, z\u0259ngin d\u00f6vl\u0259t idar\u0259\u00e7ilik t\u0259cr\u00fcb\u0259sinin \u0259h\u0259miyy\u0259tind\u0259n dan\u0131\u015fan akademik U.\u018fl\u0259kb\u0259rov Ulu \u00d6nd\u0259rin ideyalar\u0131n\u0131n Prezident \u0130lham \u018fliyev t\u0259r\u0259find\u0259n q\u0259tiyy\u0259tl\u0259 h\u0259yata ke\u00e7irildiyini bildirib. Rektor bu g\u00fcn \u0259ld\u0259 edilmi\u015f nailiyy\u0259tl\u0259rin \u0259sas\u0131nda Prezident \u0130lham \u018fliyevin h\u0259yata ke\u00e7irdiyi innovativ inki\u015faf strategiyas\u0131n\u0131n dayand\u0131\u011f\u0131n\u0131 diqq\u0259t\u0259 \u00e7atd\u0131r\u0131b. Az\u0259rbaycan\u0131n bir \u00e7ox istiqam\u0259tl\u0259rd\u0259 regional v\u0259 qlobal lider\u0259 \u00e7evrildiyini qeyd ed\u0259n akademik U.\u018fl\u0259kb\u0259rov son 15 ild\u0259 \u00f6lk\u0259mizd\u0259 davaml\u0131 inki\u015faf \u00fc\u00e7\u00fcn iqtisadi baza yarad\u0131ld\u0131\u011f\u0131n\u0131 vur\u011fulay\u0131b. Qeyd olunub ki, Az\u0259rbaycan son ill\u0259rd\u0259 bir \u00e7ox davaml\u0131 inki\u015faf g\u00f6st\u0259ricil\u0259ri v\u0259 sosial indikatorlara g\u00f6r\u0259 \u201cB\u00f6y\u00fck \u0130yirmilik\u201d v\u0259 \u201cB\u00f6y\u00fck Yeddilik\u201d \u00f6lk\u0259l\u0259rinin \u0259ks\u0259riyy\u0259tini \u00fcst\u0259l\u0259yir. Akademik U.\u018fl\u0259kb\u0259rov \u00f6lk\u0259mizin inki\u015faf g\u00f6st\u0259ricil\u0259rinin bir \u00e7ox beyn\u0259lxalq t\u0259\u015fkilatlar, o c\u00fcml\u0259d\u0259n BMT, D\u00fcnya Bank\u0131 v\u0259 dig\u0259r n\u00fcfuzlu qurumlar\u0131n r\u0259smi s\u0259n\u0259dl\u0259rind\u0259, m\u00fcst\u0259qil ekspertl\u0259r t\u0259r\u0259find\u0259n haz\u0131rlanm\u0131\u015f hesabatlarda t\u0259sdiqini tapd\u0131\u011f\u0131n\u0131 da x\u00fcsusi vur\u011fulay\u0131b.<\/p>\n\n\n\n<p>Rektor bildirib ki, qazan\u0131lan u\u011furlar\u0131n k\u00f6k\u00fcnd\u0259 yaln\u0131z yax\u015f\u0131 idar\u0259\u00e7ilik, Prezident \u0130lham \u018fliyevin t\u0259tbiq etdiyi innovativ idar\u0259etm\u0259 texnologiyalar\u0131 v\u0259 d\u00f6vl\u0259t institutlar\u0131n\u0131n, v\u0259t\u0259nda\u015f c\u0259miyy\u0259tinin v\u0259 \u00f6z\u0259l sektorun birg\u0259 f\u0259aliyy\u0259tinin kombinasiyas\u0131 dayan\u0131r. Qeyd edilib ki, 2018-ci ilin yanvar\u0131nda ke\u00e7iril\u0259n Davos forumunun hesabat\u0131nda inkl\u00fcziv inki\u015faf indeksin\u0259 g\u00f6r\u0259 Az\u0259rbaycan ke\u00e7id iqtisadiyyat\u0131na malik \u00f6lk\u0259l\u0259r aras\u0131nda \u00fc\u00e7\u00fcnc\u00fc yerd\u0259 q\u0259rarla\u015faraq, iqtisadi g\u00f6st\u0259ricil\u0259ri daha y\u00fcks\u0259k olan Avropa \u0130ttifaq\u0131 \u00f6lk\u0259l\u0259rini bel\u0259, gerid\u0259 qoyub. Akademik U.\u018fl\u0259kb\u0259rov innovativ inki\u015faf strategiyas\u0131n\u0131n realla\u015fd\u0131r\u0131lmas\u0131nda Az\u0259rbaycan Respublikas\u0131n\u0131n Birinci vitse-prezidenti Mehriban xan\u0131m \u018fliyevan\u0131n x\u00fcsusi rolunu qeyd edib v\u0259 bu sah\u0259d\u0259 d\u00f6vl\u0259t qurumlar\u0131 il\u0259 yana\u015f\u0131, v\u0259t\u0259nda\u015f c\u0259miyy\u0259tinin, x\u00fcsusil\u0259 Heyd\u0259r \u018fliyev Fondunun \u00f6n\u0259mli f\u0259aliyy\u0259tini diqq\u0259t\u0259 \u00e7atd\u0131r\u0131b.<\/p>\n\n\n\n<p>T\u0259lim-seminarda D\u0130A-n\u0131n Siyasi Ara\u015fd\u0131rmalar \u0130nstitutunun direktoru, Milli M\u0259clisin deputat\u0131, professor Elman N\u0259sirov \u201cAz\u0259rbaycan-T\u00fcrkiy\u0259 m\u00fcnasib\u0259tl\u0259ri\u201d, Milli M\u0259clisin deputat\u0131, Yeni Az\u0259rbaycan Partiyas\u0131 \u0130cra Katibliyinin siyasi t\u0259hlil v\u0259 proqnozla\u015fd\u0131rma \u015f\u00f6b\u0259sinin m\u00fcdiri Ayd\u0131n Mirz\u0259zad\u0259 \u201cXalq diplomatiyas\u0131\u201d m\u00f6vzular\u0131nda m\u0259ruz\u0259 il\u0259 \u00e7\u0131x\u0131\u015f edibl\u0259r.<\/p>\n\n\n\n<p>M\u0259ruz\u0259\u00e7il\u0259r Az\u0259rbaycan v\u0259 T\u00fcrkiy\u0259nin regionun g\u00fcc m\u0259rk\u0259zl\u0259ri olmaqla yana\u015f\u0131, eyni zamanda, elm, bilik m\u0259rk\u0259zi kimi formala\u015fmas\u0131 bax\u0131m\u0131ndan \u0259h\u0259miyy\u0259tini qeyd edib, h\u0259r iki \u00f6lk\u0259nin d\u00f6vl\u0259t qulluq\u00e7ular\u0131n\u0131n t\u0259cr\u00fcb\u0259 m\u00fcbadil\u0259si aparmalar\u0131n\u0131n, kadr potensial\u0131n\u0131n t\u0259kmill\u0259\u015fdirilm\u0259si sah\u0259sind\u0259 h\u0259yata ke\u00e7iril\u0259n t\u0259\u015f\u0259bb\u00fcsl\u0259rin \u00f6n\u0259mliliyini diqq\u0259t\u0259 \u00e7atd\u0131r\u0131blar.<\/p>\n\n\n\n<p>Sonra suallar cavabland\u0131r\u0131l\u0131b.<\/p>\n\n\n\n<p><\/p>\n\n\n\n<figure class=\"wp-container-2 wp-block-gallery-1 wp-block-gallery columns-3 is-cropped\"><ul class=\"blocks-gallery-grid\"><li class=\"blocks-gallery-item\"><figure><img width=\"640\" height=\"457\" src=\"https:\/\/dia.edu.az\/wp-content\/uploads\/2021\/03\/01.05.18.jpg\" alt=\"\" data-id=\"12026\" data-full-url=\"https:\/\/dia.edu.az\/wp-content\/uploads\/2021\/03\/01.05.18.jpg\" data-link=\"https:\/\/dia.edu.az\/?attachment_id=12026\" class=\"wp-image-12026\" srcset=\"https:\/\/legacy.dia.edu.az\/wp-content\/uploads\/2021\/03\/01.05.18.jpg 640w, https:\/\/legacy.dia.edu.az\/wp-content\/uploads\/2021\/03\/01.05.18-300x214.jpg 300w, https:\/\/legacy.dia.edu.az\/wp-content\/uploads\/2021\/03\/01.05.18-16x12.jpg 16w, https:\/\/legacy.dia.edu.az\/wp-content\/uploads\/2021\/03\/01.05.18-300x214@2x.jpg 600w\" sizes=\"(max-width: 640px) 100vw, 640px\" \/><\/figure><\/li><li class=\"blocks-gallery-item\"><figure><img width=\"640\" height=\"424\" src=\"https:\/\/dia.edu.az\/wp-content\/uploads\/2021\/03\/01.05.jpg\" alt=\"\" data-id=\"12027\" data-full-url=\"https:\/\/dia.edu.az\/wp-content\/uploads\/2021\/03\/01.05.jpg\" data-link=\"https:\/\/dia.edu.az\/?attachment_id=12027\" class=\"wp-image-12027\" srcset=\"https:\/\/legacy.dia.edu.az\/wp-content\/uploads\/2021\/03\/01.05.jpg 640w, https:\/\/legacy.dia.edu.az\/wp-content\/uploads\/2021\/03\/01.05-300x199.jpg 300w, https:\/\/legacy.dia.edu.az\/wp-content\/uploads\/2021\/03\/01.05-16x12.jpg 16w, https:\/\/legacy.dia.edu.az\/wp-content\/uploads\/2021\/03\/01.05-150x100.jpg 150w, https:\/\/legacy.dia.edu.az\/wp-content\/uploads\/2021\/03\/01.05-300x199@2x.jpg 600w\" sizes=\"(max-width: 640px) 100vw, 640px\" \/><\/figure><\/li><li class=\"blocks-gallery-item\"><figure><img width=\"640\" height=\"424\" src=\"https:\/\/dia.edu.az\/wp-content\/uploads\/2021\/03\/0105.jpg\" alt=\"\" data-id=\"12028\" data-full-url=\"https:\/\/dia.edu.az\/wp-content\/uploads\/2021\/03\/0105.jpg\" data-link=\"https:\/\/dia.edu.az\/?attachment_id=12028\" class=\"wp-image-12028\" srcset=\"https:\/\/legacy.dia.edu.az\/wp-content\/uploads\/2021\/03\/0105.jpg 640w, https:\/\/legacy.dia.edu.az\/wp-content\/uploads\/2021\/03\/0105-300x199.jpg 300w, https:\/\/legacy.dia.edu.az\/wp-content\/uploads\/2021\/03\/0105-16x12.jpg 16w, https:\/\/legacy.dia.edu.az\/wp-content\/uploads\/2021\/03\/0105-150x100.jpg 150w, https:\/\/legacy.dia.edu.az\/wp-content\/uploads\/2021\/03\/0105-300x199@2x.jpg 600w\" sizes=\"(max-width: 640px) 100vw, 640px\" \/><\/figure><\/li><\/ul><\/figure>","protected":false},"excerpt":{"rendered":"<p>D\u00f6vl\u0259t \u0130dar\u0259\u00e7ilik Akademiyas\u0131nda T\u00fcrkiy\u0259nin y\u00fcks\u0259k v\u0259zif\u0259li d\u00f6vl\u0259t qulluq\u00e7ular\u0131 \u00fc\u00e7\u00fcn n\u00f6vb\u0259ti t\u0259lim-seminarMay 01 , 2018 &#8211; 03:38 Az\u0259rbaycan Respublikas\u0131n\u0131n Prezidenti yan\u0131nda D\u00f6vl\u0259t \u0130dar\u0259\u00e7ilik Akademiyas\u0131nda (D\u0130A) bu ali m\u0259kt\u0259b il\u0259 T\u00fcrkiy\u0259 v\u0259 Orta \u015e\u0259rq D\u00f6vl\u0259t \u0130dar\u0259etm\u0259 \u0130nstitutu aras\u0131nda imzalanm\u0131\u015f Anla\u015fma Protokolu \u00e7\u0259r\u00e7iv\u0259sind\u0259 birg\u0259 yarad\u0131lm\u0131\u015f \u201cQafqaz D\u00f6vl\u0259t \u0130dar\u0259\u00e7iliyi Ara\u015fd\u0131rma v\u0259 T\u0259dris M\u0259rk\u0259zi\u201dnd\u0259 T\u00fcrkiy\u0259nin y\u00fcks\u0259k v\u0259zif\u0259li d\u00f6vl\u0259t qulluq\u00e7ular\u0131 \u00fc\u00e7\u00fcn [&hellip;]<\/p>","protected":false},"author":2,"featured_media":12026,"comment_status":"closed","ping_status":"closed","sticky":false,"template":"","format":"standard","meta":[],"categories":[137],"tags":[],"_links":{"self":[{"href":"https:\/\/legacy.dia.edu.az\/ru\/wp-json\/wp\/v2\/posts\/12025"}],"collection":[{"href":"https:\/\/legacy.dia.edu.az\/ru\/wp-json\/wp\/v2\/posts"}],"about":[{"href":"https:\/\/legacy.dia.edu.az\/ru\/wp-json\/wp\/v2\/types\/post"}],"author":[{"embeddable":true,"href":"https:\/\/legacy.dia.edu.az\/ru\/wp-json\/wp\/v2\/users\/2"}],"replies":[{"embeddable":true,"href":"https:\/\/legacy.dia.edu.az\/ru\/wp-json\/wp\/v2\/comments?post=12025"}],"version-history":[{"count":0,"href":"https:\/\/legacy.dia.edu.az\/ru\/wp-json\/wp\/v2\/posts\/12025\/revisions"}],"wp:featuredmedia":[{"embeddable":true,"href":"https:\/\/legacy.dia.edu.az\/ru\/wp-json\/wp\/v2\/media\/12026"}],"wp:attachment":[{"href":"https:\/\/legacy.dia.edu.az\/ru\/wp-json\/wp\/v2\/media?parent=12025"}],"wp:term":[{"taxonomy":"category","embeddable":true,"href":"https:\/\/legacy.dia.edu.az\/ru\/wp-json\/wp\/v2\/categories?post=12025"},{"taxonomy":"post_tag","embeddable":true,"href":"https:\/\/legacy.dia.edu.az\/ru\/wp-json\/wp\/v2\/tags?post=12025"}],"curies":[{"name":"wp","href":"https:\/\/api.w.org\/{rel}","templated":true}]}}