{"id":11980,"date":"2018-05-25T22:25:00","date_gmt":"2018-05-25T19:25:00","guid":{"rendered":"https:\/\/dia.edu.az\/?p=11980"},"modified":"2021-03-14T22:26:32","modified_gmt":"2021-03-14T19:26:32","slug":"dovl%c9%99t-idar%c9%99cilik-akademiyasinda-multikulturalizm-az%c9%99rbaycan-respublikasinin-dovl%c9%99t-siyas%c9%99ti-kimi-istiqam%c9%99ti-uzr%c9%99-qisamudd%c9%99tli-ixtisasartirma","status":"publish","type":"post","link":"https:\/\/legacy.dia.edu.az\/ru\/arxivl\u0259r\/11980","title":{"rendered":"D\u00f6vl\u0259t \u0130dar\u0259\u00e7ilik Akademiyas\u0131nda \u201cMultikulturalizm-Az\u0259rbaycan Respublikas\u0131n\u0131n d\u00f6vl\u0259t siyas\u0259ti kimi\u201d istiqam\u0259ti \u00fczr\u0259 q\u0131sam\u00fcdd\u0259tli ixtisasart\u0131rma kursu ke\u00e7irilib"},"content":{"rendered":"<p><\/p>\n\n\n\n<p><strong>D\u00f6vl\u0259t \u0130dar\u0259\u00e7ilik Akademiyas\u0131nda \u201cMultikulturalizm-Az\u0259rbaycan Respublikas\u0131n\u0131n d\u00f6vl\u0259t siyas\u0259ti kimi\u201d istiqam\u0259ti \u00fczr\u0259 q\u0131sam\u00fcdd\u0259tli ixtisasart\u0131rma kursu ke\u00e7irilib<\/strong><br><em>May 25 , 2018 &#8211; 10:30<\/em><\/p>\n\n\n\n<p>Az\u0259rbaycan Respublikas\u0131n\u0131n Prezidenti yan\u0131nda D\u00f6vl\u0259t \u0130dar\u0259\u00e7ilik Akademiyas\u0131nda \u201cMultikulturalizm-Az\u0259rbaycan Respublikas\u0131n\u0131n d\u00f6vl\u0259t siyas\u0259ti kimi\u201d istiqam\u0259ti \u00fczr\u0259q\u0131sam\u00fcdd\u0259tli&nbsp; ixtisasart\u0131rma kursu ke\u00e7irilmi\u015fdir. Kursa d\u00f6vl\u0259t orqanlar\u0131nda \u00e7al\u0131\u015fan m\u00fcvafiq d\u00f6vl\u0259t qulluq\u00e7ular\u0131 c\u0259lb olunmu\u015flar.<\/p>\n\n\n\n<p>&nbsp;&nbsp;&nbsp;&nbsp; &nbsp;&nbsp;&nbsp;&nbsp;&nbsp;&nbsp; Bu istiqam\u0259td\u0259 kursun \u0259sas m\u0259qs\u0259di Etnik-m\u0259d\u0259ni m\u00fcxt\u0259lifliyin t\u0259nziml\u0259nm\u0259sind\u0259 assimilyasiya, izolyasiya v\u0259 multikulturalizm siyas\u0259tl\u0259rinin m\u00fcqayis\u0259li t\u0259hlili, Az\u0259rbaycan\u0131n m\u00fcasir iqtisadi-sosial inki\u015faf\u0131 v\u0259 multikulturalizm, Az\u0259rbaycanda islami d\u0259y\u0259rl\u0259r: tarixilik, varislik v\u0259 m\u00fcasirlik, Az\u0259rbaycandak\u0131 dini m\u00fcxt\u0259liflik multikulturalizm kontekstind\u0259 v\u0259 s. probleml\u0259rl\u0259&nbsp; ba\u011fl\u0131 bilikl\u0259rin dinl\u0259yicil\u0259r\u0259 \u00e7atd\u0131r\u0131lmas\u0131 v\u0259 onlar il\u0259 fikir m\u00fcbadil\u0259sinin apar\u0131lmas\u0131 idi.<\/p>\n\n\n\n<p>&nbsp;&nbsp;&nbsp;&nbsp; &nbsp;&nbsp;Kurs \u0259rzind\u0259 \u201cMultikulturalizm-Az\u0259rbaycan Respublikas\u0131n\u0131n d\u00f6vl\u0259t siyas\u0259ti kimi\u201d istiqam\u0259ti \u00fczr\u0259-Az\u0259rbaycan Respublikas\u0131 Prezidentinin Administrasiyas\u0131n\u0131n Mill\u0259tl\u0259raras\u0131 M\u00fcnasib\u0259tl\u0259r, Multikulturalizm v\u0259 Dini M\u0259s\u0259l\u0259l\u0259r \u015f\u00f6b\u0259sinin m\u00fcdiri, professor Etibar N\u0259c\u0259fov, Az\u0259rbaycan Respublikas\u0131n\u0131n Prezidenti yan\u0131nda D\u00f6vl\u0259t \u0130dar\u0259\u00e7ilik Akademiyas\u0131n\u0131n rektoru, akademik Urxan \u018fl\u0259kb\u0259rov, Az\u0259rbaycan Respublikas\u0131n\u0131n Dini Qurumlarla \u0130\u015f \u00fczr\u0259 D\u00f6vl\u0259t Komit\u0259sinin s\u0259dri M\u00fcbariz Qurbanl\u0131, Az\u0259rbaycan Respublikas\u0131 Prezidentinin Administrasiyas\u0131n\u0131n Mill\u0259tl\u0259raras\u0131 M\u00fcnasib\u0259tl\u0259r, Multikulturalizm v\u0259 Dini M\u0259s\u0259l\u0259l\u0259r \u015f\u00f6b\u0259sinin b\u00f6y\u00fck m\u0259sl\u0259h\u0259t\u00e7isi, ilahiyyat \u00fczr\u0259 f\u0259ls\u0259f\u0259 doktoru Ceyhun M\u0259mm\u0259dov v\u0259 ba\u015f m\u0259sl\u0259h\u0259t\u00e7isi M\u00fcz\u0259ff\u0259r Tal\u0131bl\u0131, Az\u0259rbaycan Respublikas\u0131n\u0131n Dini Qurumlarla \u0130\u015f \u00fczr\u0259 D\u00f6vl\u0259t Komit\u0259sinin s\u0259dr m\u00fcavini G\u00fcnd\u00fcz \u0130smay\u0131lov, Az\u0259rbaycan Respublikas\u0131 Prezidentinin \u0130\u015fl\u0259r \u0130dar\u0259si Siyasi S\u0259n\u0259dl\u0259r Arxivinin ba\u015f m\u0259sl\u0259h\u0259t\u00e7isi-elmi katib H\u0259c\u0259r Verdiyeva, Bak\u0131 Beyn\u0259lxalq Multikulturalizm M\u0259rk\u0259zinin icra\u00e7\u0131 direktor \u0259v\u0259zi R\u0259van H\u0259s\u0259nov, AMEA F\u0259ls\u0259f\u0259 H\u00fcquq \u0130nstitutunun direktoru, professor \u0130lham M\u0259mm\u0259dzad\u0259, Az\u0259rbaycan Respublikas\u0131n\u0131n M\u0259d\u0259niyy\u0259t Nazirliyinin Beyn\u0259lxalq \u0259m\u0259kda\u015fl\u0131q \u015f\u00f6b\u0259sinin m\u00fcdiri Vasif Eyvazzad\u0259, Az\u0259rbaycan Respublikas\u0131n\u0131n Dini Qurumlarla \u0130\u015f \u00fczr\u0259 D\u00f6vl\u0259t Komit\u0259sinin Xarici \u018flaq\u0259l\u0259r \u015f\u00f6b\u0259sinin m\u00fcdiri Nicat M\u0259mm\u0259dli, D\u0130A-n\u0131n dosenti Tarix kafedras\u0131n\u0131n m\u00fcdiri Firdovsiyy\u0259 \u018fhm\u0259dova m\u00fcxt\u0259lif m\u00f6vzularda m\u00fchazir\u0259l\u0259rl\u0259 \u00e7\u0131x\u0131\u015f etmi\u015fl\u0259r.&nbsp;<\/p>\n\n\n\n<p>\u00a0\u00a0\u00a0\u00a0 \u00a0\u00a0\u00a0\u00a0\u00a0\u00a0 Kursun sonunda Akademiyan\u0131n rektoru akademik Urxan \u018fl\u0259kb\u0259rov v\u0259 Akademiyan\u0131n T\u0259dris \u0130\u015fl\u0259ri \u00fczr\u0259 I prorektoru professor \u018flikram Abdullayev\u00a0 dinl\u0259yicil\u0259r qar\u015f\u0131s\u0131nda \u00e7\u0131x\u0131\u015f etmi\u015f v\u0259 onlara kursu m\u00fcv\u0259ff\u0259qiyy\u0259tl\u0259 bitirdikl\u0259rin\u0259 g\u00f6r\u0259 sertifikatlar t\u0259qdim ed\u0259r\u0259k\u00a0\u00a0 g\u0259l\u0259c\u0259k i\u015fl\u0259rind\u0259 u\u011furlar arzu etmi\u015fl\u0259r.<\/p>\n\n\n\n<p><\/p>\n\n\n\n<figure class=\"wp-container-2 wp-block-gallery-1 wp-block-gallery columns-3 is-cropped\"><ul class=\"blocks-gallery-grid\"><li class=\"blocks-gallery-item\"><figure><img width=\"1024\" height=\"678\" src=\"https:\/\/dia.edu.az\/wp-content\/uploads\/2021\/03\/27.05-1024x678.jpg\" alt=\"\" data-id=\"11981\" data-full-url=\"https:\/\/dia.edu.az\/wp-content\/uploads\/2021\/03\/27.05-scaled.jpg\" data-link=\"https:\/\/dia.edu.az\/?attachment_id=11981\" class=\"wp-image-11981\" srcset=\"https:\/\/legacy.dia.edu.az\/wp-content\/uploads\/2021\/03\/27.05-1024x678.jpg 1024w, https:\/\/legacy.dia.edu.az\/wp-content\/uploads\/2021\/03\/27.05-300x199.jpg 300w, https:\/\/legacy.dia.edu.az\/wp-content\/uploads\/2021\/03\/27.05-1536x1017.jpg 1536w, https:\/\/legacy.dia.edu.az\/wp-content\/uploads\/2021\/03\/27.05-2048x1356.jpg 2048w, https:\/\/legacy.dia.edu.az\/wp-content\/uploads\/2021\/03\/27.05-16x12.jpg 16w, https:\/\/legacy.dia.edu.az\/wp-content\/uploads\/2021\/03\/27.05-150x100.jpg 150w, https:\/\/legacy.dia.edu.az\/wp-content\/uploads\/2021\/03\/27.05-300x199@2x.jpg 600w\" sizes=\"(max-width: 1024px) 100vw, 1024px\" \/><\/figure><\/li><li class=\"blocks-gallery-item\"><figure><img width=\"1024\" height=\"678\" src=\"https:\/\/dia.edu.az\/wp-content\/uploads\/2021\/03\/2705.18-1024x678.jpg\" alt=\"\" data-id=\"11982\" data-full-url=\"https:\/\/dia.edu.az\/wp-content\/uploads\/2021\/03\/2705.18-scaled.jpg\" data-link=\"https:\/\/dia.edu.az\/?attachment_id=11982\" class=\"wp-image-11982\" srcset=\"https:\/\/legacy.dia.edu.az\/wp-content\/uploads\/2021\/03\/2705.18-1024x678.jpg 1024w, https:\/\/legacy.dia.edu.az\/wp-content\/uploads\/2021\/03\/2705.18-300x199.jpg 300w, https:\/\/legacy.dia.edu.az\/wp-content\/uploads\/2021\/03\/2705.18-1536x1017.jpg 1536w, https:\/\/legacy.dia.edu.az\/wp-content\/uploads\/2021\/03\/2705.18-2048x1356.jpg 2048w, https:\/\/legacy.dia.edu.az\/wp-content\/uploads\/2021\/03\/2705.18-16x12.jpg 16w, https:\/\/legacy.dia.edu.az\/wp-content\/uploads\/2021\/03\/2705.18-150x100.jpg 150w, https:\/\/legacy.dia.edu.az\/wp-content\/uploads\/2021\/03\/2705.18-300x199@2x.jpg 600w\" sizes=\"(max-width: 1024px) 100vw, 1024px\" \/><\/figure><\/li><li class=\"blocks-gallery-item\"><figure><img width=\"1024\" height=\"678\" src=\"https:\/\/dia.edu.az\/wp-content\/uploads\/2021\/03\/2705-1024x678.jpg\" alt=\"\" data-id=\"11983\" data-full-url=\"https:\/\/dia.edu.az\/wp-content\/uploads\/2021\/03\/2705-scaled.jpg\" data-link=\"https:\/\/dia.edu.az\/?attachment_id=11983\" class=\"wp-image-11983\" srcset=\"https:\/\/legacy.dia.edu.az\/wp-content\/uploads\/2021\/03\/2705-1024x678.jpg 1024w, https:\/\/legacy.dia.edu.az\/wp-content\/uploads\/2021\/03\/2705-300x199.jpg 300w, https:\/\/legacy.dia.edu.az\/wp-content\/uploads\/2021\/03\/2705-1536x1017.jpg 1536w, https:\/\/legacy.dia.edu.az\/wp-content\/uploads\/2021\/03\/2705-2048x1356.jpg 2048w, https:\/\/legacy.dia.edu.az\/wp-content\/uploads\/2021\/03\/2705-16x12.jpg 16w, https:\/\/legacy.dia.edu.az\/wp-content\/uploads\/2021\/03\/2705-150x100.jpg 150w, https:\/\/legacy.dia.edu.az\/wp-content\/uploads\/2021\/03\/2705-300x199@2x.jpg 600w\" sizes=\"(max-width: 1024px) 100vw, 1024px\" \/><\/figure><\/li><li class=\"blocks-gallery-item\"><figure><img width=\"640\" height=\"424\" src=\"https:\/\/dia.edu.az\/wp-content\/uploads\/2021\/03\/2805.jpg\" alt=\"\" data-id=\"11984\" data-full-url=\"https:\/\/dia.edu.az\/wp-content\/uploads\/2021\/03\/2805.jpg\" data-link=\"https:\/\/dia.edu.az\/?attachment_id=11984\" class=\"wp-image-11984\" srcset=\"https:\/\/legacy.dia.edu.az\/wp-content\/uploads\/2021\/03\/2805.jpg 640w, https:\/\/legacy.dia.edu.az\/wp-content\/uploads\/2021\/03\/2805-300x199.jpg 300w, https:\/\/legacy.dia.edu.az\/wp-content\/uploads\/2021\/03\/2805-16x12.jpg 16w, https:\/\/legacy.dia.edu.az\/wp-content\/uploads\/2021\/03\/2805-150x100.jpg 150w, https:\/\/legacy.dia.edu.az\/wp-content\/uploads\/2021\/03\/2805-300x199@2x.jpg 600w\" sizes=\"(max-width: 640px) 100vw, 640px\" \/><\/figure><\/li><li class=\"blocks-gallery-item\"><figure><img width=\"1024\" height=\"678\" src=\"https:\/\/dia.edu.az\/wp-content\/uploads\/2021\/03\/270518-1024x678.jpg\" alt=\"\" data-id=\"11985\" data-full-url=\"https:\/\/dia.edu.az\/wp-content\/uploads\/2021\/03\/270518-scaled.jpg\" data-link=\"https:\/\/dia.edu.az\/?attachment_id=11985\" class=\"wp-image-11985\" srcset=\"https:\/\/legacy.dia.edu.az\/wp-content\/uploads\/2021\/03\/270518-1024x678.jpg 1024w, https:\/\/legacy.dia.edu.az\/wp-content\/uploads\/2021\/03\/270518-300x199.jpg 300w, https:\/\/legacy.dia.edu.az\/wp-content\/uploads\/2021\/03\/270518-1536x1017.jpg 1536w, https:\/\/legacy.dia.edu.az\/wp-content\/uploads\/2021\/03\/270518-2048x1356.jpg 2048w, https:\/\/legacy.dia.edu.az\/wp-content\/uploads\/2021\/03\/270518-16x12.jpg 16w, https:\/\/legacy.dia.edu.az\/wp-content\/uploads\/2021\/03\/270518-150x100.jpg 150w, https:\/\/legacy.dia.edu.az\/wp-content\/uploads\/2021\/03\/270518-300x199@2x.jpg 600w\" sizes=\"(max-width: 1024px) 100vw, 1024px\" \/><\/figure><\/li><\/ul><\/figure>","protected":false},"excerpt":{"rendered":"<p>D\u00f6vl\u0259t \u0130dar\u0259\u00e7ilik Akademiyas\u0131nda \u201cMultikulturalizm-Az\u0259rbaycan Respublikas\u0131n\u0131n d\u00f6vl\u0259t siyas\u0259ti kimi\u201d istiqam\u0259ti \u00fczr\u0259 q\u0131sam\u00fcdd\u0259tli ixtisasart\u0131rma kursu ke\u00e7irilibMay 25 , 2018 &#8211; 10:30 Az\u0259rbaycan Respublikas\u0131n\u0131n Prezidenti yan\u0131nda D\u00f6vl\u0259t \u0130dar\u0259\u00e7ilik Akademiyas\u0131nda \u201cMultikulturalizm-Az\u0259rbaycan Respublikas\u0131n\u0131n d\u00f6vl\u0259t siyas\u0259ti kimi\u201d istiqam\u0259ti \u00fczr\u0259q\u0131sam\u00fcdd\u0259tli&nbsp; ixtisasart\u0131rma kursu ke\u00e7irilmi\u015fdir. Kursa d\u00f6vl\u0259t orqanlar\u0131nda \u00e7al\u0131\u015fan m\u00fcvafiq d\u00f6vl\u0259t qulluq\u00e7ular\u0131 c\u0259lb olunmu\u015flar. &nbsp;&nbsp;&nbsp;&nbsp; &nbsp;&nbsp;&nbsp;&nbsp;&nbsp;&nbsp; Bu istiqam\u0259td\u0259 kursun \u0259sas m\u0259qs\u0259di Etnik-m\u0259d\u0259ni m\u00fcxt\u0259lifliyin t\u0259nziml\u0259nm\u0259sind\u0259 [&hellip;]<\/p>","protected":false},"author":2,"featured_media":11984,"comment_status":"closed","ping_status":"closed","sticky":false,"template":"","format":"standard","meta":[],"categories":[137],"tags":[],"_links":{"self":[{"href":"https:\/\/legacy.dia.edu.az\/ru\/wp-json\/wp\/v2\/posts\/11980"}],"collection":[{"href":"https:\/\/legacy.dia.edu.az\/ru\/wp-json\/wp\/v2\/posts"}],"about":[{"href":"https:\/\/legacy.dia.edu.az\/ru\/wp-json\/wp\/v2\/types\/post"}],"author":[{"embeddable":true,"href":"https:\/\/legacy.dia.edu.az\/ru\/wp-json\/wp\/v2\/users\/2"}],"replies":[{"embeddable":true,"href":"https:\/\/legacy.dia.edu.az\/ru\/wp-json\/wp\/v2\/comments?post=11980"}],"version-history":[{"count":0,"href":"https:\/\/legacy.dia.edu.az\/ru\/wp-json\/wp\/v2\/posts\/11980\/revisions"}],"wp:featuredmedia":[{"embeddable":true,"href":"https:\/\/legacy.dia.edu.az\/ru\/wp-json\/wp\/v2\/media\/11984"}],"wp:attachment":[{"href":"https:\/\/legacy.dia.edu.az\/ru\/wp-json\/wp\/v2\/media?parent=11980"}],"wp:term":[{"taxonomy":"category","embeddable":true,"href":"https:\/\/legacy.dia.edu.az\/ru\/wp-json\/wp\/v2\/categories?post=11980"},{"taxonomy":"post_tag","embeddable":true,"href":"https:\/\/legacy.dia.edu.az\/ru\/wp-json\/wp\/v2\/tags?post=11980"}],"curies":[{"name":"wp","href":"https:\/\/api.w.org\/{rel}","templated":true}]}}