{"id":11970,"date":"2018-06-14T22:20:00","date_gmt":"2018-06-14T19:20:00","guid":{"rendered":"https:\/\/dia.edu.az\/?p=11970"},"modified":"2021-03-14T22:21:26","modified_gmt":"2021-03-14T19:21:26","slug":"dovl%c9%99t-idar%c9%99cilik-akademiyasinda-milli-qurtulus-gunu-qeyd-edilib","status":"publish","type":"post","link":"https:\/\/legacy.dia.edu.az\/ru\/arxivl\u0259r\/11970","title":{"rendered":"D\u00f6vl\u0259t \u0130dar\u0259\u00e7ilik Akademiyas\u0131nda Milli Qurtulu\u015f G\u00fcn\u00fc qeyd edilib"},"content":{"rendered":"<p><\/p>\n\n\n\n<p><strong>D\u00f6vl\u0259t \u0130dar\u0259\u00e7ilik Akademiyas\u0131nda Milli Qurtulu\u015f G\u00fcn\u00fc qeyd edilib<\/strong><br><em>\u0130yn 14 , 2018 &#8211; 04:20<\/em><\/p>\n\n\n\n<p>&nbsp;&nbsp;&nbsp;&nbsp;&nbsp;&nbsp;&nbsp;&nbsp;&nbsp;&nbsp; \u0130yunun 14-d\u0259 Az\u0259rbaycan Respublikas\u0131n\u0131n Prezidenti yan\u0131nda D\u00f6vl\u0259t \u0130dar\u0259\u00e7ilik Akademiyas\u0131nda&nbsp;<strong>15 iyun-Milli Qurtulu\u015f G\u00fcn\u00fcn\u0259<\/strong>&nbsp;h\u0259sr olunmu\u015f elmi-praktik konfrans ke\u00e7irilib.<\/p>\n\n\n\n<p>\u018fvv\u0259lc\u0259 t\u0259dbir i\u015ftirak\u00e7\u0131lar\u0131 ulu \u00f6nd\u0259r Heyd\u0259r \u018fliyevin bu ali m\u0259kt\u0259bd\u0259ki b\u00fcst\u00fc \u00f6n\u00fcn\u0259 g\u00fcll\u0259r d\u00fcz\u00fcb, \u0259ziz xatir\u0259sini ehtiramla an\u0131blar. Sonra konfrans D\u0130A-n\u0131n n\u0259zdind\u0259 f\u0259aliyy\u0259t g\u00f6st\u0259r\u0259n \u201cHeyd\u0259r \u018fliyev D\u00f6vl\u0259t \u0130dar\u0259\u00e7ilik M\u0259kt\u0259bi\u201dnd\u0259 davam etdirilib.<\/p>\n\n\n\n<p>T\u0259dbird\u0259 D\u0130A-n\u0131n rektoru, akademik Urxan \u018fl\u0259kb\u0259rov m\u00fcasir m\u00fcst\u0259qil d\u00f6vl\u0259timizin qurucusu v\u0259 memar\u0131, \u00fcmummilli lider Heyd\u0259r \u018fliyevin tarixi xidm\u0259tl\u0259rini vur\u011fulay\u0131b. Heyd\u0259r \u018fliyev siyas\u0259tinin u\u011furlu n\u0259tic\u0259l\u0259rind\u0259n dan\u0131\u015fan rektor dahi r\u0259hb\u0259rin ideyalar\u0131n\u0131n Prezident \u0130lham \u018fliyev t\u0259r\u0259find\u0259n \u0259zml\u0259 h\u0259yata ke\u00e7irildiyini, Az\u0259rbaycan\u0131n \u00e7ox s\u00fcr\u0259tl\u0259 inki\u015faf etdiyini bildirib.<\/p>\n\n\n\n<p>Rektor m\u00fcst\u0259qil Az\u0259rbaycan\u0131n memar\u0131 v\u0259 qurucusu, \u00dcmummilli lider Heyd\u0259r \u018fliyevin siyasi hakimiyy\u0259t\u0259 qay\u0131d\u0131\u015f\u0131n\u0131 m\u00fcst\u0259qillik tarixin\u0259 \u201cMilli Qurtulu\u015f G\u00fcn\u00fc\u201d kimi daxil olmas\u0131ndan, 1993-c\u00fc ild\u0259 xalq\u0131n t\u0259kidli t\u0259l\u0259bi il\u0259 hakimiyy\u0259t\u0259 yenid\u0259n g\u0259l\u0259n Ulu \u00d6nd\u0259rin Az\u0259rbaycan\u0131 par\u00e7alanmaqdan, m\u0259hv olma t\u0259hl\u00fck\u0259sind\u0259n v\u0259 v\u0259t\u0259nda\u015f m\u00fcharib\u0259sind\u0259n xilas etdiyini xat\u0131rlatm\u0131\u015fd\u0131r.<\/p>\n\n\n\n<p>Rektor qeyd edib ki, bu g\u00fcn dahi r\u0259hb\u0259r Heyd\u0259r \u018fliyev t\u0259r\u0259find\u0259n \u0259sas\u0131 qoyulmu\u015f v\u0259 Prezident \u0130lham \u018fliyevin u\u011furla inki\u015faf etdirdiyi innovativ idar\u0259etm\u0259 texnologiyalar\u0131n\u0131n n\u0259z\u0259ri \u0259saslar\u0131n\u0131n i\u015fl\u0259nilm\u0259si, onlar\u0131n t\u0259cr\u00fcb\u0259d\u0259 t\u0259tbiqi n\u0259tic\u0259sind\u0259 bir s\u0131ra iqtisadi v\u0259 sosial g\u00f6st\u0259ricil\u0259rin\u0259 g\u00f6r\u0259 m\u00fcasir Az\u0259rbaycan Respublikas\u0131 haz\u0131rda y\u00fczillik tarixi olan v\u0259 d\u00fcnya liderl\u0259ri say\u0131lan \u00f6lk\u0259l\u0259rl\u0259 r\u0259qab\u0259t aparmaq durumundad\u0131r. D\u00f6vl\u0259timizin ba\u015f\u00e7\u0131s\u0131n\u0131n t\u0259tbiq etdiyi v\u0259 d\u00fcnya miqyas\u0131nda ilk d\u0259f\u0259 i\u015fl\u0259nilmi\u015f sinergetik, kompensator idar\u0259\u00e7ilik texnologiyalar\u0131 say\u0259sind\u0259 2018-ci ilin yanvar\u0131nda ke\u00e7iril\u0259n Davos forumunun hesabat\u0131nda Az\u0259rbaycan\u0131n inkl\u00fcziv inki\u015faf indeksi Latviya, Pol\u015fa, Rum\u0131niya, Bolqar\u0131stan, Xorvatiya, \u0130taliya, \u0130spaniya, Portuqaliya, Yunan\u0131stan kimi Avropa \u0130ttifaq\u0131na \u00fczv olan d\u00f6vl\u0259tl\u0259rin g\u00f6st\u0259ricil\u0259rind\u0259n y\u00fcks\u0259kdir. U.\u018fl\u0259kb\u0259rov m\u00fcst\u0259qil Az\u0259rbaycan\u0131n u\u011furlu inki\u015faf\u0131n\u0131nda Az\u0259rbaycan Respublikas\u0131n\u0131n Birinci vitse-prezidenti Mehriban xan\u0131m \u018fliyevan\u0131n x\u00fcsusi rolu oldu\u011funu qeyd edib.<\/p>\n\n\n\n<p>Elmi-praktik konfransda \u00e7\u0131x\u0131\u015f ed\u0259n Milli M\u0259clisin deputat\u0131, D\u0130A-n\u0131n \u201cSiyasi ara\u015fd\u0131rmalar institutu\u201dnun direktoru, professor<strong>\u00a0Elman N\u0259sirov,\u00a0<\/strong>Milli M\u0259clisin deputat\u0131, D\u0130A-n\u0131n \u201cD\u00f6vl\u0259t qullu\u011fu v\u0259 kadr siyas\u0259ti\u201d kafedras\u0131n\u0131n dosenti<strong>\u00a0Ayd\u0131n Mirz\u0259zad\u0259,\u00a0<\/strong>Siyasi idar\u0259etm\u0259 fak\u00fclt\u0259sinin dekan\u0131, professor, Qaraba\u011f ara\u015fd\u0131rmalar m\u0259rk\u0259zinin r\u0259hb\u0259ri\u00a0<strong>El\u00e7in \u018fhm\u0259dov<\/strong>, H\u00fcquq-1 kafedras\u0131n\u0131n m\u00fcdiri, dosent\u00a0<strong>F\u0259xr\u0259ddin Na\u011f\u0131yev<\/strong>\u00a0v\u0259 dig\u0259r m\u0259ruz\u0259\u00e7il\u0259r \u00fcmummilli lider Heyd\u0259r \u018fliyevin \u015f\u0259xsiyy\u0259tinin b\u00f6y\u00fckl\u00fcy\u00fcnd\u0259n, \u00f6lk\u0259mizd\u0259 demokratik, h\u00fcquqi d\u00f6vl\u0259t quruculu\u011fu istiqam\u0259tind\u0259 h\u0259yata ke\u00e7irdiyi u\u011furlu islahatlardan b\u0259hs edib, Ulu \u00d6nd\u0259rin Az\u0259rbaycan\u0131n d\u00f6vl\u0259t\u00e7ilik maraqlar\u0131n\u0131 h\u0259mi\u015f\u0259 \u00fcst\u00fcn tutdu\u011funu vur\u011fulay\u0131blar. M\u0259ruz\u0259l\u0259rd\u0259 qeyd edilib ki, \u00dcmummilli lider Heyd\u0259r \u018fliyev xalq\u0131n t\u0259kidli d\u0259v\u0259tini q\u0259bul edib Bak\u0131ya g\u0259ldi. Xilaskarl\u0131q missiyas\u0131n\u0131 \u00f6z \u00fcz\u0259rin\u0259 g\u00f6t\u00fcr\u0259n dahi \u015f\u0259xsiyy\u0259t h\u0259yat\u0131n\u0131 t\u0259hl\u00fck\u0259 alt\u0131nda qoyaraq G\u0259nc\u0259y\u0259 getdi. Hadis\u0259l\u0259rin daha faci\u0259li n\u0259tic\u0259l\u0259r\u0259 g\u0259tirib \u00e7\u0131xarmamas\u0131 \u00fc\u00e7\u00fcn \u00f6z m\u00fcdrik, a\u011fsaqqal s\u00f6z\u00fcn\u00fc dedi, v\u0259t\u0259nda\u015f qar\u015f\u0131durmas\u0131n\u0131n qar\u015f\u0131s\u0131n\u0131 ald\u0131. Heyd\u0259r \u018fliyevin xilaskarl\u0131q missiyas\u0131 tariximiz\u0259 Milli Qurtulu\u015f G\u00fcn\u00fc kimi daxil oldu. Ulu \u00d6nd\u0259r Heyd\u0259r \u018fliyevin respublika r\u0259hb\u0259rliyin\u0259 vaxt\u0131nda v\u0259 yenid\u0259n qay\u0131d\u0131\u015f\u0131 \u00f6lk\u0259mizi m\u0259hv olmaqdan qurtarm\u0131\u015f, onun q\u0259tiyy\u0259ti xalqa ruh y\u00fcks\u0259kliyi g\u0259tirmi\u015f, \u00f6lk\u0259d\u0259 sabitlik v\u0259 \u0259min-amanl\u0131q yaratm\u0131\u015fd\u0131r.<\/p>\n\n\n\n<p><\/p>\n\n\n\n<figure class=\"wp-container-2 wp-block-gallery-1 wp-block-gallery columns-1 is-cropped\"><ul class=\"blocks-gallery-grid\"><li class=\"blocks-gallery-item\"><figure><img width=\"991\" height=\"669\" src=\"https:\/\/dia.edu.az\/wp-content\/uploads\/2021\/03\/14.06.jpg\" alt=\"\" data-id=\"11971\" data-full-url=\"https:\/\/dia.edu.az\/wp-content\/uploads\/2021\/03\/14.06.jpg\" data-link=\"https:\/\/dia.edu.az\/?attachment_id=11971\" class=\"wp-image-11971\" srcset=\"https:\/\/legacy.dia.edu.az\/wp-content\/uploads\/2021\/03\/14.06.jpg 991w, https:\/\/legacy.dia.edu.az\/wp-content\/uploads\/2021\/03\/14.06-300x203.jpg 300w, https:\/\/legacy.dia.edu.az\/wp-content\/uploads\/2021\/03\/14.06-16x12.jpg 16w, https:\/\/legacy.dia.edu.az\/wp-content\/uploads\/2021\/03\/14.06-150x100.jpg 150w, https:\/\/legacy.dia.edu.az\/wp-content\/uploads\/2021\/03\/14.06-300x203@2x.jpg 600w\" sizes=\"(max-width: 991px) 100vw, 991px\" \/><\/figure><\/li><\/ul><\/figure>","protected":false},"excerpt":{"rendered":"<p>D\u00f6vl\u0259t \u0130dar\u0259\u00e7ilik Akademiyas\u0131nda Milli Qurtulu\u015f G\u00fcn\u00fc qeyd edilib\u0130yn 14 , 2018 &#8211; 04:20 &nbsp;&nbsp;&nbsp;&nbsp;&nbsp;&nbsp;&nbsp;&nbsp;&nbsp;&nbsp; \u0130yunun 14-d\u0259 Az\u0259rbaycan Respublikas\u0131n\u0131n Prezidenti yan\u0131nda D\u00f6vl\u0259t \u0130dar\u0259\u00e7ilik Akademiyas\u0131nda&nbsp;15 iyun-Milli Qurtulu\u015f G\u00fcn\u00fcn\u0259&nbsp;h\u0259sr olunmu\u015f elmi-praktik konfrans ke\u00e7irilib. \u018fvv\u0259lc\u0259 t\u0259dbir i\u015ftirak\u00e7\u0131lar\u0131 ulu \u00f6nd\u0259r Heyd\u0259r \u018fliyevin bu ali m\u0259kt\u0259bd\u0259ki b\u00fcst\u00fc \u00f6n\u00fcn\u0259 g\u00fcll\u0259r d\u00fcz\u00fcb, \u0259ziz xatir\u0259sini ehtiramla an\u0131blar. Sonra konfrans D\u0130A-n\u0131n n\u0259zdind\u0259 f\u0259aliyy\u0259t g\u00f6st\u0259r\u0259n \u201cHeyd\u0259r [&hellip;]<\/p>","protected":false},"author":2,"featured_media":11971,"comment_status":"closed","ping_status":"closed","sticky":false,"template":"","format":"standard","meta":[],"categories":[137],"tags":[],"_links":{"self":[{"href":"https:\/\/legacy.dia.edu.az\/ru\/wp-json\/wp\/v2\/posts\/11970"}],"collection":[{"href":"https:\/\/legacy.dia.edu.az\/ru\/wp-json\/wp\/v2\/posts"}],"about":[{"href":"https:\/\/legacy.dia.edu.az\/ru\/wp-json\/wp\/v2\/types\/post"}],"author":[{"embeddable":true,"href":"https:\/\/legacy.dia.edu.az\/ru\/wp-json\/wp\/v2\/users\/2"}],"replies":[{"embeddable":true,"href":"https:\/\/legacy.dia.edu.az\/ru\/wp-json\/wp\/v2\/comments?post=11970"}],"version-history":[{"count":0,"href":"https:\/\/legacy.dia.edu.az\/ru\/wp-json\/wp\/v2\/posts\/11970\/revisions"}],"wp:featuredmedia":[{"embeddable":true,"href":"https:\/\/legacy.dia.edu.az\/ru\/wp-json\/wp\/v2\/media\/11971"}],"wp:attachment":[{"href":"https:\/\/legacy.dia.edu.az\/ru\/wp-json\/wp\/v2\/media?parent=11970"}],"wp:term":[{"taxonomy":"category","embeddable":true,"href":"https:\/\/legacy.dia.edu.az\/ru\/wp-json\/wp\/v2\/categories?post=11970"},{"taxonomy":"post_tag","embeddable":true,"href":"https:\/\/legacy.dia.edu.az\/ru\/wp-json\/wp\/v2\/tags?post=11970"}],"curies":[{"name":"wp","href":"https:\/\/api.w.org\/{rel}","templated":true}]}}