{"id":11967,"date":"2018-06-21T22:19:00","date_gmt":"2018-06-21T19:19:00","guid":{"rendered":"https:\/\/dia.edu.az\/?p=11967"},"modified":"2021-03-14T22:19:53","modified_gmt":"2021-03-14T19:19:53","slug":"qafqaz-islam-ordusu-az%c9%99rbaycan-turkiy%c9%99-%c9%99m%c9%99kdasliginin-sanli-s%c9%99hif%c9%99sidir","status":"publish","type":"post","link":"https:\/\/legacy.dia.edu.az\/ru\/arxivl\u0259r\/11967","title":{"rendered":"Qafqaz \u0130slam Ordusu Az\u0259rbaycan-T\u00fcrkiy\u0259 \u0259m\u0259kda\u015fl\u0131\u011f\u0131n\u0131n \u015fanl\u0131 s\u0259hif\u0259sidir"},"content":{"rendered":"<p><\/p>\n\n\n\n<p><strong>Qafqaz \u0130slam Ordusu Az\u0259rbaycan-T\u00fcrkiy\u0259 \u0259m\u0259kda\u015fl\u0131\u011f\u0131n\u0131n \u015fanl\u0131 s\u0259hif\u0259sidir<\/strong><br><em>\u0130yn 21 , 2018 &#8211; 02:40<\/em><\/p>\n\n\n\n<p>\u0130yunun 21-d\u0259 Az\u0259rbaycan Respublikas\u0131n\u0131n Prezidenti yan\u0131nda D\u00f6vl\u0259t \u0130dar\u0259\u00e7ilik Akademiyas\u0131nda (D\u0130A) \u201cQafqaz \u0130slam Ordusu &#8211; Az\u0259rbaycan-T\u00fcrkiy\u0259 \u0259m\u0259kda\u015fl\u0131\u011f\u0131n\u0131n \u015fanl\u0131 s\u0259hif\u0259si\u201d m\u00f6vzusunda beyn\u0259lxalq elmi konfrans ke\u00e7irilib.<\/p>\n\n\n\n<p>T\u0259dbird\u0259 \u00e7\u0131x\u0131\u015f ed\u0259n D\u0130A-n\u0131n rektoru, akademik Urxan \u018fl\u0259kb\u0259rov konfrans\u0131n qarda\u015f \u00f6lk\u0259nin T\u00fcrkiy\u0259 v\u0259 Orta \u015e\u0259rq D\u00f6vl\u0259t \u0130dar\u0259\u00e7iliyi \u0130nstitutu il\u0259 birg\u0259 t\u0259\u015fkil olundu\u011funu s\u00f6yl\u0259yib. Az\u0259rbaycan Xalq C\u00fcmhuriyy\u0259tinin (AXC) yaranmas\u0131n\u0131n 100 illiyinin \u00f6lk\u0259mizd\u0259 d\u00f6vl\u0259t s\u0259viyy\u0259sind\u0259 qeyd olundu\u011funu dey\u0259n rektor bug\u00fcnk\u00fc konfrans\u0131n Qafqaz \u0130slam Ordusunun xalq\u0131m\u0131z\u0131n tarixind\u0259ki yeri v\u0259 roluna h\u0259sr edildiyini bildirib.<\/p>\n\n\n\n<p>Qeyd edilib ki, XX \u0259srin \u0259vv\u0259lind\u0259 &#8211; \u00e7ox m\u00fcr\u0259kk\u0259b tarixi \u015f\u0259raitd\u0259 T\u00fcrkiy\u0259nin Az\u0259rbaycana h\u0259rbi yard\u0131m\u0131 Nuru Pa\u015fan\u0131n komandanl\u0131q etdiyi Qafqaz \u0130slam Ordusunun timsal\u0131nda h\u0259yata ke\u00e7irilib. Bak\u0131n\u0131n v\u0259 \u0259traf q\u0259zalar\u0131n erm\u0259ni-bol\u015fevik i\u015f\u011fal\u0131ndan xilas olmas\u0131nda Qafqaz \u0130slam Ordusu m\u00fch\u00fcm xidm\u0259tl\u0259r g\u00f6st\u0259rib. Qafqaz \u0130slam Ordusu bu \u015fanl\u0131 tariximizin bir hiss\u0259sidir. H\u0259min \u0259n\u0259n\u0259l\u0259r \u00fcz\u0259rind\u0259 qurulan Az\u0259rbaycan bu g\u00fcn d\u00fcnyan\u0131n apar\u0131c\u0131 \u00f6lk\u0259sin\u0259 \u00e7evrilib. M\u00fcasir d\u00f6vrd\u0259 \u00f6lk\u0259miz b\u00fct\u00fcn sah\u0259l\u0259rd\u0259 s\u00fcr\u0259tl\u0259 inki\u015faf edir v\u0259 statistik g\u00f6st\u0259ricil\u0259rin\u0259 g\u00f6r\u0259 d\u00fcnyada 23-c\u00fc yerd\u0259dir.<\/p>\n\n\n\n<p>T\u00fcrkiy\u0259 v\u0259 Orta \u015e\u0259rq D\u00f6vl\u0259t \u0130dar\u0259\u00e7iliyi \u0130nstitutunun ba\u015f direktoru, professor Onur Ender Aslan \u00f6lk\u0259l\u0259rimiz aras\u0131nda dostluq v\u0259 qarda\u015fl\u0131q m\u00fcnasib\u0259tl\u0259rind\u0259n s\u00f6z a\u00e7\u0131b, D\u0130A il\u0259 m\u00fcxt\u0259lif sah\u0259l\u0259rd\u0259 y\u00fcks\u0259k s\u0259viyy\u0259d\u0259 \u0259m\u0259kda\u015fl\u0131q etdikl\u0259rini s\u00f6yl\u0259yib. Bu m\u00fcnasib\u0259tl\u0259rin 25 ild\u0259n coxdur ki, davam etdiyini bildir\u0259n qonaq \u0259m\u0259kda\u015fl\u0131q \u00e7\u0259r\u00e7iv\u0259sind\u0259 h\u0259r iki ali m\u0259kt\u0259b t\u0259r\u0259find\u0259n t\u0259hsil, elmi t\u0259dqiqat, m\u00fcxt\u0259lif proqramlar v\u0259 dig\u0259r sah\u0259l\u0259rd\u0259 \u0259laq\u0259l\u0259rin quruldu\u011funu, birg\u0259 konfrans v\u0259 t\u0259dbirl\u0259rin t\u0259\u015fkil olundu\u011funu s\u00f6yl\u0259yib. Qafqaz \u0130slam Ordusunun 1918-ci ild\u0259 Bak\u0131n\u0131n da\u015fnak-bol\u015fevik i\u015f\u011fal\u0131ndan azad olunmas\u0131nda g\u00f6st\u0259rdiyi xilaskarl\u0131q missiyas\u0131n\u0131n Az\u0259rbaycanda v\u0259 T\u00fcrkiy\u0259d\u0259 h\u0259r zaman t\u0259qdirl\u0259 qar\u015f\u0131land\u0131\u011f\u0131n\u0131 dey\u0259n ba\u015f direktor \u00c7anaqqala d\u00f6y\u00fc\u015fl\u0259rind\u0259 az\u0259rbaycanl\u0131lar\u0131n da k\u00f6n\u00fcll\u00fc olaraq i\u015ftirak etdikl\u0259rini xat\u0131rlad\u0131b, bu d\u0259y\u0259rl\u0259rin g\u0259l\u0259c\u0259k n\u0259sill\u0259r\u0259 \u00e7atd\u0131r\u0131lmas\u0131nda konfrans\u0131n \u0259h\u0259miyy\u0259tini qeyd edib. O, \u00f6lk\u0259l\u0259rimizin h\u0259r zaman bir-birinin yan\u0131nda oldu\u011funu v\u0259 bu qarda\u015fl\u0131q m\u00fcnasib\u0259tl\u0259rinin q\u0259dim tarixi k\u00f6kl\u0259r\u0259 ba\u011fl\u0131l\u0131\u011f\u0131n\u0131 diqq\u0259t\u0259 \u00e7atd\u0131r\u0131b.<\/p>\n\n\n\n<p>D\u0130A-n\u0131n dosenti, tarix \u00fczr\u0259 f\u0259ls\u0259f\u0259 doktoru Firdovsiyy\u0259 \u018fhm\u0259dovan\u0131n \u201cQafqaz \u0130slam Ordusu: missiyas\u0131 v\u0259 \u0259h\u0259miyy\u0259ti\u201d, t\u00fcrkiy\u0259li professor S\u0259lma Velin \u201c100 ilind\u0259 Az\u0259rbaycan Xalq C\u00fcmhuriyy\u0259tinin qurulu\u015fu v\u0259 B\u00f6y\u00fck \u0130slam Ordusunun k\u00f6m\u0259yi\u201d, tarix elml\u0259ri doktoru Mehman S\u00fcleymanovun \u201cQafqaz \u0130slam Ordusunun yaranmas\u0131 v\u0259 Az\u0259rbaycan\u0131n \u0259razi b\u00fct\u00f6vl\u00fcy\u00fc u\u011frunda m\u00fcbariz\u0259si\u201d, Miyas\u0259 Koyuncu Kayan\u0131n \u201c1918-ci ild\u0259 Qafqaz (Az\u0259rbaycan) m\u0259s\u0259l\u0259l\u0259rinin Osmanl\u0131 m\u0259tbuat\u0131nda \u0259ks olunmas\u0131\u201d, tarix \u00fczr\u0259 f\u0259ls\u0259f\u0259 doktoru Akif A\u015f\u0131rl\u0131n\u0131n \u201cAz\u0259rbaycan C\u00fcmhuriyy\u0259ti m\u0259tbuat\u0131nda Qafqaz \u0130slam Ordusu\u201d m\u00f6vzular\u0131nda m\u0259ruz\u0259l\u0259ri dinl\u0259nilib. M\u0259ruz\u0259l\u0259rd\u0259 Qafqaz \u0130slam Ordusunun yaranmas\u0131ndan, 1918-ci ild\u0259 Bak\u0131n\u0131n da\u015fnak-bol\u015fevik i\u015f\u011fal\u0131ndan azad olunmas\u0131nda Nuru Pa\u015fan\u0131n r\u0259hb\u0259rliyi il\u0259 ordunun v\u0259 Az\u0259rbaycan Korpusunun g\u00f6st\u0259rdiyi xilaskarl\u0131q missiyas\u0131ndan b\u0259hs edilib.<\/p>\n\n\n\n<p><\/p>\n\n\n\n<figure class=\"wp-container-2 wp-block-gallery-1 wp-block-gallery columns-1 is-cropped\"><ul class=\"blocks-gallery-grid\"><li class=\"blocks-gallery-item\"><figure><img width=\"640\" height=\"415\" src=\"https:\/\/dia.edu.az\/wp-content\/uploads\/2021\/03\/2106-1.jpg\" alt=\"\" data-id=\"11968\" data-full-url=\"https:\/\/dia.edu.az\/wp-content\/uploads\/2021\/03\/2106-1.jpg\" data-link=\"https:\/\/dia.edu.az\/?attachment_id=11968\" class=\"wp-image-11968\" srcset=\"https:\/\/legacy.dia.edu.az\/wp-content\/uploads\/2021\/03\/2106-1.jpg 640w, https:\/\/legacy.dia.edu.az\/wp-content\/uploads\/2021\/03\/2106-1-300x195.jpg 300w, https:\/\/legacy.dia.edu.az\/wp-content\/uploads\/2021\/03\/2106-1-16x10.jpg 16w, https:\/\/legacy.dia.edu.az\/wp-content\/uploads\/2021\/03\/2106-1-300x195@2x.jpg 600w\" sizes=\"(max-width: 640px) 100vw, 640px\" \/><\/figure><\/li><\/ul><\/figure>","protected":false},"excerpt":{"rendered":"<p>Qafqaz \u0130slam Ordusu Az\u0259rbaycan-T\u00fcrkiy\u0259 \u0259m\u0259kda\u015fl\u0131\u011f\u0131n\u0131n \u015fanl\u0131 s\u0259hif\u0259sidir\u0130yn 21 , 2018 &#8211; 02:40 \u0130yunun 21-d\u0259 Az\u0259rbaycan Respublikas\u0131n\u0131n Prezidenti yan\u0131nda D\u00f6vl\u0259t \u0130dar\u0259\u00e7ilik Akademiyas\u0131nda (D\u0130A) \u201cQafqaz \u0130slam Ordusu &#8211; Az\u0259rbaycan-T\u00fcrkiy\u0259 \u0259m\u0259kda\u015fl\u0131\u011f\u0131n\u0131n \u015fanl\u0131 s\u0259hif\u0259si\u201d m\u00f6vzusunda beyn\u0259lxalq elmi konfrans ke\u00e7irilib. T\u0259dbird\u0259 \u00e7\u0131x\u0131\u015f ed\u0259n D\u0130A-n\u0131n rektoru, akademik Urxan \u018fl\u0259kb\u0259rov konfrans\u0131n qarda\u015f \u00f6lk\u0259nin T\u00fcrkiy\u0259 v\u0259 Orta \u015e\u0259rq D\u00f6vl\u0259t \u0130dar\u0259\u00e7iliyi \u0130nstitutu il\u0259 birg\u0259 [&hellip;]<\/p>","protected":false},"author":2,"featured_media":11968,"comment_status":"closed","ping_status":"closed","sticky":false,"template":"","format":"standard","meta":[],"categories":[137],"tags":[],"_links":{"self":[{"href":"https:\/\/legacy.dia.edu.az\/ru\/wp-json\/wp\/v2\/posts\/11967"}],"collection":[{"href":"https:\/\/legacy.dia.edu.az\/ru\/wp-json\/wp\/v2\/posts"}],"about":[{"href":"https:\/\/legacy.dia.edu.az\/ru\/wp-json\/wp\/v2\/types\/post"}],"author":[{"embeddable":true,"href":"https:\/\/legacy.dia.edu.az\/ru\/wp-json\/wp\/v2\/users\/2"}],"replies":[{"embeddable":true,"href":"https:\/\/legacy.dia.edu.az\/ru\/wp-json\/wp\/v2\/comments?post=11967"}],"version-history":[{"count":0,"href":"https:\/\/legacy.dia.edu.az\/ru\/wp-json\/wp\/v2\/posts\/11967\/revisions"}],"wp:featuredmedia":[{"embeddable":true,"href":"https:\/\/legacy.dia.edu.az\/ru\/wp-json\/wp\/v2\/media\/11968"}],"wp:attachment":[{"href":"https:\/\/legacy.dia.edu.az\/ru\/wp-json\/wp\/v2\/media?parent=11967"}],"wp:term":[{"taxonomy":"category","embeddable":true,"href":"https:\/\/legacy.dia.edu.az\/ru\/wp-json\/wp\/v2\/categories?post=11967"},{"taxonomy":"post_tag","embeddable":true,"href":"https:\/\/legacy.dia.edu.az\/ru\/wp-json\/wp\/v2\/tags?post=11967"}],"curies":[{"name":"wp","href":"https:\/\/api.w.org\/{rel}","templated":true}]}}