{"id":11936,"date":"2018-09-20T22:08:00","date_gmt":"2018-09-20T19:08:00","guid":{"rendered":"https:\/\/dia.edu.az\/?p=11936"},"modified":"2021-03-14T22:10:01","modified_gmt":"2021-03-14T19:10:01","slug":"dovl%c9%99t-idar%c9%99cilik-akademiyasinda-ilk-muhazir%c9%99-heyd%c9%99r-%c9%99liyev-dovl%c9%99t-idar%c9%99ciliyi-m%c9%99kt%c9%99bind%c9%99-dinl%c9%99nilib","status":"publish","type":"post","link":"https:\/\/legacy.dia.edu.az\/ru\/arxivl\u0259r\/11936","title":{"rendered":"D\u00f6vl\u0259t \u0130dar\u0259\u00e7ilik Akademiyas\u0131nda ilk m\u00fchazir\u0259 Heyd\u0259r \u018fliyev D\u00f6vl\u0259t \u0130dar\u0259\u00e7iliyi M\u0259kt\u0259bind\u0259 dinl\u0259nilib"},"content":{"rendered":"<p><\/p>\n\n\n\n<p><strong>D\u00f6vl\u0259t \u0130dar\u0259\u00e7ilik Akademiyas\u0131nda ilk m\u00fchazir\u0259 Heyd\u0259r \u018fliyev D\u00f6vl\u0259t \u0130dar\u0259\u00e7iliyi M\u0259kt\u0259bind\u0259 dinl\u0259nilib<\/strong><br><em>Sen 20 , 2018 &#8211; 03:28<\/em><\/p>\n\n\n\n<p>Az\u0259rbaycan Respublikas\u0131n\u0131n Prezidenti yan\u0131nda D\u00f6vl\u0259t \u0130dar\u0259\u00e7ilik Akademiyas\u0131nda Heyd\u0259r \u018fliyev M\u0259rk\u0259zinin d\u0259s\u0259tyi il\u0259 f\u0259aliyy\u0259t g\u00f6st\u0259r\u0259n \u201cHeyd\u0259r \u018fliyev D\u00f6vl\u0259t \u0130dar\u0259\u00e7iliyi M\u0259kt\u0259bi\u201dnd\u0259 2018-2019-cu t\u0259dris ilind\u0259 bakalavriatura pill\u0259sin\u0259 q\u0259bul olan I kurs t\u0259l\u0259b\u0259l\u0259ri ilk m\u00fchazir\u0259l\u0259rini dinl\u0259yibl\u0259r.<\/p>\n\n\n\n<p>\u0130lk m\u00fchazir\u0259ni dey\u0259n Az\u0259rbaycan Respublikas\u0131n\u0131n Prezidenti yan\u0131nda D\u00f6vl\u0259t \u0130dar\u0259\u00e7ilik Akademiyas\u0131n\u0131n rektoru, akademik Urxan \u018fl\u0259kb\u0259rov Heyd\u0259r \u018fliyev D\u00f6vl\u0259t \u0130dar\u0259\u00e7iliyi M\u0259kt\u0259bi haqq\u0131nda m\u0259lumat ver\u0259r\u0259k, qeyd edib ki, m\u0259kt\u0259b \u00fcmummilli lider, m\u00fcst\u0259qil d\u00f6vl\u0259timizin memar\u0131 v\u0259 qurucusu Heyd\u0259r \u018fliyevin siyasi irsinin, az\u0259rbaycan\u00e7\u0131l\u0131q m\u0259fkur\u0259si v\u0259 d\u00f6vl\u0259t\u00e7ilik f\u0259ls\u0259f\u0259sinin t\u0259bli\u011fi m\u0259qs\u0259dil\u0259 yarad\u0131l\u0131b. O, \u00dcmummilli lider, g\u00f6rk\u0259mli siyasi v\u0259 d\u00f6vl\u0259t xadimi Heyd\u0259r \u018fliyevin misilsiz tarixi xidm\u0259tl\u0259rind\u0259n b\u0259hs edib, Ulu \u00f6nd\u0259rin siyasi x\u0259ttinin Az\u0259rbaycan Prezidenti \u0130lham \u018fliyev t\u0259r\u0259find\u0259n \u0259zml\u0259 davam etdirildiyini diqq\u0259t\u0259 \u00e7atd\u0131r\u0131b, bu g\u00fcn \u0259ld\u0259 edilmi\u015f nailiyy\u0259tl\u0259rin \u0259sas\u0131nda Prezident \u0130lham \u018fliyevin h\u0259yata ke\u00e7irdiyi innovativ inki\u015faf strategiyas\u0131n\u0131n dayand\u0131\u011f\u0131n\u0131 bildirib. U. \u018fl\u0259kb\u0259rov innovativ inki\u015faf strategiyas\u0131n\u0131n realla\u015fd\u0131r\u0131lmas\u0131nda \u00f6lk\u0259nin birinci vitse-prezidenti xan\u0131m Mehriban \u018fliyevan\u0131n x\u00fcsusi rolunu qeyd edib v\u0259 bu sah\u0259d\u0259 d\u00f6vl\u0259t qurumlar\u0131 il\u0259 yana\u015f\u0131, v\u0259t\u0259nda\u015f c\u0259miyy\u0259tinin, x\u00fcsus\u0259nd\u0259 Heyd\u0259r \u018fliyev Fondunun \u00f6n\u0259mli f\u0259aliyy\u0259tin\u0259 d\u0259 diqq\u0259t \u00e7\u0259kib.<\/p>\n\n\n\n<p>O, qeyd edib ki, Ulu \u00f6nd\u0259r Heyd\u0259r \u018fliyevin s\u0259r\u0259ncam\u0131 il\u0259 Az\u0259rbaycan Respublikas\u0131n\u0131n Prezidenti yan\u0131nda D\u00f6vl\u0259t \u0130dar\u0259\u00e7ilik Akademiyas\u0131n\u0131n yarad\u0131lmas\u0131n\u0131n m\u0259qs\u0259di d\u00f6vl\u0259t idar\u0259etm\u0259 sah\u0259si \u00fc\u00e7\u00fcn m\u00fct\u0259x\u0259ssisl\u0259r haz\u0131rlanmas\u0131 i\u015finin m\u00fcasir t\u0259l\u0259bl\u0259r\u0259 uy\u011fun qurulmas\u0131, onlar\u0131n pe\u015f\u0259karl\u0131q s\u0259viyy\u0259sinin art\u0131r\u0131lmas\u0131, d\u00f6vl\u0259t idar\u0259\u00e7iliyi sah\u0259sind\u0259 elmi-t\u0259dqiqatlar\u0131n t\u0259\u015fkili v\u0259 h\u0259min sah\u0259nin analitik-informasiya t\u0259minat\u0131n\u0131n m\u00f6hk\u0259ml\u0259ndirilm\u0259si kimi m\u00fc\u0259yy\u0259n edilmi\u015f, Akademiyan\u0131n yarad\u0131lmas\u0131 d\u00f6vl\u0259timizin m\u00f6hk\u0259ml\u0259ndirilm\u0259si v\u0259 elmi \u0259saslarla idar\u0259 olunmas\u0131, yeni idar\u0259etm\u0259 m\u0259d\u0259niyy\u0259tinin formala\u015fmas\u0131 v\u0259 inki\u015faf\u0131 bax\u0131m\u0131ndan x\u00fcsusi \u0259h\u0259miyy\u0259t\u0259 malik olmas\u0131, d\u00f6vl\u0259t qullu\u011fu \u00fc\u00e7\u00fcn kadrlar\u0131n haz\u0131rlanmas\u0131, t\u0259kmill\u0259\u015fm\u0259si v\u0259 ixtisas\u0131n\u0131n art\u0131r\u0131lmas\u0131 m\u0259s\u0259l\u0259l\u0259ri \u00fczr\u0259 \u0259sas elmi-metodiki v\u0259 t\u0259dris m\u0259rk\u0259zi oldu\u011funu t\u0259l\u0259b\u0259l\u0259rin diqq\u0259tin\u0259 \u00e7atd\u0131r\u0131b.<\/p>\n\n\n\n<p>M\u00fchazir\u0259d\u0259 \u00f6lk\u0259 iqtisadiyyat\u0131n\u0131n s\u00fcr\u0259tli inki\u015faf\u0131 istiqam\u0259tind\u0259 apar\u0131lan u\u011furlu siyas\u0259tin \u0259sas h\u0259d\u0259fl\u0259ri, el\u0259c\u0259 d\u0259 davaml\u0131 inki\u015fafa t\u0259sir ed\u0259n amill\u0259r m\u00fcqayis\u0259li \u015f\u0259kild\u0259 t\u0259l\u0259b\u0259l\u0259rin diqq\u0259tin\u0259 \u00e7atd\u0131r\u0131l\u0131b. Az\u0259rbaycan\u0131 bir \u00e7ox istiqam\u0259tl\u0259rd\u0259 regional v\u0259 qlobal lider\u0259 \u00e7evrildiyini qeyd ed\u0259n rektor, \u00e7\u0131x\u0131\u015f\u0131nda \u00f6lk\u0259mizin inki\u015faf g\u00f6st\u0259ricil\u0259rinin bir \u00e7ox beyn\u0259lxalq t\u0259\u015fkilatlar, o c\u00fcml\u0259d\u0259n BMT, UNESCO, D\u00fcnya Bank\u0131 v\u0259 dig\u0259r n\u00fcfuzlu qurumlar\u0131n r\u0259smi s\u0259n\u0259dl\u0259rind\u0259, m\u00fcst\u0259qil ekspertl\u0259r t\u0259r\u0259find\u0259n haz\u0131rlanm\u0131\u015f hesabatlarda \u00f6z t\u0259sdiqini tapd\u0131\u011f\u0131 qeyd olundu.<\/p>\n\n\n\n<p>Eyni zamanda o, qeyd edib ki, cari ild\u0259&nbsp; beyn\u0259lxalq t\u0259\u015fkilatlar\u0131n d\u0259rc etdirdikl\u0259ri hesabatlarda \u0259ksini tapan innovativ insan potensial\u0131na \u0259saslanan davaml\u0131 inki\u015faf g\u00f6st\u0259ricil\u0259rin\u0259 g\u00f6r\u0259, Az\u0259rbaycan haz\u0131rda d\u00fcnya liderl\u0259ri s\u0131ras\u0131ndad\u0131r.<\/p>\n\n\n\n<p>\u00d6lk\u0259nin davaml\u0131 inki\u015faf\u0131n\u0131n \u0259sas amilinin insan potensial\u0131 oldu\u011funu vur\u011fulayan akademik qeyd edib ki, 2015-2030-cu ill\u0259r \u00fc\u00e7\u00fcn q\u0259bul edilmi\u015f m\u0259qs\u0259dl\u0259r \u201cDavaml\u0131 inki\u015faf h\u0259d\u0259fl\u0259ri\u201d kimi tarix\u0259 d\u00fc\u015f\u00fcb. Az\u0259rbaycan h\u0259min t\u0259dbirl\u0259rd\u0259n \u00e7ox \u0259vv\u0259l davaml\u0131 inki\u015faf\u0131 d\u00f6vl\u0259t strategiyas\u0131n\u0131n prioritet istiqam\u0259ti kimi q\u0259bul edib. Respublikam\u0131z\u0131n \u201cB\u00f6y\u00fck yeddilik\u201d \u00f6lk\u0259l\u0259ri il\u0259 m\u00fcqayis\u0259d\u0259 n\u0259z\u0259r\u0259\u00e7arpan inki\u015faf g\u00f6st\u0259ricil\u0259rini diqq\u0259t\u0259 \u00e7atd\u0131ran akademik deyib ki, bu m\u00fch\u00fcm iqtisadi nailiyy\u0259tl\u0259r Erm\u0259nistanla m\u00fcnaqi\u015f\u0259 v\u0259 torpaqlar\u0131m\u0131z\u0131n 20 faizinin i\u015f\u011fal\u0131 fonunda qazan\u0131l\u0131b. \u00d6lk\u0259mizin bu probleml\u0259ri olmasayd\u0131, qazan\u0131lacaq u\u011furlar\u0131n miqyas\u0131 daha b\u00f6y\u00fck ola bil\u0259rdi.<\/p>\n\n\n\n<p>M\u00fchazir\u0259nin sonunda t\u0259l\u0259b\u0259l\u0259rin suallar\u0131n\u0131 cavabland\u0131r\u0131l\u0131b.\u00a0<\/p>\n\n\n\n<p><\/p>\n\n\n\n<figure class=\"wp-container-2 wp-block-gallery-1 wp-block-gallery columns-3 is-cropped\"><ul class=\"blocks-gallery-grid\"><li class=\"blocks-gallery-item\"><figure><img width=\"640\" height=\"424\" src=\"https:\/\/dia.edu.az\/wp-content\/uploads\/2021\/03\/2009.18.jpg\" alt=\"\" data-id=\"11937\" data-full-url=\"https:\/\/dia.edu.az\/wp-content\/uploads\/2021\/03\/2009.18.jpg\" data-link=\"https:\/\/dia.edu.az\/?attachment_id=11937\" class=\"wp-image-11937\" srcset=\"https:\/\/legacy.dia.edu.az\/wp-content\/uploads\/2021\/03\/2009.18.jpg 640w, https:\/\/legacy.dia.edu.az\/wp-content\/uploads\/2021\/03\/2009.18-300x199.jpg 300w, https:\/\/legacy.dia.edu.az\/wp-content\/uploads\/2021\/03\/2009.18-16x12.jpg 16w, https:\/\/legacy.dia.edu.az\/wp-content\/uploads\/2021\/03\/2009.18-150x100.jpg 150w, https:\/\/legacy.dia.edu.az\/wp-content\/uploads\/2021\/03\/2009.18-300x199@2x.jpg 600w\" sizes=\"(max-width: 640px) 100vw, 640px\" \/><\/figure><\/li><li class=\"blocks-gallery-item\"><figure><img width=\"640\" height=\"424\" src=\"https:\/\/dia.edu.az\/wp-content\/uploads\/2021\/03\/2009.jpg\" alt=\"\" data-id=\"11938\" data-full-url=\"https:\/\/dia.edu.az\/wp-content\/uploads\/2021\/03\/2009.jpg\" data-link=\"https:\/\/dia.edu.az\/?attachment_id=11938\" class=\"wp-image-11938\" srcset=\"https:\/\/legacy.dia.edu.az\/wp-content\/uploads\/2021\/03\/2009.jpg 640w, https:\/\/legacy.dia.edu.az\/wp-content\/uploads\/2021\/03\/2009-300x199.jpg 300w, https:\/\/legacy.dia.edu.az\/wp-content\/uploads\/2021\/03\/2009-16x12.jpg 16w, https:\/\/legacy.dia.edu.az\/wp-content\/uploads\/2021\/03\/2009-150x100.jpg 150w, https:\/\/legacy.dia.edu.az\/wp-content\/uploads\/2021\/03\/2009-300x199@2x.jpg 600w\" sizes=\"(max-width: 640px) 100vw, 640px\" \/><\/figure><\/li><li class=\"blocks-gallery-item\"><figure><img width=\"640\" height=\"424\" src=\"https:\/\/dia.edu.az\/wp-content\/uploads\/2021\/03\/200918.jpg\" alt=\"\" data-id=\"11939\" data-full-url=\"https:\/\/dia.edu.az\/wp-content\/uploads\/2021\/03\/200918.jpg\" data-link=\"https:\/\/dia.edu.az\/?attachment_id=11939\" class=\"wp-image-11939\" srcset=\"https:\/\/legacy.dia.edu.az\/wp-content\/uploads\/2021\/03\/200918.jpg 640w, https:\/\/legacy.dia.edu.az\/wp-content\/uploads\/2021\/03\/200918-300x199.jpg 300w, https:\/\/legacy.dia.edu.az\/wp-content\/uploads\/2021\/03\/200918-16x12.jpg 16w, https:\/\/legacy.dia.edu.az\/wp-content\/uploads\/2021\/03\/200918-150x100.jpg 150w, https:\/\/legacy.dia.edu.az\/wp-content\/uploads\/2021\/03\/200918-300x199@2x.jpg 600w\" sizes=\"(max-width: 640px) 100vw, 640px\" \/><\/figure><\/li><li class=\"blocks-gallery-item\"><figure><img width=\"640\" height=\"424\" src=\"https:\/\/dia.edu.az\/wp-content\/uploads\/2021\/03\/20092018.jpg\" alt=\"\" data-id=\"11940\" data-full-url=\"https:\/\/dia.edu.az\/wp-content\/uploads\/2021\/03\/20092018.jpg\" data-link=\"https:\/\/dia.edu.az\/?attachment_id=11940\" class=\"wp-image-11940\" srcset=\"https:\/\/legacy.dia.edu.az\/wp-content\/uploads\/2021\/03\/20092018.jpg 640w, https:\/\/legacy.dia.edu.az\/wp-content\/uploads\/2021\/03\/20092018-300x199.jpg 300w, https:\/\/legacy.dia.edu.az\/wp-content\/uploads\/2021\/03\/20092018-16x12.jpg 16w, https:\/\/legacy.dia.edu.az\/wp-content\/uploads\/2021\/03\/20092018-150x100.jpg 150w, https:\/\/legacy.dia.edu.az\/wp-content\/uploads\/2021\/03\/20092018-300x199@2x.jpg 600w\" sizes=\"(max-width: 640px) 100vw, 640px\" \/><\/figure><\/li><\/ul><\/figure>","protected":false},"excerpt":{"rendered":"<p>D\u00f6vl\u0259t \u0130dar\u0259\u00e7ilik Akademiyas\u0131nda ilk m\u00fchazir\u0259 Heyd\u0259r \u018fliyev D\u00f6vl\u0259t \u0130dar\u0259\u00e7iliyi M\u0259kt\u0259bind\u0259 dinl\u0259nilibSen 20 , 2018 &#8211; 03:28 Az\u0259rbaycan Respublikas\u0131n\u0131n Prezidenti yan\u0131nda D\u00f6vl\u0259t \u0130dar\u0259\u00e7ilik Akademiyas\u0131nda Heyd\u0259r \u018fliyev M\u0259rk\u0259zinin d\u0259s\u0259tyi il\u0259 f\u0259aliyy\u0259t g\u00f6st\u0259r\u0259n \u201cHeyd\u0259r \u018fliyev D\u00f6vl\u0259t \u0130dar\u0259\u00e7iliyi M\u0259kt\u0259bi\u201dnd\u0259 2018-2019-cu t\u0259dris ilind\u0259 bakalavriatura pill\u0259sin\u0259 q\u0259bul olan I kurs t\u0259l\u0259b\u0259l\u0259ri ilk m\u00fchazir\u0259l\u0259rini dinl\u0259yibl\u0259r. \u0130lk m\u00fchazir\u0259ni dey\u0259n Az\u0259rbaycan Respublikas\u0131n\u0131n Prezidenti yan\u0131nda [&hellip;]<\/p>","protected":false},"author":2,"featured_media":11938,"comment_status":"closed","ping_status":"closed","sticky":false,"template":"","format":"standard","meta":[],"categories":[137],"tags":[],"_links":{"self":[{"href":"https:\/\/legacy.dia.edu.az\/ru\/wp-json\/wp\/v2\/posts\/11936"}],"collection":[{"href":"https:\/\/legacy.dia.edu.az\/ru\/wp-json\/wp\/v2\/posts"}],"about":[{"href":"https:\/\/legacy.dia.edu.az\/ru\/wp-json\/wp\/v2\/types\/post"}],"author":[{"embeddable":true,"href":"https:\/\/legacy.dia.edu.az\/ru\/wp-json\/wp\/v2\/users\/2"}],"replies":[{"embeddable":true,"href":"https:\/\/legacy.dia.edu.az\/ru\/wp-json\/wp\/v2\/comments?post=11936"}],"version-history":[{"count":0,"href":"https:\/\/legacy.dia.edu.az\/ru\/wp-json\/wp\/v2\/posts\/11936\/revisions"}],"wp:featuredmedia":[{"embeddable":true,"href":"https:\/\/legacy.dia.edu.az\/ru\/wp-json\/wp\/v2\/media\/11938"}],"wp:attachment":[{"href":"https:\/\/legacy.dia.edu.az\/ru\/wp-json\/wp\/v2\/media?parent=11936"}],"wp:term":[{"taxonomy":"category","embeddable":true,"href":"https:\/\/legacy.dia.edu.az\/ru\/wp-json\/wp\/v2\/categories?post=11936"},{"taxonomy":"post_tag","embeddable":true,"href":"https:\/\/legacy.dia.edu.az\/ru\/wp-json\/wp\/v2\/tags?post=11936"}],"curies":[{"name":"wp","href":"https:\/\/api.w.org\/{rel}","templated":true}]}}