{"id":11917,"date":"2018-10-10T22:01:00","date_gmt":"2018-10-10T19:01:00","guid":{"rendered":"https:\/\/dia.edu.az\/?p=11917"},"modified":"2021-03-14T22:03:28","modified_gmt":"2021-03-14T19:03:28","slug":"dia-da-t%c9%99l%c9%99b%c9%99l%c9%99r-ucun-seminar-kecirilib","status":"publish","type":"post","link":"https:\/\/legacy.dia.edu.az\/ru\/arxivl\u0259r\/11917","title":{"rendered":"D\u0130A-da t\u0259l\u0259b\u0259l\u0259r \u00fc\u00e7\u00fcn seminar ke\u00e7irilib"},"content":{"rendered":"<p><strong>D\u0130A-da t\u0259l\u0259b\u0259l\u0259r \u00fc\u00e7\u00fcn seminar ke\u00e7irilib<\/strong><br><em>Okt 10 , 2018 &#8211; 11:17<\/em><\/p>\n\n\n\n<p>Az\u0259rbaycan Respublikas\u0131n\u0131n Prezidenti yan\u0131nda D\u00f6vl\u0259t \u0130dar\u0259\u00e7ilik Akademiyas\u0131nda H\u00fcquq\u015f\u00fcnasl\u0131q ixtisas\u0131nda t\u0259hsil alan t\u0259l\u0259b\u0259l\u0259r \u00fc\u00e7\u00fcn n\u00f6vb\u0259ti seminar ke\u00e7irilib.<\/p>\n\n\n\n<p>Bu d\u0259f\u0259ki seminar Rusiya Federasiyas\u0131 H\u00f6kum\u0259ti yan\u0131nda Ali \u0130qtisadiyyat M\u0259kt\u0259binin Elmi T\u0259dqiqat Universitetinin H\u00fcquq fak\u00fclt\u0259sinin dekan\u0131, Rusiya Federasiyas\u0131n\u0131n \u018fm\u0259kdar h\u00fcquq\u015f\u00fcnas\u0131 dos. Evgeni Nikolayevi\u00e7 Sal\u0131gin v\u0259 onun m\u00fcavini h\u00fcquq \u00fczr\u0259 f\u0259ls\u0259f\u0259 doktoru Fatima M\u0259mm\u0259dovan\u0131n i\u015ftirak\u0131 il\u0259 ke\u00e7irilib. Az\u0259rbaycan Respublikas\u0131n\u0131n Prezidenti yan\u0131nda D\u00f6vl\u0259t \u0130dar\u0259\u00e7ilik Akademiyas\u0131n\u0131n h\u00fcmanitar v\u0259 sosial m\u0259s\u0259l\u0259l\u0259r \u00fczr\u0259 prorektoru, h.e.d. prof. Mehdi Abdullayev seminarda qona\u011f\u0131 salamlam\u0131\u015f, onun haqq\u0131nda i\u015ftirak\u00e7\u0131lara geni\u015f m\u0259lumat vermi\u015fdir.<\/p>\n\n\n\n<p>Rusiya Federasiyas\u0131n\u0131n \u018fm\u0259kdar h\u00fcquq\u015f\u00fcnas\u0131 Evgeni Nikolayevi\u00e7 Sal\u0131gin t\u0259msil etdiyi m\u0259kt\u0259b haqq\u0131nda geni\u015f m\u0259lumat vermi\u015f, Rusiya h\u00fcquq elminin inki\u015faf trendl\u0259ri bar\u0259d\u0259 m\u0259ruz\u0259 etmi\u015fdir. Daha sonra D\u00f6vl\u0259t \u0130dar\u0259\u00e7ilik Akademiyas\u0131 \u201cH\u00fcquq-I\u201d kafedras\u0131n\u0131n m\u00fcdiri h.\u00fc.f.d. dos. F\u0259xr\u0259ddin Na\u011f\u0131yev, m\u00fc\u0259lliml\u0259r Rahib \u018fkb\u0259rov, Araz Q\u0259dim\u0259liyev, Leyla \u018fliyeva, F\u0259rid\u0259 \u018fliyeva, Zaur M\u0259mm\u0259dov v\u0259 dig\u0259rl\u0259ri seminarda \u00e7\u0131x\u0131\u015f ed\u0259r\u0259k \u00f6z m\u00fclahiz\u0259l\u0259rini b\u00f6l\u00fc\u015fm\u00fc\u015fl\u0259r. Seminar\u0131n sonunda t\u0259l\u0259b\u0259 g\u0259ncl\u0259ri maraqland\u0131ran suallar cavabland\u0131r\u0131l\u0131b.Sonda qonaqlara Az\u0259rbaycan h\u0259qiq\u0259tl\u0259rini \u0259ks etdir\u0259n disk v\u0259 kitablar h\u0259diyy\u0259 edilmi\u015f, bel\u0259 t\u0259dbirl\u0259rin m\u00fct\u0259madi ke\u00e7irilm\u0259si fikri d\u0259st\u0259kl\u0259nmi\u015fdir.<\/p>\n\n\n\n<p><\/p>\n\n\n\n<figure class=\"wp-container-2 wp-block-gallery-1 wp-block-gallery columns-2 is-cropped\"><ul class=\"blocks-gallery-grid\"><li class=\"blocks-gallery-item\"><figure><img width=\"640\" height=\"424\" src=\"https:\/\/dia.edu.az\/wp-content\/uploads\/2021\/03\/10.10.jpg\" alt=\"\" data-id=\"11918\" data-full-url=\"https:\/\/dia.edu.az\/wp-content\/uploads\/2021\/03\/10.10.jpg\" data-link=\"https:\/\/dia.edu.az\/?attachment_id=11918\" class=\"wp-image-11918\" srcset=\"https:\/\/legacy.dia.edu.az\/wp-content\/uploads\/2021\/03\/10.10.jpg 640w, https:\/\/legacy.dia.edu.az\/wp-content\/uploads\/2021\/03\/10.10-300x199.jpg 300w, https:\/\/legacy.dia.edu.az\/wp-content\/uploads\/2021\/03\/10.10-16x12.jpg 16w, https:\/\/legacy.dia.edu.az\/wp-content\/uploads\/2021\/03\/10.10-150x100.jpg 150w, https:\/\/legacy.dia.edu.az\/wp-content\/uploads\/2021\/03\/10.10-300x199@2x.jpg 600w\" sizes=\"(max-width: 640px) 100vw, 640px\" \/><\/figure><\/li><li class=\"blocks-gallery-item\"><figure><img width=\"640\" height=\"424\" src=\"https:\/\/dia.edu.az\/wp-content\/uploads\/2021\/03\/1010.jpg\" alt=\"\" data-id=\"11919\" data-full-url=\"https:\/\/dia.edu.az\/wp-content\/uploads\/2021\/03\/1010.jpg\" data-link=\"https:\/\/dia.edu.az\/?attachment_id=11919\" class=\"wp-image-11919\" srcset=\"https:\/\/legacy.dia.edu.az\/wp-content\/uploads\/2021\/03\/1010.jpg 640w, https:\/\/legacy.dia.edu.az\/wp-content\/uploads\/2021\/03\/1010-300x199.jpg 300w, https:\/\/legacy.dia.edu.az\/wp-content\/uploads\/2021\/03\/1010-16x12.jpg 16w, https:\/\/legacy.dia.edu.az\/wp-content\/uploads\/2021\/03\/1010-150x100.jpg 150w, https:\/\/legacy.dia.edu.az\/wp-content\/uploads\/2021\/03\/1010-300x199@2x.jpg 600w\" sizes=\"(max-width: 640px) 100vw, 640px\" \/><\/figure><\/li><\/ul><\/figure>","protected":false},"excerpt":{"rendered":"<p>D\u0130A-da t\u0259l\u0259b\u0259l\u0259r \u00fc\u00e7\u00fcn seminar ke\u00e7irilibOkt 10 , 2018 &#8211; 11:17 Az\u0259rbaycan Respublikas\u0131n\u0131n Prezidenti yan\u0131nda D\u00f6vl\u0259t \u0130dar\u0259\u00e7ilik Akademiyas\u0131nda H\u00fcquq\u015f\u00fcnasl\u0131q ixtisas\u0131nda t\u0259hsil alan t\u0259l\u0259b\u0259l\u0259r \u00fc\u00e7\u00fcn n\u00f6vb\u0259ti seminar ke\u00e7irilib. Bu d\u0259f\u0259ki seminar Rusiya Federasiyas\u0131 H\u00f6kum\u0259ti yan\u0131nda Ali \u0130qtisadiyyat M\u0259kt\u0259binin Elmi T\u0259dqiqat Universitetinin H\u00fcquq fak\u00fclt\u0259sinin dekan\u0131, Rusiya Federasiyas\u0131n\u0131n \u018fm\u0259kdar h\u00fcquq\u015f\u00fcnas\u0131 dos. Evgeni Nikolayevi\u00e7 Sal\u0131gin v\u0259 onun m\u00fcavini h\u00fcquq \u00fczr\u0259 [&hellip;]<\/p>","protected":false},"author":2,"featured_media":11919,"comment_status":"closed","ping_status":"closed","sticky":false,"template":"","format":"standard","meta":[],"categories":[137],"tags":[],"_links":{"self":[{"href":"https:\/\/legacy.dia.edu.az\/ru\/wp-json\/wp\/v2\/posts\/11917"}],"collection":[{"href":"https:\/\/legacy.dia.edu.az\/ru\/wp-json\/wp\/v2\/posts"}],"about":[{"href":"https:\/\/legacy.dia.edu.az\/ru\/wp-json\/wp\/v2\/types\/post"}],"author":[{"embeddable":true,"href":"https:\/\/legacy.dia.edu.az\/ru\/wp-json\/wp\/v2\/users\/2"}],"replies":[{"embeddable":true,"href":"https:\/\/legacy.dia.edu.az\/ru\/wp-json\/wp\/v2\/comments?post=11917"}],"version-history":[{"count":0,"href":"https:\/\/legacy.dia.edu.az\/ru\/wp-json\/wp\/v2\/posts\/11917\/revisions"}],"wp:featuredmedia":[{"embeddable":true,"href":"https:\/\/legacy.dia.edu.az\/ru\/wp-json\/wp\/v2\/media\/11919"}],"wp:attachment":[{"href":"https:\/\/legacy.dia.edu.az\/ru\/wp-json\/wp\/v2\/media?parent=11917"}],"wp:term":[{"taxonomy":"category","embeddable":true,"href":"https:\/\/legacy.dia.edu.az\/ru\/wp-json\/wp\/v2\/categories?post=11917"},{"taxonomy":"post_tag","embeddable":true,"href":"https:\/\/legacy.dia.edu.az\/ru\/wp-json\/wp\/v2\/tags?post=11917"}],"curies":[{"name":"wp","href":"https:\/\/api.w.org\/{rel}","templated":true}]}}