{"id":11902,"date":"2018-10-24T21:54:00","date_gmt":"2018-10-24T18:54:00","guid":{"rendered":"https:\/\/dia.edu.az\/?p=11902"},"modified":"2021-03-14T21:56:11","modified_gmt":"2021-03-14T18:56:11","slug":"akademik-urxan-%c9%99l%c9%99kb%c9%99rov-olk%c9%99miz-2018-ci-ild%c9%99-inkluziv-inkisaf-sah%c9%99sind%c9%99-dunyada-yuks%c9%99k-movqe-qazanib","status":"publish","type":"post","link":"https:\/\/legacy.dia.edu.az\/ru\/arxivl\u0259r\/11902","title":{"rendered":"Akademik Urxan \u018fl\u0259kb\u0259rov: \u00d6lk\u0259miz 2018-ci ild\u0259 inkl\u00fcziv inki\u015faf sah\u0259sind\u0259 d\u00fcnyada y\u00fcks\u0259k m\u00f6vqe qazan\u0131b"},"content":{"rendered":"<p><\/p>\n\n\n\n<p><strong>Akademik Urxan \u018fl\u0259kb\u0259rov: \u00d6lk\u0259miz 2018-ci ild\u0259 inkl\u00fcziv inki\u015faf sah\u0259sind\u0259 d\u00fcnyada y\u00fcks\u0259k m\u00f6vqe qazan\u0131b<\/strong><br><em>Okt 24 , 2018 &#8211; 09:13<\/em><\/p>\n\n\n\n<p>\u00d6lk\u0259miz 2018-ci ild\u0259 inkl\u00fcziv inki\u015faf sah\u0259sind\u0259 d\u00fcnyada y\u00fcks\u0259k m\u00f6vqe qazan\u0131b.<\/p>\n\n\n\n<p>AMEA R\u0259yas\u0259t Hey\u0259ti v\u0259 Az\u0259rbaycan Respublikas\u0131 Prezidenti yan\u0131nda D\u00f6vl\u0259t \u0130dar\u0259\u00e7ilik Akademiyas\u0131n\u0131n (D\u0130A) Elmi \u015euras\u0131n\u0131n birg\u0259 iclas\u0131nda D\u0130A-n\u0131n rektoru, akademik Urxan \u018fl\u0259kb\u0259rov \u00e7\u0131x\u0131\u015f\u0131 zaman\u0131 deyib.<\/p>\n\n\n\n<p>Akademik bu u\u011furun k\u00f6k\u00fcnd\u0259 ulu \u00f6nd\u0259r Heyd\u0259r \u018fliyevin m\u00fc\u0259yy\u0259nl\u0259\u015fdirdiyi v\u0259 Prezident \u0130lham \u018fliyevin u\u011furla inki\u015faf etdirdiyi strategiyan\u0131n dayand\u0131\u011f\u0131na diqq\u0259t \u00e7\u0259kib. Qeyd edib ki, Davos \u0130qtisadi Forumunun d\u0259y\u0259rl\u0259ndirm\u0259l\u0259rin\u0259 g\u00f6r\u0259, respublikam\u0131z ke\u00e7id iqtisadiyyat\u0131na malik \u00f6lk\u0259l\u0259r aras\u0131nda \u00fc\u00e7\u00fcnc\u00fc yeri tutur. Bu qrupdak\u0131 \u00f6lk\u0259l\u0259rin \u00fcst\u00fcn iqtisadi imkanlar\u0131n\u0131n olmas\u0131na baxmayaraq, onlar aras\u0131nda Az\u0259rbaycan Avropa \u0130ttifaq\u0131, \u0130qtisadi \u018fm\u0259kda\u015fl\u0131q v\u0259 \u0130nki\u015faf T\u0259\u015fkilat\u0131n\u0131n \u00fczv\u00fc olan \u00e7ox sayda d\u00f6vl\u0259tl\u0259rd\u0259n ir\u0259lid\u0259dir. Az\u0259rbaycan\u0131n inkl\u00fcziv inki\u015faf indeksl\u0259ri AB\u015e, Yaponiya, \u0130taliya, \u0130srail, \u0130spaniya, Portuqaliya, T\u00fcrkiy\u0259, Rusiya v\u0259 ba\u015fqa \u00f6lk\u0259l\u0259rin g\u00f6st\u0259ricil\u0259rini \u00fcst\u0259l\u0259yir. Bu nailiyy\u0259t Az\u0259rbaycan Respublikas\u0131nda iqtisadi, sosial v\u0259 humanitar siyas\u0259tin \u00fcmumi inki\u015faf strategiyas\u0131n\u0131n vacib istiqam\u0259ti olmas\u0131ndan x\u0259b\u0259r verir.<\/p>\n\n\n\n<p>U.\u018fl\u0259kb\u0259rov qeyd edib ki, \u00f6lk\u0259mizin inkl\u00fcziv inki\u015faf ed\u0259n c\u0259miyy\u0259tin qurulmas\u0131 istiqam\u0259tind\u0259 qazand\u0131\u011f\u0131 u\u011furlar\u0131n ba\u015fl\u0131ca faktoru insan potensial\u0131n\u0131n formala\u015fd\u0131r\u0131lmas\u0131 v\u0259 s\u0259f\u0259rb\u0259r edilm\u0259sin\u0259 elmi yana\u015fmadad\u0131r. Son 15 ild\u0259 \u00f6lk\u0259d\u0259 adamba\u015f\u0131na d\u00fc\u015f\u0259n g\u0259lirl\u0259rin artmas\u0131, iqtisadi dir\u00e7\u0259li\u015f\u0259 nail olunmas\u0131 d\u00f6vl\u0259t s\u0259viyy\u0259sind\u0259 elm, t\u0259hsil v\u0259 s\u0259hiyy\u0259nin inki\u015faf\u0131 \u00fc\u00e7\u00fcn geni\u015f \u015f\u0259rait yarad\u0131b. T\u0259hlill\u0259r g\u00f6st\u0259rir ki, Az\u0259rbaycan Respublikas\u0131nda qazan\u0131lan u\u011furlar\u0131n \u0259sas\u0131nda Prezident \u0130lham \u018fliyev t\u0259r\u0259find\u0259n i\u015fl\u0259nilmi\u015f, n\u0259z\u0259ri \u0259saslar\u0131 v\u0259 t\u0259tbiq \u00fcsullar\u0131 yeni olan idar\u0259etm\u0259 texnologiyalar\u0131 kompleksi dayan\u0131r.<\/p>\n\n\n\n<p>M\u0259ruz\u0259d\u0259 idar\u0259etm\u0259d\u0259 istifad\u0259 olunan bu yeni sinergetik, komplementar v\u0259 kompensasion texnologiyalar v\u0259 onlar\u0131n kompleks t\u0259tbiqi say\u0259sind\u0259 qazan\u0131lan nailiyy\u0259tl\u0259r geni\u015f t\u0259hlil edilib. Qeyd olunub ki, kompleks \u015f\u0259kild\u0259 vahid \u00e7oxkomponentli bir sistem kimi bu texnologiyalardan inkl\u00fcziv inki\u015faf\u0131n planla\u015fd\u0131r\u0131lmas\u0131 v\u0259 idar\u0259edilm\u0259si \u00fc\u00e7\u00fcn ilk d\u0259f\u0259 Az\u0259rbaycanda istifad\u0259 edilib. Bu texnologiyalar \u00fcmumilikd\u0259 d\u00f6vl\u0259t proqramlar\u0131n\u0131n milli proqramlara \u00e7evrilm\u0259sini, onlar\u0131n realla\u015fd\u0131r\u0131lmas\u0131nda v\u0259t\u0259nda\u015f c\u0259miyy\u0259ti v\u0259 f\u0259rdi biznesin i\u015ftirak\u0131n\u0131, milli, xarici v\u0259 beyn\u0259lxalq t\u0259r\u0259fda\u015flar\u0131n m\u00fc\u015ft\u0259r\u0259k layih\u0259l\u0259r \u00fczr\u0259 maraqlar\u0131na diqq\u0259tin art\u0131r\u0131lmas\u0131n\u0131 n\u0259z\u0259rd\u0259 tutur.<\/p>\n\n\n\n<p>M\u0259ruz\u0259 dinl\u0259nildikd\u0259n sonra AMEA R\u0259yas\u0259t Hey\u0259ti v\u0259 Az\u0259rbaycan Respublikas\u0131n\u0131n Prezidenti yan\u0131nda D\u00f6vl\u0259t \u0130dar\u0259\u00e7ilik Akademiyas\u0131n\u0131n Elmi \u015euras\u0131n\u0131n q\u0259rar\u0131na \u0259sas\u0259n respublikada t\u0259tbiq edil\u0259n v\u0259 beyn\u0259lxalq t\u0259\u015fkilatlar t\u0259r\u0259find\u0259n y\u00fcks\u0259k d\u0259y\u0259rl\u0259ndiril\u0259n idar\u0259etm\u0259 texnologiyalar\u0131n\u0131n t\u0259dqiqinin davam etdirilm\u0259si m\u0259qs\u0259d\u0259uy\u011fun hesab olunub. Bundan ba\u015fqa, q\u0259rarda elmi n\u0259\u015frl\u0259rd\u0259 \u00f6lk\u0259nin inkl\u00fcziv inki\u015faf sah\u0259sind\u0259 nailiyy\u0259tl\u0259rinin t\u0259hlili il\u0259 ba\u011fl\u0131 multidissiplinar elmi t\u0259dqiqatlar\u0131n n\u0259tic\u0259l\u0259rinin d\u0259rc edilm\u0259si, bu sah\u0259y\u0259 dair ali m\u0259kt\u0259bl\u0259r \u00fc\u00e7\u00fcn x\u00fcsusi d\u0259rsliyin haz\u0131rlanmas\u0131, orta m\u0259kt\u0259b proqramlar\u0131ndak\u0131 m\u00fcvafiq f\u0259nl\u0259r \u00e7\u0259r\u00e7iv\u0259sin\u0259 inkl\u00fcziv inki\u015fafa dair bilik v\u0259 bacar\u0131qlar a\u015f\u0131layan m\u0259lumatlar\u0131n daxil edilm\u0259si v\u0259 dig\u0259r m\u0259s\u0259l\u0259l\u0259r yer al\u0131r.<\/p>","protected":false},"excerpt":{"rendered":"<p>Akademik Urxan \u018fl\u0259kb\u0259rov: \u00d6lk\u0259miz 2018-ci ild\u0259 inkl\u00fcziv inki\u015faf sah\u0259sind\u0259 d\u00fcnyada y\u00fcks\u0259k m\u00f6vqe qazan\u0131bOkt 24 , 2018 &#8211; 09:13 \u00d6lk\u0259miz 2018-ci ild\u0259 inkl\u00fcziv inki\u015faf sah\u0259sind\u0259 d\u00fcnyada y\u00fcks\u0259k m\u00f6vqe qazan\u0131b. AMEA R\u0259yas\u0259t Hey\u0259ti v\u0259 Az\u0259rbaycan Respublikas\u0131 Prezidenti yan\u0131nda D\u00f6vl\u0259t \u0130dar\u0259\u00e7ilik Akademiyas\u0131n\u0131n (D\u0130A) Elmi \u015euras\u0131n\u0131n birg\u0259 iclas\u0131nda D\u0130A-n\u0131n rektoru, akademik Urxan \u018fl\u0259kb\u0259rov \u00e7\u0131x\u0131\u015f\u0131 zaman\u0131 deyib. Akademik bu u\u011furun [&hellip;]<\/p>","protected":false},"author":2,"featured_media":11903,"comment_status":"closed","ping_status":"closed","sticky":false,"template":"","format":"standard","meta":[],"categories":[137],"tags":[],"_links":{"self":[{"href":"https:\/\/legacy.dia.edu.az\/ru\/wp-json\/wp\/v2\/posts\/11902"}],"collection":[{"href":"https:\/\/legacy.dia.edu.az\/ru\/wp-json\/wp\/v2\/posts"}],"about":[{"href":"https:\/\/legacy.dia.edu.az\/ru\/wp-json\/wp\/v2\/types\/post"}],"author":[{"embeddable":true,"href":"https:\/\/legacy.dia.edu.az\/ru\/wp-json\/wp\/v2\/users\/2"}],"replies":[{"embeddable":true,"href":"https:\/\/legacy.dia.edu.az\/ru\/wp-json\/wp\/v2\/comments?post=11902"}],"version-history":[{"count":0,"href":"https:\/\/legacy.dia.edu.az\/ru\/wp-json\/wp\/v2\/posts\/11902\/revisions"}],"wp:featuredmedia":[{"embeddable":true,"href":"https:\/\/legacy.dia.edu.az\/ru\/wp-json\/wp\/v2\/media\/11903"}],"wp:attachment":[{"href":"https:\/\/legacy.dia.edu.az\/ru\/wp-json\/wp\/v2\/media?parent=11902"}],"wp:term":[{"taxonomy":"category","embeddable":true,"href":"https:\/\/legacy.dia.edu.az\/ru\/wp-json\/wp\/v2\/categories?post=11902"},{"taxonomy":"post_tag","embeddable":true,"href":"https:\/\/legacy.dia.edu.az\/ru\/wp-json\/wp\/v2\/tags?post=11902"}],"curies":[{"name":"wp","href":"https:\/\/api.w.org\/{rel}","templated":true}]}}