{"id":11894,"date":"2018-11-02T21:51:00","date_gmt":"2018-11-02T18:51:00","guid":{"rendered":"https:\/\/dia.edu.az\/?p=11894"},"modified":"2021-03-14T21:52:39","modified_gmt":"2021-03-14T18:52:39","slug":"az%c9%99rbaycan-respublikasinin-g%c9%99ncl%c9%99r-fondu-t%c9%99hsil-x%c9%99rcl%c9%99rinin-maliyy%c9%99l%c9%99sdirilm%c9%99si-uzr%c9%99-%c9%99riz%c9%99-q%c9%99bulunu-elan-edir","status":"publish","type":"post","link":"https:\/\/legacy.dia.edu.az\/ru\/arxivl\u0259r\/11894","title":{"rendered":"Az\u0259rbaycan Respublikas\u0131n\u0131n G\u0259ncl\u0259r Fondu t\u0259hsil x\u0259rcl\u0259rinin maliyy\u0259l\u0259\u015fdirilm\u0259si \u00fczr\u0259 \u0259riz\u0259 q\u0259bulunu elan edir"},"content":{"rendered":"<p><\/p>\n\n\n\n<p><strong>Az\u0259rbaycan Respublikas\u0131n\u0131n G\u0259ncl\u0259r Fondu t\u0259hsil x\u0259rcl\u0259rinin maliyy\u0259l\u0259\u015fdirilm\u0259si \u00fczr\u0259 \u0259riz\u0259 q\u0259bulunu elan edir<\/strong><br><em>Noy 02 , 2018 &#8211; 01:59<\/em><\/p>\n\n\n\n<p>Az\u0259rbaycan Respublikas\u0131 Prezidentinin 2018-ci il 7 mart tarixli 1871 n\u00f6mr\u0259li F\u0259rman\u0131na \u0259sas\u0259n Az\u0259rbaycan Respublikas\u0131n\u0131n G\u0259ncl\u0259r Fondunun (bundan sonra \u2013 Fond) nizamnam\u0259sinin 3.1.9.-cu yar\u0131mb\u0259ndin\u0259 uy\u011fun olaraq, sosial m\u00fcdafi\u0259y\u0259 x\u00fcsusi ehtiyac\u0131 olan \u015f\u0259xsl\u0259r qrupuna daxil olan istedadl\u0131 g\u0259ncl\u0259rin t\u0259hsil x\u0259rcl\u0259rinin maliyy\u0259l\u0259\u015fdirilm\u0259si h\u0259yata ke\u00e7iril\u0259c\u0259kdir.<\/p>\n\n\n\n<p>Maliyy\u0259l\u0259\u015fm\u0259 zaman\u0131 t\u0259l\u0259b\u0259nin davamiyy\u0259ti v\u0259 t\u0259hsil g\u00f6st\u0259ricil\u0259ri \u0259sas g\u00f6t\u00fcr\u00fcl\u0259c\u0259kdir.<\/p>\n\n\n\n<p>Maliyy\u0259l\u0259\u015fm\u0259 t\u0259hsil haqq\u0131 x\u0259rcl\u0259rinin tam v\u0259 ya qism\u0259n qar\u015f\u0131lanmas\u0131n\u0131 n\u0259z\u0259rd\u0259 tutur.<\/p>\n\n\n\n<p>M\u00fcraci\u0259t etm\u0259k ist\u0259y\u0259nl\u0259r Fondun r\u0259smi (<a href=\"http:\/\/www.youthfoundation.az\/\">www.youthfoundation.az<\/a>) sayt\u0131nda&nbsp;<a href=\"https:\/\/youthfoundation.az\/esystem-test?fund_action=register_per\">qeydiyyatdan ke\u00e7ib<\/a>, kod v\u0259 \u015fifr\u0259 \u0259ld\u0259 etdikd\u0259n sonra, sayt\u0131n&nbsp;<a href=\"https:\/\/youthfoundation.az\/esystem-test\">elektron xidm\u0259tl\u0259r<\/a>&nbsp;b\u00f6lm\u0259sind\u0259 yerl\u0259\u015fdirilmi\u015f \u0259riz\u0259 formas\u0131n\u0131 m\u00fcvafiq qaydada doldurub, sayt \u00fcz\u0259rind\u0259n Fonda g\u00f6nd\u0259rm\u0259lidirl\u0259r.<\/p>\n\n\n\n<p>Fond t\u0259r\u0259find\u0259n, a\u015fa\u011f\u0131da qeyd edilmi\u015f kateqoriyalara aid olan \u015f\u0259xsl\u0259r\u0259 \u00fcst\u00fcnl\u00fck veril\u0259c\u0259kdir:<\/p>\n\n\n\n<p><\/p>\n\n\n\n<p><a href=\"https:\/\/youthfoundation.az\/42974?fbclid=IwAR2g6Hl8i3GhC3DNlCIWLze35HFga2-n_QZPp2h7yRG6hy9B_kBkyxx_tZw\">DAVAMI<\/a><\/p>","protected":false},"excerpt":{"rendered":"<p>Az\u0259rbaycan Respublikas\u0131n\u0131n G\u0259ncl\u0259r Fondu t\u0259hsil x\u0259rcl\u0259rinin maliyy\u0259l\u0259\u015fdirilm\u0259si \u00fczr\u0259 \u0259riz\u0259 q\u0259bulunu elan edirNoy 02 , 2018 &#8211; 01:59 Az\u0259rbaycan Respublikas\u0131 Prezidentinin 2018-ci il 7 mart tarixli 1871 n\u00f6mr\u0259li F\u0259rman\u0131na \u0259sas\u0259n Az\u0259rbaycan Respublikas\u0131n\u0131n G\u0259ncl\u0259r Fondunun (bundan sonra \u2013 Fond) nizamnam\u0259sinin 3.1.9.-cu yar\u0131mb\u0259ndin\u0259 uy\u011fun olaraq, sosial m\u00fcdafi\u0259y\u0259 x\u00fcsusi ehtiyac\u0131 olan \u015f\u0259xsl\u0259r qrupuna daxil olan istedadl\u0131 g\u0259ncl\u0259rin t\u0259hsil x\u0259rcl\u0259rinin [&hellip;]<\/p>","protected":false},"author":2,"featured_media":11895,"comment_status":"closed","ping_status":"closed","sticky":false,"template":"","format":"standard","meta":[],"categories":[137],"tags":[],"_links":{"self":[{"href":"https:\/\/legacy.dia.edu.az\/ru\/wp-json\/wp\/v2\/posts\/11894"}],"collection":[{"href":"https:\/\/legacy.dia.edu.az\/ru\/wp-json\/wp\/v2\/posts"}],"about":[{"href":"https:\/\/legacy.dia.edu.az\/ru\/wp-json\/wp\/v2\/types\/post"}],"author":[{"embeddable":true,"href":"https:\/\/legacy.dia.edu.az\/ru\/wp-json\/wp\/v2\/users\/2"}],"replies":[{"embeddable":true,"href":"https:\/\/legacy.dia.edu.az\/ru\/wp-json\/wp\/v2\/comments?post=11894"}],"version-history":[{"count":0,"href":"https:\/\/legacy.dia.edu.az\/ru\/wp-json\/wp\/v2\/posts\/11894\/revisions"}],"wp:featuredmedia":[{"embeddable":true,"href":"https:\/\/legacy.dia.edu.az\/ru\/wp-json\/wp\/v2\/media\/11895"}],"wp:attachment":[{"href":"https:\/\/legacy.dia.edu.az\/ru\/wp-json\/wp\/v2\/media?parent=11894"}],"wp:term":[{"taxonomy":"category","embeddable":true,"href":"https:\/\/legacy.dia.edu.az\/ru\/wp-json\/wp\/v2\/categories?post=11894"},{"taxonomy":"post_tag","embeddable":true,"href":"https:\/\/legacy.dia.edu.az\/ru\/wp-json\/wp\/v2\/tags?post=11894"}],"curies":[{"name":"wp","href":"https:\/\/api.w.org\/{rel}","templated":true}]}}