{"id":11890,"date":"2018-11-08T21:49:00","date_gmt":"2018-11-08T18:49:00","guid":{"rendered":"https:\/\/dia.edu.az\/?p=11890"},"modified":"2021-03-14T21:50:36","modified_gmt":"2021-03-14T18:50:36","slug":"9-noyabr-dovl%c9%99t-bayraq-gunudur","status":"publish","type":"post","link":"https:\/\/legacy.dia.edu.az\/ru\/arxivl\u0259r\/11890","title":{"rendered":"9 Noyabr &#8211; D\u00f6vl\u0259t Bayraq g\u00fcn\u00fcd\u00fcr!"},"content":{"rendered":"<p class=\"has-text-align-center\"><strong>D\u0130A-n\u0131n m\u00fc\u0259llim v\u0259 t\u0259l\u0259b\u0259 kollektivi &nbsp;Sizl\u0259ri&nbsp; D\u00f6vl\u0259t Bayra\u011f\u0131 g\u00fcn\u00fc m\u00fcnasib\u0259til\u0259<\/strong><\/p>\n\n\n\n<p class=\"has-text-align-center\"><strong>&nbsp;t\u0259brik edir,&nbsp;<\/strong><strong>bayra\u011f\u0131m\u0131z\u0131n v\u0259t\u0259nimizin b\u00fct\u00fcn gu\u015f\u0259l\u0259rind\u0259 dal\u011falanmas\u0131n\u0131<\/strong><\/p>\n\n\n\n<p class=\"has-text-align-center\"><strong>v\u0259 m\u00fcst\u0259qilliyimizin \u0259b\u0259di olmas\u0131n\u0131 arzu edirik!<\/strong><\/p>\n\n\n\n<figure class=\"wp-container-2 wp-block-gallery-1 wp-block-gallery columns-1 is-cropped\"><ul class=\"blocks-gallery-grid\"><li class=\"blocks-gallery-item\"><figure><img width=\"728\" height=\"408\" src=\"https:\/\/dia.edu.az\/wp-content\/uploads\/2021\/03\/DOLhKiqXUAUcYIm1541693236-1.jpg\" alt=\"\" data-id=\"11892\" data-full-url=\"https:\/\/dia.edu.az\/wp-content\/uploads\/2021\/03\/DOLhKiqXUAUcYIm1541693236-1.jpg\" data-link=\"https:\/\/dia.edu.az\/?attachment_id=11892\" class=\"wp-image-11892\" srcset=\"https:\/\/legacy.dia.edu.az\/wp-content\/uploads\/2021\/03\/DOLhKiqXUAUcYIm1541693236-1.jpg 728w, https:\/\/legacy.dia.edu.az\/wp-content\/uploads\/2021\/03\/DOLhKiqXUAUcYIm1541693236-1-300x168.jpg 300w, https:\/\/legacy.dia.edu.az\/wp-content\/uploads\/2021\/03\/DOLhKiqXUAUcYIm1541693236-1-16x9.jpg 16w, https:\/\/legacy.dia.edu.az\/wp-content\/uploads\/2021\/03\/DOLhKiqXUAUcYIm1541693236-1-300x168@2x.jpg 600w\" sizes=\"(max-width: 728px) 100vw, 728px\" \/><\/figure><\/li><\/ul><\/figure>","protected":false},"excerpt":{"rendered":"<p>D\u0130A-n\u0131n m\u00fc\u0259llim v\u0259 t\u0259l\u0259b\u0259 kollektivi &nbsp;Sizl\u0259ri&nbsp; D\u00f6vl\u0259t Bayra\u011f\u0131 g\u00fcn\u00fc m\u00fcnasib\u0259til\u0259 &nbsp;t\u0259brik edir,&nbsp;bayra\u011f\u0131m\u0131z\u0131n v\u0259t\u0259nimizin b\u00fct\u00fcn gu\u015f\u0259l\u0259rind\u0259 dal\u011falanmas\u0131n\u0131 v\u0259 m\u00fcst\u0259qilliyimizin \u0259b\u0259di olmas\u0131n\u0131 arzu edirik!<\/p>","protected":false},"author":2,"featured_media":11891,"comment_status":"closed","ping_status":"closed","sticky":false,"template":"","format":"standard","meta":[],"categories":[137],"tags":[],"_links":{"self":[{"href":"https:\/\/legacy.dia.edu.az\/ru\/wp-json\/wp\/v2\/posts\/11890"}],"collection":[{"href":"https:\/\/legacy.dia.edu.az\/ru\/wp-json\/wp\/v2\/posts"}],"about":[{"href":"https:\/\/legacy.dia.edu.az\/ru\/wp-json\/wp\/v2\/types\/post"}],"author":[{"embeddable":true,"href":"https:\/\/legacy.dia.edu.az\/ru\/wp-json\/wp\/v2\/users\/2"}],"replies":[{"embeddable":true,"href":"https:\/\/legacy.dia.edu.az\/ru\/wp-json\/wp\/v2\/comments?post=11890"}],"version-history":[{"count":0,"href":"https:\/\/legacy.dia.edu.az\/ru\/wp-json\/wp\/v2\/posts\/11890\/revisions"}],"wp:featuredmedia":[{"embeddable":true,"href":"https:\/\/legacy.dia.edu.az\/ru\/wp-json\/wp\/v2\/media\/11891"}],"wp:attachment":[{"href":"https:\/\/legacy.dia.edu.az\/ru\/wp-json\/wp\/v2\/media?parent=11890"}],"wp:term":[{"taxonomy":"category","embeddable":true,"href":"https:\/\/legacy.dia.edu.az\/ru\/wp-json\/wp\/v2\/categories?post=11890"},{"taxonomy":"post_tag","embeddable":true,"href":"https:\/\/legacy.dia.edu.az\/ru\/wp-json\/wp\/v2\/tags?post=11890"}],"curies":[{"name":"wp","href":"https:\/\/api.w.org\/{rel}","templated":true}]}}