{"id":11886,"date":"2018-11-11T21:47:00","date_gmt":"2018-11-11T18:47:00","guid":{"rendered":"https:\/\/dia.edu.az\/?p=11886"},"modified":"2021-03-14T21:48:35","modified_gmt":"2021-03-14T18:48:35","slug":"xalqimizin-qurur-m%c9%99nb%c9%99yi-dovl%c9%99t-bayragimiz","status":"publish","type":"post","link":"https:\/\/legacy.dia.edu.az\/ru\/arxivl\u0259r\/11886","title":{"rendered":"Xalq\u0131m\u0131z\u0131n q\u00fcrur m\u0259nb\u0259yi &#8211; D\u00f6vl\u0259t bayra\u011f\u0131m\u0131z"},"content":{"rendered":"<p><strong>Xalq\u0131m\u0131z\u0131n q\u00fcrur m\u0259nb\u0259yi &#8211; D\u00f6vl\u0259t bayra\u011f\u0131m\u0131z<\/strong><br><em>Noy 11 , 2018 &#8211; 10:49<\/em><\/p>\n\n\n\n<p>Az\u0259rbaycan Respublikas\u0131n\u0131n Prezidenti yan\u0131nda D\u00f6vl\u0259t \u0130dar\u0259\u00e7ilik Akademiyas\u0131nda (D\u0130A) 9 noyabr &#8211; D\u00f6vl\u0259t Bayra\u011f\u0131 G\u00fcn\u00fcn\u0259 h\u0259sr olunan elmi konfrans ke\u00e7irilib.<\/p>\n\n\n\n<p>\u018fvv\u0259lc\u0259 Az\u0259rbaycan Respublikas\u0131n\u0131n d\u00f6vl\u0259t himni s\u0259sl\u0259ndirilib.<\/p>\n\n\n\n<p>T\u0259dbird\u0259 \u00fc\u00e7r\u0259ngli bayra\u011f\u0131m\u0131z\u0131n 100 illiyi m\u00fcnasib\u0259til\u0259 i\u015ftirak\u00e7\u0131lar\u0131 t\u0259brik ed\u0259n D\u0130A-n\u0131n birinci prorektoru, professor \u018flikram Abdullayev Az\u0259rbaycan Prezidenti \u0130lham \u018fliyevin \u201cAz\u0259rbaycan Respublikas\u0131n\u0131n D\u00f6vl\u0259t Bayra\u011f\u0131 G\u00fcn\u00fcn\u00fcn t\u0259sis edilm\u0259si haqq\u0131nda\u201d S\u0259r\u0259ncam\u0131n\u0131n \u0259h\u0259miyy\u0259tini vur\u011fulay\u0131b.<\/p>\n\n\n\n<p>Respublikam\u0131z\u0131n suverenliyinin \u0259sas atributlar\u0131ndan olan D\u00f6vl\u0259t bayra\u011f\u0131m\u0131z\u0131n tarixind\u0259n dan\u0131\u015fan \u018f.Abdullayev Az\u0259rbaycan Xalq C\u00fcmhuriyy\u0259ti d\u00f6vr\u00fcnd\u0259 q\u0259bul olunmu\u015f \u00fc\u00e7r\u0259ngli bayra\u011f\u0131m\u0131z\u0131n h\u0259l\u0259 SSR\u0130 vaxt\u0131nda ulu \u00f6nd\u0259r Heyd\u0259r \u018fliyev t\u0259r\u0259find\u0259n Nax\u00e7\u0131vanda bir daha ucald\u0131ld\u0131\u011f\u0131n\u0131 diqq\u0259t\u0259 \u00e7atd\u0131r\u0131b. Professor \u018f.Abdullayev \u00fcmummilli lider Heyd\u0259r \u018fliyevin m\u00fcasir m\u00fcst\u0259qil Az\u0259rbaycan d\u00f6vl\u0259tinin qurulmas\u0131nda v\u0259 inki\u015faf\u0131nda m\u00fcst\u0259sna xidm\u0259tl\u0259rind\u0259n d\u0259 b\u0259hs edib.<\/p>\n\n\n\n<p>D\u0130A-n\u0131n kafedra m\u00fcdirl\u0259ri Firdovsiy\u0259 \u018fhm\u0259dova, F\u0259xr\u0259ddin Na\u011f\u0131yev, T\u0259l\u0259b\u0259 G\u0259ncl\u0259r T\u0259\u015fkilat\u0131n\u0131n s\u0259dri Nail \u018fliyev, TGT ART Klubun s\u0259dr m\u00fcavini Murad H\u0259s\u0259nxanl\u0131 v\u0259 dig\u0259r \u00e7\u0131x\u0131\u015f ed\u0259nl\u0259r D\u00f6vl\u0259t bayra\u011f\u0131n\u0131n xalq\u0131m\u0131z\u0131n sonsuz q\u00fcrur m\u0259nb\u0259yi oldu\u011funu bildiribl\u0259r.<\/p>\n\n\n\n<p>\u00c7\u0131x\u0131\u015flarda m\u00fcst\u0259qil \u00f6lk\u0259mizin d\u00fcnyada n\u00fcfuzunun y\u00fcks\u0259ldiyi vur\u011fulan\u0131b, erm\u0259nil\u0259r t\u0259r\u0259find\u0259n i\u015f\u011fal edilmi\u015f torpaqlar\u0131m\u0131z\u0131n Az\u0259rbaycan Prezidenti \u0130lham \u018fliyevin apard\u0131\u011f\u0131 m\u0259qs\u0259dy\u00f6nl\u00fc siyas\u0259t n\u0259tic\u0259sind\u0259 tezlikl\u0259 azad olunaca\u011f\u0131na \u0259minlik ifad\u0259 olunub.<\/p>\n\n\n\n<p>Sonra D\u00f6vl\u0259t bayra\u011f\u0131na h\u0259sr olunmu\u015f video\u00e7arx n\u00fcmayi\u015f etdirilib.<\/p>\n\n\n\n<figure class=\"wp-container-2 wp-block-gallery-1 wp-block-gallery columns-2 is-cropped\"><ul class=\"blocks-gallery-grid\"><li class=\"blocks-gallery-item\"><figure><img width=\"640\" height=\"397\" src=\"https:\/\/dia.edu.az\/wp-content\/uploads\/2021\/03\/11.11.jpg\" alt=\"\" data-id=\"11887\" data-full-url=\"https:\/\/dia.edu.az\/wp-content\/uploads\/2021\/03\/11.11.jpg\" data-link=\"https:\/\/dia.edu.az\/?attachment_id=11887\" class=\"wp-image-11887\" srcset=\"https:\/\/legacy.dia.edu.az\/wp-content\/uploads\/2021\/03\/11.11.jpg 640w, https:\/\/legacy.dia.edu.az\/wp-content\/uploads\/2021\/03\/11.11-300x186.jpg 300w, https:\/\/legacy.dia.edu.az\/wp-content\/uploads\/2021\/03\/11.11-16x10.jpg 16w, https:\/\/legacy.dia.edu.az\/wp-content\/uploads\/2021\/03\/11.11-300x186@2x.jpg 600w\" sizes=\"(max-width: 640px) 100vw, 640px\" \/><\/figure><\/li><li class=\"blocks-gallery-item\"><figure><img width=\"640\" height=\"317\" src=\"https:\/\/dia.edu.az\/wp-content\/uploads\/2021\/03\/1111.jpg\" alt=\"\" data-id=\"11888\" data-full-url=\"https:\/\/dia.edu.az\/wp-content\/uploads\/2021\/03\/1111.jpg\" data-link=\"https:\/\/dia.edu.az\/?attachment_id=11888\" class=\"wp-image-11888\" srcset=\"https:\/\/legacy.dia.edu.az\/wp-content\/uploads\/2021\/03\/1111.jpg 640w, https:\/\/legacy.dia.edu.az\/wp-content\/uploads\/2021\/03\/1111-300x149.jpg 300w, https:\/\/legacy.dia.edu.az\/wp-content\/uploads\/2021\/03\/1111-16x8.jpg 16w, https:\/\/legacy.dia.edu.az\/wp-content\/uploads\/2021\/03\/1111-300x149@2x.jpg 600w\" sizes=\"(max-width: 640px) 100vw, 640px\" \/><\/figure><\/li><\/ul><\/figure>","protected":false},"excerpt":{"rendered":"<p>Xalq\u0131m\u0131z\u0131n q\u00fcrur m\u0259nb\u0259yi &#8211; D\u00f6vl\u0259t bayra\u011f\u0131m\u0131zNoy 11 , 2018 &#8211; 10:49 Az\u0259rbaycan Respublikas\u0131n\u0131n Prezidenti yan\u0131nda D\u00f6vl\u0259t \u0130dar\u0259\u00e7ilik Akademiyas\u0131nda (D\u0130A) 9 noyabr &#8211; D\u00f6vl\u0259t Bayra\u011f\u0131 G\u00fcn\u00fcn\u0259 h\u0259sr olunan elmi konfrans ke\u00e7irilib. \u018fvv\u0259lc\u0259 Az\u0259rbaycan Respublikas\u0131n\u0131n d\u00f6vl\u0259t himni s\u0259sl\u0259ndirilib. T\u0259dbird\u0259 \u00fc\u00e7r\u0259ngli bayra\u011f\u0131m\u0131z\u0131n 100 illiyi m\u00fcnasib\u0259til\u0259 i\u015ftirak\u00e7\u0131lar\u0131 t\u0259brik ed\u0259n D\u0130A-n\u0131n birinci prorektoru, professor \u018flikram Abdullayev Az\u0259rbaycan Prezidenti \u0130lham \u018fliyevin [&hellip;]<\/p>","protected":false},"author":2,"featured_media":11888,"comment_status":"closed","ping_status":"closed","sticky":false,"template":"","format":"standard","meta":[],"categories":[137],"tags":[],"_links":{"self":[{"href":"https:\/\/legacy.dia.edu.az\/ru\/wp-json\/wp\/v2\/posts\/11886"}],"collection":[{"href":"https:\/\/legacy.dia.edu.az\/ru\/wp-json\/wp\/v2\/posts"}],"about":[{"href":"https:\/\/legacy.dia.edu.az\/ru\/wp-json\/wp\/v2\/types\/post"}],"author":[{"embeddable":true,"href":"https:\/\/legacy.dia.edu.az\/ru\/wp-json\/wp\/v2\/users\/2"}],"replies":[{"embeddable":true,"href":"https:\/\/legacy.dia.edu.az\/ru\/wp-json\/wp\/v2\/comments?post=11886"}],"version-history":[{"count":0,"href":"https:\/\/legacy.dia.edu.az\/ru\/wp-json\/wp\/v2\/posts\/11886\/revisions"}],"wp:featuredmedia":[{"embeddable":true,"href":"https:\/\/legacy.dia.edu.az\/ru\/wp-json\/wp\/v2\/media\/11888"}],"wp:attachment":[{"href":"https:\/\/legacy.dia.edu.az\/ru\/wp-json\/wp\/v2\/media?parent=11886"}],"wp:term":[{"taxonomy":"category","embeddable":true,"href":"https:\/\/legacy.dia.edu.az\/ru\/wp-json\/wp\/v2\/categories?post=11886"},{"taxonomy":"post_tag","embeddable":true,"href":"https:\/\/legacy.dia.edu.az\/ru\/wp-json\/wp\/v2\/tags?post=11886"}],"curies":[{"name":"wp","href":"https:\/\/api.w.org\/{rel}","templated":true}]}}