{"id":11872,"date":"2018-11-23T21:41:00","date_gmt":"2018-11-23T18:41:00","guid":{"rendered":"https:\/\/dia.edu.az\/?p=11872"},"modified":"2021-03-14T21:44:05","modified_gmt":"2021-03-14T18:44:05","slug":"dovl%c9%99t-idar%c9%99cilik-akademiyasinda-turkiy%c9%99-respublikasinin-xaricd%c9%99-yasayan-turkl%c9%99r-v%c9%99-%c9%99qr%c9%99ba-icmalari-departamentinin-r%c9%99hb%c9%99ri-abdullah-erenl%c9%99-gorus","status":"publish","type":"post","link":"https:\/\/legacy.dia.edu.az\/ru\/arxivl\u0259r\/11872","title":{"rendered":"D\u00f6vl\u0259t \u0130dar\u0259\u00e7ilik Akademiyas\u0131nda T\u00fcrkiy\u0259 Respublikas\u0131n\u0131n Xaricd\u0259 ya\u015fayan T\u00fcrkl\u0259r v\u0259 \u018fqr\u0259ba \u0130cmalar\u0131 Departamentinin r\u0259hb\u0259ri Abdullah Erenl\u0259 g\u00f6r\u00fc\u015f ke\u00e7irilib"},"content":{"rendered":"<p><strong>D\u00f6vl\u0259t \u0130dar\u0259\u00e7ilik Akademiyas\u0131nda T\u00fcrkiy\u0259 Respublikas\u0131n\u0131n Xaricd\u0259 ya\u015fayan T\u00fcrkl\u0259r v\u0259 \u018fqr\u0259ba \u0130cmalar\u0131 Departamentinin r\u0259hb\u0259ri Abdullah Erenl\u0259 g\u00f6r\u00fc\u015f ke\u00e7irilib<\/strong><br><em>Noy 23 , 2018 &#8211; 11:38<\/em><\/p>\n\n\n\n<p>T\u00fcrkiy\u0259 Respublikas\u0131n\u0131n Xaricd\u0259 ya\u015fayan T\u00fcrkl\u0259r v\u0259 \u018fqr\u0259ba \u0130cmalar\u0131 Departamentinin r\u0259hb\u0259ri Abdullah Erenin ba\u015f\u00e7\u0131l\u0131q etdiyi n\u00fcmay\u0259nd\u0259 hey\u0259ti &nbsp;D\u00f6vl\u0259t \u0130dar\u0259\u00e7ilik Akademiyas\u0131nda olublar. Akademiyada qonaqlar\u0131 salamlayan rektor, akademik Urxan \u018fl\u0259kb\u0259rov r\u0259hb\u0259rlik etdiyi t\u0259hsil oca\u011f\u0131n\u0131n tarixi v\u0259 inki\u015faf\u0131 haqq\u0131nda n\u00fcmay\u0259nd\u0259 hey\u0259tin\u0259 m\u0259lumat verib v\u0259 D\u0130A-n\u0131n&nbsp; T\u00fcrkiy\u0259 universitetl\u0259ri il\u0259 \u0259m\u0259kda\u015fl\u0131q \u0259laq\u0259l\u0259rind\u0259n s\u00f6hb\u0259t a\u00e7d\u0131. Daha sonra rektor \u00f6lk\u0259mizin son ill\u0259r \u0259ld\u0259 etdiyi u\u011furlardan v\u0259 bu u\u011furlar\u0131n t\u0259m\u0259lind\u0259 \u00fcmummilli lider Heyd\u0259r \u018fliyevin \u00fczaqg\u00f6r\u0259n, d\u00fc\u015f\u00fcn\u00fclm\u00fc\u015f siyas\u0259tinin v\u0259 bu g\u00fcn Prezident \u0130lham \u018fliyev t\u0259r\u0259find\u0259n h\u0259yata ke\u00e7iril\u0259n innovativ inki\u015faf strategiyas\u0131n\u0131n dayand\u0131\u011f\u0131n\u0131 n\u00fcmay\u0259nd\u0259 hey\u0259tinin diqq\u0259tin\u0259 \u00e7atd\u0131r\u0131b. Akademik innovativ inki\u015faf strategiyas\u0131n\u0131n realla\u015fd\u0131r\u0131lmas\u0131nda Az\u0259rbaycan Respublikas\u0131n\u0131n Birinci vitse-prezidenti Mehriban xan\u0131m \u018fliyevan\u0131n rolunu x\u00fcsusi qeyd etdi v\u0259 bu sah\u0259d\u0259 d\u00f6vl\u0259t qurumlar\u0131 il\u0259 yana\u015f\u0131, v\u0259t\u0259nda\u015f c\u0259miyy\u0259tinin, Heyd\u0259r \u018fliyev Fondunun f\u0259aliyy\u0259tini qeyd etdi.<\/p>\n\n\n\n<p>S\u0259mimi q\u0259bula g\u00f6r\u0259 minn\u0259tdarl\u0131\u011f\u0131n\u0131 bildir\u0259n T\u00fcrkiy\u0259li qonaq Az\u0259rbaycan v\u0259 T\u00fcrkiy\u0259 aras\u0131nda t\u0259hsil sah\u0259sind\u0259 \u0259laq\u0259l\u0259rin indiki v\u0259ziyy\u0259ti v\u0259 g\u0259l\u0259c\u0259k \u0259m\u0259kda\u015fl\u0131q perspektivl\u0259ri haqq\u0131nda, \u201cT\u00fcrkiy\u0259 burslar\u0131\u201d \u00e7\u0259r\u00e7iv\u0259sind\u0259 T\u00fcrkiy\u0259d\u0259 t\u0259hsil alan Az\u0259rbaycan v\u0259t\u0259nda\u015flar\u0131n\u0131n t\u0259hsili il\u0259 ba\u011fl\u0131 m\u0259s\u0259l\u0259l\u0259r bar\u0259d\u0259 fikirl\u0259rini bildirib. Abdullah Eren Az\u0259rbaycan universitetl\u0259ri il\u0259 T\u00fcrkiy\u0259 universitetl\u0259ri aras\u0131nda elmi-texniki \u0259m\u0259kda\u015fl\u0131q \u0259laq\u0259l\u0259rinin y\u00fcks\u0259k s\u0259viyy\u0259d\u0259 oldu\u011funu v\u0259 bundan sonra da bu \u0259laq\u0259l\u0259rinin daha da inki\u015faf ed\u0259c\u0259yin\u0259 \u0259minliyini ifad\u0259 edib.<\/p>\n\n\n\n<figure class=\"wp-container-2 wp-block-gallery-1 wp-block-gallery columns-1 is-cropped\"><ul class=\"blocks-gallery-grid\"><li class=\"blocks-gallery-item\"><figure><img width=\"640\" height=\"424\" src=\"https:\/\/dia.edu.az\/wp-content\/uploads\/2021\/03\/2311.jpg\" alt=\"\" data-id=\"11873\" data-full-url=\"https:\/\/dia.edu.az\/wp-content\/uploads\/2021\/03\/2311.jpg\" data-link=\"https:\/\/dia.edu.az\/?attachment_id=11873\" class=\"wp-image-11873\" srcset=\"https:\/\/legacy.dia.edu.az\/wp-content\/uploads\/2021\/03\/2311.jpg 640w, https:\/\/legacy.dia.edu.az\/wp-content\/uploads\/2021\/03\/2311-300x199.jpg 300w, https:\/\/legacy.dia.edu.az\/wp-content\/uploads\/2021\/03\/2311-16x12.jpg 16w, https:\/\/legacy.dia.edu.az\/wp-content\/uploads\/2021\/03\/2311-150x100.jpg 150w, https:\/\/legacy.dia.edu.az\/wp-content\/uploads\/2021\/03\/2311-300x199@2x.jpg 600w\" sizes=\"(max-width: 640px) 100vw, 640px\" \/><\/figure><\/li><\/ul><\/figure>\n\n\n\n<p>G\u00f6r\u00fc\u015fd\u0259 D\u0130A-n\u0131n I (t\u0259dris i\u015fl\u0259ri \u00fczr\u0259) prorektoru prof.\u018f.Abdullayev v\u0259 Elmi t\u0259\u015fkilat v\u0259 beyn\u0259lxalq \u0259laq\u0259l\u0259r \u015f\u00f6b\u0259sinin m\u00fcdiri dos.R.R\u0259himli i\u015ftirak edibl\u0259r.<\/p>","protected":false},"excerpt":{"rendered":"<p>D\u00f6vl\u0259t \u0130dar\u0259\u00e7ilik Akademiyas\u0131nda T\u00fcrkiy\u0259 Respublikas\u0131n\u0131n Xaricd\u0259 ya\u015fayan T\u00fcrkl\u0259r v\u0259 \u018fqr\u0259ba \u0130cmalar\u0131 Departamentinin r\u0259hb\u0259ri Abdullah Erenl\u0259 g\u00f6r\u00fc\u015f ke\u00e7irilibNoy 23 , 2018 &#8211; 11:38 T\u00fcrkiy\u0259 Respublikas\u0131n\u0131n Xaricd\u0259 ya\u015fayan T\u00fcrkl\u0259r v\u0259 \u018fqr\u0259ba \u0130cmalar\u0131 Departamentinin r\u0259hb\u0259ri Abdullah Erenin ba\u015f\u00e7\u0131l\u0131q etdiyi n\u00fcmay\u0259nd\u0259 hey\u0259ti &nbsp;D\u00f6vl\u0259t \u0130dar\u0259\u00e7ilik Akademiyas\u0131nda olublar. Akademiyada qonaqlar\u0131 salamlayan rektor, akademik Urxan \u018fl\u0259kb\u0259rov r\u0259hb\u0259rlik etdiyi t\u0259hsil oca\u011f\u0131n\u0131n tarixi v\u0259 [&hellip;]<\/p>","protected":false},"author":2,"featured_media":11873,"comment_status":"closed","ping_status":"closed","sticky":false,"template":"","format":"standard","meta":[],"categories":[137],"tags":[],"_links":{"self":[{"href":"https:\/\/legacy.dia.edu.az\/ru\/wp-json\/wp\/v2\/posts\/11872"}],"collection":[{"href":"https:\/\/legacy.dia.edu.az\/ru\/wp-json\/wp\/v2\/posts"}],"about":[{"href":"https:\/\/legacy.dia.edu.az\/ru\/wp-json\/wp\/v2\/types\/post"}],"author":[{"embeddable":true,"href":"https:\/\/legacy.dia.edu.az\/ru\/wp-json\/wp\/v2\/users\/2"}],"replies":[{"embeddable":true,"href":"https:\/\/legacy.dia.edu.az\/ru\/wp-json\/wp\/v2\/comments?post=11872"}],"version-history":[{"count":0,"href":"https:\/\/legacy.dia.edu.az\/ru\/wp-json\/wp\/v2\/posts\/11872\/revisions"}],"wp:featuredmedia":[{"embeddable":true,"href":"https:\/\/legacy.dia.edu.az\/ru\/wp-json\/wp\/v2\/media\/11873"}],"wp:attachment":[{"href":"https:\/\/legacy.dia.edu.az\/ru\/wp-json\/wp\/v2\/media?parent=11872"}],"wp:term":[{"taxonomy":"category","embeddable":true,"href":"https:\/\/legacy.dia.edu.az\/ru\/wp-json\/wp\/v2\/categories?post=11872"},{"taxonomy":"post_tag","embeddable":true,"href":"https:\/\/legacy.dia.edu.az\/ru\/wp-json\/wp\/v2\/tags?post=11872"}],"curies":[{"name":"wp","href":"https:\/\/api.w.org\/{rel}","templated":true}]}}