{"id":11868,"date":"2018-11-23T21:40:00","date_gmt":"2018-11-23T18:40:00","guid":{"rendered":"https:\/\/dia.edu.az\/?p=11868"},"modified":"2021-03-14T21:41:18","modified_gmt":"2021-03-14T18:41:18","slug":"dovl%c9%99t-idar%c9%99cilik-akademiyasinda-bern-universitetinin-professorunun-m%c9%99ruz%c9%99si-dinl%c9%99nilib","status":"publish","type":"post","link":"https:\/\/legacy.dia.edu.az\/ru\/arxivl\u0259r\/11868","title":{"rendered":"D\u00f6vl\u0259t \u0130dar\u0259\u00e7ilik Akademiyas\u0131nda Bern universitetinin professorunun m\u0259ruz\u0259si dinl\u0259nilib"},"content":{"rendered":"<p><strong>D\u00f6vl\u0259t \u0130dar\u0259\u00e7ilik Akademiyas\u0131nda Bern universitetinin professorunun m\u0259ruz\u0259si dinl\u0259nilib<\/strong><br><em>Noy 23 , 2018 &#8211; 11:28<\/em><\/p>\n\n\n\n<p>D\u00f6vl\u0259t \u0130dar\u0259\u00e7ilik Akademiyas\u0131nda Bern Universitetinin professoru Volf&nbsp; Linderin v\u0259 \u0130sve\u00e7r\u0259 Konfederasiyas\u0131n\u0131n Az\u0259rbaycandak\u0131 s\u0259firi Filip \u015etalder il\u0259 D\u0130A-n\u0131n m\u00fc\u0259llim v\u0259 t\u0259l\u0259b\u0259 hey\u0259tinin g\u00f6r\u00fc\u015f\u00fc olub. G\u00f6r\u00fc\u015fd\u0259 D\u0130A-n\u0131n rektoru, akademik Urxan \u018fl\u0259kb\u0259rov Az\u0259rbaycan il\u0259 \u0130sve\u00e7r\u0259 aras\u0131nda m\u00fcnasib\u0259tl\u0259rin b\u00fct\u00fcn sah\u0259l\u0259rd\u0259 inki\u015faf etdiyini qeyd etdi. Rektor Az\u0259rbaycan\u0131n u\u011furlar\u0131ndan s\u00f6z a\u00e7araq bildirdi ki,&nbsp; bu g\u00fcn \u00f6lk\u0259mizin s\u00fcr\u0259tli inki\u015faf\u0131n\u0131n v\u0259 davaml\u0131 inkl\u00fcziv inki\u015faf tempin\u0259 g\u00f6r\u0259 d\u00fcnyan\u0131n apar\u0131c\u0131 \u00f6lk\u0259l\u0259rind\u0259n ir\u0259lid\u0259 olmas\u0131n\u0131n \u0259sas\u0131nda \u00f6lk\u0259 Prezidenti \u0130lham \u018fliyevin apard\u0131\u011f\u0131 u\u011furlu siyas\u0259ti dayan\u0131r. O, h\u0259m\u00e7inin, \u00f6lk\u0259mizin s\u00fcr\u0259tli inki\u015faf prosesind\u0259 v\u0259t\u0259nda\u015f c\u0259miyy\u0259tinin, x\u00fcsus\u0259n d\u0259 Heyd\u0259r \u018fliyev Fondunun, onun r\u0259hb\u0259ri, \u00f6lk\u0259nin Birinci vitse-prezidenti Mehriban xan\u0131m \u018fliyevan\u0131n&nbsp; rolunu x\u00fcsusi vur\u011fulad\u0131.&nbsp;&nbsp;&nbsp;&nbsp;&nbsp;&nbsp;&nbsp;&nbsp;<\/p>\n\n\n\n<p>G\u00f6r\u00fc\u015fd\u0259 \u00e7\u0131x\u0131\u015f ed\u0259n\u00a0 s\u0259fir c\u0259nab Filip \u015etalder Bern Universitetinin professoru il\u0259 g\u00f6r\u00fc\u015f\u00fc t\u0259\u015fkil etdiyin\u0259 g\u00f6r\u0259 Akademiyan\u0131n r\u0259hb\u0259rliyin\u0259 t\u0259\u015f\u0259kk\u00fcr\u00fcn\u00fc bildirdi v\u0259 bu c\u00fcr g\u00f6r\u00fc\u015fl\u0259rin \u00f6lk\u0259l\u0259rimiz aras\u0131nda elmi \u0259laq\u0259l\u0259rin inki\u015faf\u0131nda \u0259h\u0259miyy\u0259tli rol oynad\u0131\u011f\u0131n\u0131 qeyd etdi. Daha sonra professor Volf\u00a0 Linderin \u201cDemokratiyaya ged\u0259n bir \u00e7ox yol- \u0130sve\u00e7r\u0259 niy\u0259 v\u0259 nec\u0259 f\u0259rqlidir\u201d m\u00f6vzusunda m\u0259ruz\u0259si dinl\u0259nildi. T\u0259qdimat zaman\u0131 \u00a0\u0130sve\u00e7r\u0259d\u0259 demokratiyan\u0131n tarixi, inki\u015faf m\u0259rh\u0259l\u0259l\u0259ri, s\u0259ciyy\u0259vi x\u00fcsusiyy\u0259tl\u0259ri v\u0259 m\u00fcasir v\u0259ziyy\u0259ti haqq\u0131nda m\u0259lumatlar i\u015ftirak\u00e7\u0131lar\u0131n n\u0259z\u0259rin\u0259 \u00e7atd\u0131r\u0131ld\u0131. Professor birba\u015fa demokratiya v\u0259 onun x\u00fcsusi formas\u0131 \u00a0olan\u00a0 referendumun ke\u00e7irilm\u0259si qaydalar\u0131, \u0259halinin siyasi q\u0259rar q\u0259bul etm\u0259 prosesl\u0259rind\u0259 i\u015ftirak\u0131, h\u0259m\u00e7inin \u0130sve\u00e7r\u0259nin Avropa \u0130ttifaq\u0131 il\u0259 bu istiqam\u0259td\u0259 \u0259m\u0259kda\u015fl\u0131\u011f\u0131n\u0131n m\u00fcxt\u0259lif aspektl\u0259ri bar\u0259d\u0259 geni\u015f m\u0259lumat verdi. \u00a0Qar\u015f\u0131l\u0131ql\u0131 diskussiya \u015f\u0259raitind\u0259 ke\u00e7\u0259n g\u00f6r\u00fc\u015f\u00fcn sonunda t\u0259dbir i\u015ftirak\u00e7\u0131lar\u0131n\u0131n \u00e7oxsayl\u0131 suallar\u0131 cavabland\u0131r\u0131ld\u0131. \u0130lk d\u0259f\u0259 Az\u0259rbaycana s\u0259f\u0259r ed\u0259n qona\u011fa Az\u0259rbaycan haqq\u0131nda kitab h\u0259diyy\u0259 olundu.<\/p>\n\n\n\n<figure class=\"wp-container-2 wp-block-gallery-1 wp-block-gallery columns-2 is-cropped\"><ul class=\"blocks-gallery-grid\"><li class=\"blocks-gallery-item\"><figure><img width=\"640\" height=\"424\" src=\"https:\/\/dia.edu.az\/wp-content\/uploads\/2021\/03\/23.11.jpg\" alt=\"\" data-id=\"11869\" data-full-url=\"https:\/\/dia.edu.az\/wp-content\/uploads\/2021\/03\/23.11.jpg\" data-link=\"https:\/\/dia.edu.az\/?attachment_id=11869\" class=\"wp-image-11869\" srcset=\"https:\/\/legacy.dia.edu.az\/wp-content\/uploads\/2021\/03\/23.11.jpg 640w, https:\/\/legacy.dia.edu.az\/wp-content\/uploads\/2021\/03\/23.11-300x199.jpg 300w, https:\/\/legacy.dia.edu.az\/wp-content\/uploads\/2021\/03\/23.11-16x12.jpg 16w, https:\/\/legacy.dia.edu.az\/wp-content\/uploads\/2021\/03\/23.11-150x100.jpg 150w, https:\/\/legacy.dia.edu.az\/wp-content\/uploads\/2021\/03\/23.11-300x199@2x.jpg 600w\" sizes=\"(max-width: 640px) 100vw, 640px\" \/><\/figure><\/li><li class=\"blocks-gallery-item\"><figure><img width=\"640\" height=\"424\" src=\"https:\/\/dia.edu.az\/wp-content\/uploads\/2021\/03\/231118.jpg\" alt=\"\" data-id=\"11870\" data-full-url=\"https:\/\/dia.edu.az\/wp-content\/uploads\/2021\/03\/231118.jpg\" data-link=\"https:\/\/dia.edu.az\/?attachment_id=11870\" class=\"wp-image-11870\" srcset=\"https:\/\/legacy.dia.edu.az\/wp-content\/uploads\/2021\/03\/231118.jpg 640w, https:\/\/legacy.dia.edu.az\/wp-content\/uploads\/2021\/03\/231118-300x199.jpg 300w, https:\/\/legacy.dia.edu.az\/wp-content\/uploads\/2021\/03\/231118-16x12.jpg 16w, https:\/\/legacy.dia.edu.az\/wp-content\/uploads\/2021\/03\/231118-150x100.jpg 150w, https:\/\/legacy.dia.edu.az\/wp-content\/uploads\/2021\/03\/231118-300x199@2x.jpg 600w\" sizes=\"(max-width: 640px) 100vw, 640px\" \/><\/figure><\/li><\/ul><\/figure>","protected":false},"excerpt":{"rendered":"<p>D\u00f6vl\u0259t \u0130dar\u0259\u00e7ilik Akademiyas\u0131nda Bern universitetinin professorunun m\u0259ruz\u0259si dinl\u0259nilibNoy 23 , 2018 &#8211; 11:28 D\u00f6vl\u0259t \u0130dar\u0259\u00e7ilik Akademiyas\u0131nda Bern Universitetinin professoru Volf&nbsp; Linderin v\u0259 \u0130sve\u00e7r\u0259 Konfederasiyas\u0131n\u0131n Az\u0259rbaycandak\u0131 s\u0259firi Filip \u015etalder il\u0259 D\u0130A-n\u0131n m\u00fc\u0259llim v\u0259 t\u0259l\u0259b\u0259 hey\u0259tinin g\u00f6r\u00fc\u015f\u00fc olub. G\u00f6r\u00fc\u015fd\u0259 D\u0130A-n\u0131n rektoru, akademik Urxan \u018fl\u0259kb\u0259rov Az\u0259rbaycan il\u0259 \u0130sve\u00e7r\u0259 aras\u0131nda m\u00fcnasib\u0259tl\u0259rin b\u00fct\u00fcn sah\u0259l\u0259rd\u0259 inki\u015faf etdiyini qeyd etdi. Rektor Az\u0259rbaycan\u0131n [&hellip;]<\/p>","protected":false},"author":2,"featured_media":11869,"comment_status":"closed","ping_status":"closed","sticky":false,"template":"","format":"standard","meta":[],"categories":[137],"tags":[],"_links":{"self":[{"href":"https:\/\/legacy.dia.edu.az\/ru\/wp-json\/wp\/v2\/posts\/11868"}],"collection":[{"href":"https:\/\/legacy.dia.edu.az\/ru\/wp-json\/wp\/v2\/posts"}],"about":[{"href":"https:\/\/legacy.dia.edu.az\/ru\/wp-json\/wp\/v2\/types\/post"}],"author":[{"embeddable":true,"href":"https:\/\/legacy.dia.edu.az\/ru\/wp-json\/wp\/v2\/users\/2"}],"replies":[{"embeddable":true,"href":"https:\/\/legacy.dia.edu.az\/ru\/wp-json\/wp\/v2\/comments?post=11868"}],"version-history":[{"count":0,"href":"https:\/\/legacy.dia.edu.az\/ru\/wp-json\/wp\/v2\/posts\/11868\/revisions"}],"wp:featuredmedia":[{"embeddable":true,"href":"https:\/\/legacy.dia.edu.az\/ru\/wp-json\/wp\/v2\/media\/11869"}],"wp:attachment":[{"href":"https:\/\/legacy.dia.edu.az\/ru\/wp-json\/wp\/v2\/media?parent=11868"}],"wp:term":[{"taxonomy":"category","embeddable":true,"href":"https:\/\/legacy.dia.edu.az\/ru\/wp-json\/wp\/v2\/categories?post=11868"},{"taxonomy":"post_tag","embeddable":true,"href":"https:\/\/legacy.dia.edu.az\/ru\/wp-json\/wp\/v2\/tags?post=11868"}],"curies":[{"name":"wp","href":"https:\/\/api.w.org\/{rel}","templated":true}]}}