{"id":11858,"date":"2018-11-30T21:37:00","date_gmt":"2018-11-30T18:37:00","guid":{"rendered":"https:\/\/dia.edu.az\/?p=11858"},"modified":"2021-03-14T21:38:08","modified_gmt":"2021-03-14T18:38:08","slug":"az%c9%99rbaycan-respublikasinin-prezidenti-yaninda-dovl%c9%99t-idar%c9%99cilik-akademiyasi-il%c9%99-ekologiya-v%c9%99-t%c9%99bii-s%c9%99rv%c9%99tl%c9%99n-nazirliyi-arasinda-memorandum-imzalanmisdir","status":"publish","type":"post","link":"https:\/\/legacy.dia.edu.az\/ru\/arxivl\u0259r\/11858","title":{"rendered":"Az\u0259rbaycan Respublikas\u0131n\u0131n Prezidenti yan\u0131nda D\u00f6vl\u0259t \u0130dar\u0259\u00e7ilik Akademiyas\u0131 il\u0259 Ekologiya v\u0259 T\u0259bii S\u0259rv\u0259tl\u0259n Nazirliyi aras\u0131nda Memorandum imzalanm\u0131\u015fd\u0131r"},"content":{"rendered":"<p><strong>Az\u0259rbaycan Respublikas\u0131n\u0131n Prezidenti yan\u0131nda D\u00f6vl\u0259t \u0130dar\u0259\u00e7ilik Akademiyas\u0131 il\u0259 Ekologiya v\u0259 T\u0259bii S\u0259rv\u0259tl\u0259n Nazirliyi aras\u0131nda Memorandum imzalanm\u0131\u015fd\u0131r<\/strong><br><em>Noy 30 , 2018 &#8211; 01:28<\/em><\/p>\n\n\n\n<p>Az\u0259rbaycan Respublikas\u0131n\u0131n Prezidenti yan\u0131nda D\u00f6vl\u0259t \u0130dar\u0259\u00e7ilik Akademiyas\u0131 il\u0259 Ekologiya v\u0259 T\u0259bii S\u0259rv\u0259tl\u0259r Nazirliyi aras\u0131nda birg\u0259 \u0259m\u0259kda\u015fl\u0131q, kadr potensial\u0131n\u0131n g\u00fccl\u0259ndirilm\u0259si kimi m\u0259s\u0259l\u0259l\u0259rin\u0259 dair Memorandum imzalanm\u0131\u015fd\u0131r.<\/p>\n\n\n\n<p>T\u0259dbird\u0259 D\u0130A-n\u0131n rektoru, akademik Urxan \u018fl\u0259kb\u0259rov ulu \u00f6nd\u0259r Heyd\u0259r \u018fliyev t\u0259r\u0259find\u0259n \u0259sas\u0131 qoyulmu\u015f v\u0259 Prezident \u0130lham \u018fliyevin u\u011furla inki\u015faf etdirdiyi innovativ idar\u0259etm\u0259 texnologiyalar\u0131n\u0131n n\u0259z\u0259ri \u0259saslar\u0131n\u0131n i\u015fl\u0259nilm\u0259si, onlar\u0131n t\u0259cr\u00fcb\u0259d\u0259 t\u0259tbiqind\u0259n dan\u0131\u015fd\u0131. Akademik U.\u018fl\u0259kb\u0259rov Az\u0259rbaycan Respublikas\u0131nda davaml\u0131 inkl\u00fcziv inki\u015faf sah\u0259sind\u0259 \u00f6lk\u0259 Prezidenti c\u0259nab \u0130lham \u018fliyevin u\u011furla h\u0259yata ke\u00e7irdiyi strategiyan\u0131n \u0259h\u0259miyy\u0259tind\u0259n s\u00f6z a\u00e7d\u0131, d\u00f6vl\u0259t siyas\u0259tinin y\u00fcks\u0259k pe\u015f\u0259karl\u0131qla planla\u015fd\u0131r\u0131lmas\u0131n\u0131n v\u0259 idar\u0259 edilm\u0259sinin innovativ idar\u0259etm\u0259 texnologiyalar\u0131 kompleksinin t\u0259tbiqi il\u0259 ba\u011fl\u0131 oldu\u011funu qeyd etdi. Akademik \u0259ld\u0259 edil\u0259n u\u011furlar\u0131n \u0259sas\u0131nda idar\u0259etm\u0259 sah\u0259si \u00fc\u00e7\u00fcn m\u00fch\u00fcm olan sinergetik, komplimentar v\u0259 kompensasion texnologiyalar\u0131n x\u00fcsusi yer tutdu\u011funu vur\u011fulad\u0131. Rektor \u00f6lk\u0259nin innovativ inki\u015faf\u0131n\u0131n \u0259sas\u0131 kimi insan potensial\u0131n\u0131n formala\u015fd\u0131r\u0131lmas\u0131 konsepsiyas\u0131n\u0131n realla\u015fd\u0131r\u0131lmas\u0131nda \u00f6lk\u0259nin Birinci vitse-prezidenti, Heyd\u0259r \u018fliyev Fondunun prezindenti Mehriban xan\u0131m \u018fliyevan\u0131n milli v\u0259 beyn\u0259lxalq s\u0259viyy\u0259l\u0259rd\u0259 f\u0259aliyy\u0259tini, \u00f6lk\u0259nin innovativ t\u0259r\u0259qqisin\u0259 \u0259v\u0259zsiz t\u00f6hf\u0259 oldu\u011fu diqq\u0259t\u0259 \u00e7atd\u0131rd\u0131.<\/p>\n\n\n\n<p>&nbsp;Sonra Az\u0259rbaycan Respublikas\u0131n\u0131n Ekologiya v\u0259 T\u0259bii S\u0259rv\u0259tl\u0259r naziri Muxtar Babayev \u00e7\u0131x\u0131\u015f ed\u0259r\u0259k \u00f6lk\u0259 Prezidenti c\u0259nab \u0130lham \u018fliyevin ekologiya sah\u0259sin\u0259 olan x\u00fcsusi diqq\u0259t v\u0259 qay\u011f\u0131s\u0131ndan dan\u0131\u015fd\u0131. Nazir \u0259traf m\u00fchitin m\u00fchafiz\u0259si, insanlar\u0131n sa\u011flam t\u0259bii m\u00fchitd\u0259 ya\u015famas\u0131 v\u0259 t\u0259bii s\u0259rv\u0259tl\u0259rd\u0259n xalq\u0131m\u0131z\u0131n rifah\u0131n\u0131n yax\u015f\u0131la\u015fd\u0131r\u0131lmas\u0131 namin\u0259 s\u0259m\u0259r\u0259li istifad\u0259 edilm\u0259sinin \u00f6lk\u0259d\u0259 apar\u0131lan sosial-iqtisadi islahatlar\u0131n t\u0259rkib hiss\u0259si oldu\u011funu bildirdi. O, \u00fcmumilikd\u0259 \u00f6lk\u0259mizd\u0259 ekoloji v\u0259ziyy\u0259t, t\u0259bii ehtiyatlar, onlar\u0131n m\u00fchafiz\u0259si v\u0259 b\u0259rpas\u0131n\u0131n davaml\u0131 inki\u015faf konsepsiyas\u0131n\u0131n t\u0259rkib hiss\u0259sin\u0259 \u00e7evrildiyini, ekoloji t\u0259hl\u00fck\u0259sizliyin t\u0259min olunmas\u0131 \u00fc\u00e7\u00fcn \u0259traf m\u00fchitin \u00e7irkl\u0259nm\u0259sinin minimuma endirilm\u0259si v\u0259 m\u00fchafiz\u0259sinin t\u0259kmill\u0259\u015fdirilm\u0259si, indiki v\u0259 g\u0259l\u0259c\u0259k n\u0259sill\u0259rin&nbsp; t\u0259l\u0259bat\u0131n\u0131 \u00f6d\u0259m\u0259k m\u0259qs\u0259dil\u0259 t\u0259bii s\u0259rv\u0259tl\u0259rd\u0259n s\u0259m\u0259r\u0259li istifad\u0259, alternativ enerji m\u0259nb\u0259l\u0259rind\u0259n yararlanmaq v\u0259 enerji effektivliyin\u0259 nail olmaq, qlobal ekoloji probleml\u0259r \u00fczr\u0259 milli s\u0259viyy\u0259d\u0259 t\u0259l\u0259batlar\u0131n qiym\u0259tl\u0259ndirilm\u0259si, h\u0259lli yollar\u0131n\u0131n m\u00fc\u0259yy\u0259nl\u0259\u015fdirilm\u0259si, beyn\u0259lxalq t\u0259\u015fkilatlarla \u0259laq\u0259l\u0259rin geni\u015fl\u0259ndirilm\u0259sin\u0131n Az\u0259rbaycan d\u00f6vl\u0259tinin&nbsp; ekoloji siyas\u0259tinin \u0259sas istiqam\u0259ti oldu\u011funu qeyd etdi.<\/p>\n\n\n\n<p>Sonda Az\u0259rbaycan Respublikas\u0131n\u0131n Prezidenti yan\u0131nda D\u00f6vl\u0259t \u0130dar\u0259\u00e7ilik Akademiyas\u0131 il\u0259 Ekologiya v\u0259 T\u0259bii S\u0259rv\u0259tl\u0259n Nazirliyi aras\u0131nda qar\u015f\u0131l\u0131ql\u0131 \u0259m\u0259kda\u015fl\u0131\u011fa dair Memorandum imzland\u0131.<\/p>\n\n\n\n<figure class=\"wp-container-2 wp-block-gallery-1 wp-block-gallery columns-2 is-cropped\"><ul class=\"blocks-gallery-grid\"><li class=\"blocks-gallery-item\"><figure><img width=\"640\" height=\"424\" src=\"https:\/\/dia.edu.az\/wp-content\/uploads\/2021\/03\/30.11.jpg\" alt=\"\" data-id=\"11859\" data-full-url=\"https:\/\/dia.edu.az\/wp-content\/uploads\/2021\/03\/30.11.jpg\" data-link=\"https:\/\/dia.edu.az\/?attachment_id=11859\" class=\"wp-image-11859\" srcset=\"https:\/\/legacy.dia.edu.az\/wp-content\/uploads\/2021\/03\/30.11.jpg 640w, https:\/\/legacy.dia.edu.az\/wp-content\/uploads\/2021\/03\/30.11-300x199.jpg 300w, https:\/\/legacy.dia.edu.az\/wp-content\/uploads\/2021\/03\/30.11-16x12.jpg 16w, https:\/\/legacy.dia.edu.az\/wp-content\/uploads\/2021\/03\/30.11-150x100.jpg 150w, https:\/\/legacy.dia.edu.az\/wp-content\/uploads\/2021\/03\/30.11-300x199@2x.jpg 600w\" sizes=\"(max-width: 640px) 100vw, 640px\" \/><\/figure><\/li><li class=\"blocks-gallery-item\"><figure><img width=\"1024\" height=\"678\" src=\"https:\/\/dia.edu.az\/wp-content\/uploads\/2021\/03\/0312.18-1024x678.jpg\" alt=\"\" data-id=\"11860\" data-full-url=\"https:\/\/dia.edu.az\/wp-content\/uploads\/2021\/03\/0312.18.jpg\" data-link=\"https:\/\/dia.edu.az\/?attachment_id=11860\" class=\"wp-image-11860\" srcset=\"https:\/\/legacy.dia.edu.az\/wp-content\/uploads\/2021\/03\/0312.18-1024x678.jpg 1024w, https:\/\/legacy.dia.edu.az\/wp-content\/uploads\/2021\/03\/0312.18-300x199.jpg 300w, https:\/\/legacy.dia.edu.az\/wp-content\/uploads\/2021\/03\/0312.18-1536x1017.jpg 1536w, https:\/\/legacy.dia.edu.az\/wp-content\/uploads\/2021\/03\/0312.18-2048x1356.jpg 2048w, https:\/\/legacy.dia.edu.az\/wp-content\/uploads\/2021\/03\/0312.18-16x12.jpg 16w, https:\/\/legacy.dia.edu.az\/wp-content\/uploads\/2021\/03\/0312.18-150x100.jpg 150w, https:\/\/legacy.dia.edu.az\/wp-content\/uploads\/2021\/03\/0312.18-300x199@2x.jpg 600w\" sizes=\"(max-width: 1024px) 100vw, 1024px\" \/><\/figure><\/li><\/ul><\/figure>","protected":false},"excerpt":{"rendered":"<p>Az\u0259rbaycan Respublikas\u0131n\u0131n Prezidenti yan\u0131nda D\u00f6vl\u0259t \u0130dar\u0259\u00e7ilik Akademiyas\u0131 il\u0259 Ekologiya v\u0259 T\u0259bii S\u0259rv\u0259tl\u0259n Nazirliyi aras\u0131nda Memorandum imzalanm\u0131\u015fd\u0131rNoy 30 , 2018 &#8211; 01:28 Az\u0259rbaycan Respublikas\u0131n\u0131n Prezidenti yan\u0131nda D\u00f6vl\u0259t \u0130dar\u0259\u00e7ilik Akademiyas\u0131 il\u0259 Ekologiya v\u0259 T\u0259bii S\u0259rv\u0259tl\u0259r Nazirliyi aras\u0131nda birg\u0259 \u0259m\u0259kda\u015fl\u0131q, kadr potensial\u0131n\u0131n g\u00fccl\u0259ndirilm\u0259si kimi m\u0259s\u0259l\u0259l\u0259rin\u0259 dair Memorandum imzalanm\u0131\u015fd\u0131r. T\u0259dbird\u0259 D\u0130A-n\u0131n rektoru, akademik Urxan \u018fl\u0259kb\u0259rov ulu \u00f6nd\u0259r Heyd\u0259r \u018fliyev [&hellip;]<\/p>","protected":false},"author":2,"featured_media":11860,"comment_status":"closed","ping_status":"closed","sticky":false,"template":"","format":"standard","meta":[],"categories":[137],"tags":[],"_links":{"self":[{"href":"https:\/\/legacy.dia.edu.az\/ru\/wp-json\/wp\/v2\/posts\/11858"}],"collection":[{"href":"https:\/\/legacy.dia.edu.az\/ru\/wp-json\/wp\/v2\/posts"}],"about":[{"href":"https:\/\/legacy.dia.edu.az\/ru\/wp-json\/wp\/v2\/types\/post"}],"author":[{"embeddable":true,"href":"https:\/\/legacy.dia.edu.az\/ru\/wp-json\/wp\/v2\/users\/2"}],"replies":[{"embeddable":true,"href":"https:\/\/legacy.dia.edu.az\/ru\/wp-json\/wp\/v2\/comments?post=11858"}],"version-history":[{"count":0,"href":"https:\/\/legacy.dia.edu.az\/ru\/wp-json\/wp\/v2\/posts\/11858\/revisions"}],"wp:featuredmedia":[{"embeddable":true,"href":"https:\/\/legacy.dia.edu.az\/ru\/wp-json\/wp\/v2\/media\/11860"}],"wp:attachment":[{"href":"https:\/\/legacy.dia.edu.az\/ru\/wp-json\/wp\/v2\/media?parent=11858"}],"wp:term":[{"taxonomy":"category","embeddable":true,"href":"https:\/\/legacy.dia.edu.az\/ru\/wp-json\/wp\/v2\/categories?post=11858"},{"taxonomy":"post_tag","embeddable":true,"href":"https:\/\/legacy.dia.edu.az\/ru\/wp-json\/wp\/v2\/tags?post=11858"}],"curies":[{"name":"wp","href":"https:\/\/api.w.org\/{rel}","templated":true}]}}