{"id":11848,"date":"2018-12-11T21:22:00","date_gmt":"2018-12-11T18:22:00","guid":{"rendered":"https:\/\/dia.edu.az\/?p=11848"},"modified":"2021-03-14T21:30:34","modified_gmt":"2021-03-14T18:30:34","slug":"dovl%c9%99t-idar%c9%99cilik-akademiyasinda-umummilli-lider-heyd%c9%99r-%c9%99liyevin-xatir%c9%99si-anilib-3","status":"publish","type":"post","link":"https:\/\/legacy.dia.edu.az\/ru\/arxivl\u0259r\/11848","title":{"rendered":"D\u00f6vl\u0259t \u0130dar\u0259\u00e7ilik Akademiyas\u0131nda \u00fcmummilli lider Heyd\u0259r \u018fliyevin xatir\u0259si an\u0131l\u0131b"},"content":{"rendered":"<p><strong>D\u00f6vl\u0259t \u0130dar\u0259\u00e7ilik Akademiyas\u0131nda \u00fcmummilli lider Heyd\u0259r \u018fliyevin xatir\u0259si an\u0131l\u0131b<\/strong><br><em>Dek 11 , 2018 &#8211; 04:46<\/em><\/p>\n\n\n\n<p>Dekabr\u0131n 11-da \u00fcmummilli lider Heyd\u0259r \u018fliyevin an\u0131m g\u00fcn\u00fc il\u0259 \u0259laq\u0259dar Az\u0259rbaycan Respublikas\u0131n\u0131n Prezidenti yan\u0131nda D\u00f6vl\u0259t \u0130dar\u0259\u00e7ilik Akademiyas\u0131nda t\u0259dbir ke\u00e7irilib. T\u0259dbird\u0259n \u00f6nc\u0259 ulu \u00f6nd\u0259rin Akademiyadak\u0131 b\u00fcst\u00fc \u00f6n\u00fcn\u0259 \u0259klil qoyulub, xatir\u0259si bir d\u0259qiq\u0259lik s\u00fckutla yad edilib.<\/p>\n\n\n\n<p>An\u0131m t\u0259dbirind\u0259 \u00e7\u0131x\u0131\u015f ed\u0259n D\u0130A-n\u0131n rektor, akademik Urxan \u018fl\u0259kb\u0259rov \u00fcmummilli lider, d\u00fcnya \u015f\u00f6hr\u0259tli siyasi xadim Heyd\u0259r \u018fliyevin xalq\u0131m\u0131z qar\u015f\u0131s\u0131ndak\u0131 misilsiz xidm\u0259tl\u0259rini xat\u0131rlatd\u0131b. Qeyd edib ki, Az\u0259rbaycan\u0131n m\u00fcasir tarixind\u0259 Heyd\u0259r \u018fliyevin m\u00fcst\u0259sna xidm\u0259tl\u0259rinin ictimai-siyas\u0131 mahiyy\u0259ti h\u0259l\u0259 uzun ill\u0259r t\u0259dqiqat\u00e7\u0131lar\u0131n diqq\u0259t m\u0259rk\u0259zind\u0259 olacaq, m\u00fcasir Az\u0259rbaycan d\u00f6vl\u0259tinin memar\u0131 v\u0259 qurucusu Heyd\u0259r \u018fliyevin xatir\u0259si Az\u0259rbaycan ad\u0131 ya\u015fad\u0131qca, o da daim xalq\u0131m\u0131z\u0131n yadda\u015f\u0131nda, \u00fcr\u0259kl\u0259rd\u0259 ya\u015fayacaqd\u0131r. Rektor, Heyd\u0259r \u018fliyevin \u00f6lk\u0259mizin inki\u015faf\u0131 sah\u0259sind\u0259 ba\u015flad\u0131\u011f\u0131 n\u0259h\u0259ng i\u015fl\u0259r, m\u00f6ht\u0259\u015f\u0259m layih\u0259l\u0259rin bu g\u00fcn onun layiqli davam\u00e7\u0131s\u0131 m\u00f6ht\u0259r\u0259m Prezidentimiz c\u0259nab \u0130lham \u018fliyev t\u0259r\u0259find\u0259n u\u011furla v\u0259 yarad\u0131c\u0131l\u0131qla davam etdirildiyini diqq\u0259t\u0259 \u00e7atd\u0131r\u0131b.&nbsp; &nbsp;<\/p>\n\n\n\n<p>\u00a0\u00a0\u00a0\u00a0\u00a0\u00a0\u00a0\u00a0 T\u0259dbird\u0259 \u00e7\u0131x\u0131\u015f ed\u0259n \u00a0Milli M\u0259clisin deputat\u0131, Az\u0259rbaycan Milli Elml\u0259r Akademiyas\u0131n\u0131n Qafqaz\u015f\u00fcnasl\u0131q \u0130nstitutunun direktoru, D\u00f6vl\u0259t \u0130dar\u0259\u00e7ilik Akademiyas\u0131n\u0131n \u201cBeyn\u0259lxalq m\u00fcnasib\u0259tl\u0259r v\u0259 xarici siyas\u0259t\u201d kafedras\u0131n\u0131n professoru\u00a0<strong>Musa Qas\u0131ml\u0131,\u00a0<\/strong>Milli M\u0259clisin deputat\u0131, D\u00f6vl\u0259t \u0130dar\u0259\u00e7ilik Akademiyas\u0131n\u0131n \u201cSiyasi ara\u015fd\u0131rmalar institutu\u201dnun direktoru, siyasi elml\u0259r doktoru, professor<strong>\u00a0Elman N\u0259sirov, \u00a0<\/strong>D\u00f6vl\u0259t \u0130dar\u0259\u00e7ilik Akademiyas\u0131n\u0131n \u201cSiyasi idar\u0259etm\u0259\u201d fak\u00fclt\u0259sinin dekan\u0131, \u201cBeyn\u0259lxalq m\u00fcnasib\u0259tl\u0259r v\u0259 xarici siyas\u0259t\u201d kafedras\u0131n\u0131n professoru, siyasi elml\u0259r doktoru\u00a0<strong>El\u00e7in \u018fhm\u0259dov\u00a0<\/strong>v\u0259 \u00e7\u0131x\u0131\u015f ed\u0259n dig\u0259r natiql\u0259r d\u00fcnya \u015f\u00f6hr\u0259tli siyasi xadim Heyd\u0259r \u018fliyevin z\u0259ngin h\u0259yat v\u0259 f\u0259aliyy\u0259tind\u0259n, demokratik, h\u00fcquqi d\u00f6vl\u0259t quruculu\u011fu istiqam\u0259tind\u0259 h\u0259yata ke\u00e7irdiyi u\u011furlu islahatlardan dan\u0131\u015fm\u0131\u015f, onun parlaq z\u0259kas\u0131, d\u00f6vl\u0259t\u00e7ilik t\u0259cr\u00fcb\u0259si, yenilm\u0259zliyi v\u0259 c\u0259sar\u0259ti il\u0259 m\u00fcst\u0259qil Az\u0259rbaycan d\u00f6vl\u0259tini m\u0259hvolma t\u0259hl\u00fck\u0259sind\u0259n qoruyub saxlamas\u0131n\u0131, \u00fcmummilli lider Heyd\u0259r \u018fliyevin v\u0259t\u0259n v\u0259 xalq qar\u015f\u0131s\u0131nda xidm\u0259tl\u0259ri xat\u0131rlanm\u0131\u015fd\u0131r. T\u0259dbird\u0259 \u00fcmummilli lider\u0259 h\u0259sr olunmu\u015f s\u0259n\u0259dli film n\u00fcmayi\u015f etdirilib.<\/p>\n\n\n\n<figure class=\"wp-container-2 wp-block-gallery-1 wp-block-gallery columns-3 is-cropped\"><ul class=\"blocks-gallery-grid\"><li class=\"blocks-gallery-item\"><figure><img width=\"640\" height=\"424\" src=\"https:\/\/dia.edu.az\/wp-content\/uploads\/2021\/03\/11.1211.jpg\" alt=\"\" data-id=\"11849\" data-full-url=\"https:\/\/dia.edu.az\/wp-content\/uploads\/2021\/03\/11.1211.jpg\" data-link=\"https:\/\/dia.edu.az\/?attachment_id=11849\" class=\"wp-image-11849\" srcset=\"https:\/\/legacy.dia.edu.az\/wp-content\/uploads\/2021\/03\/11.1211.jpg 640w, https:\/\/legacy.dia.edu.az\/wp-content\/uploads\/2021\/03\/11.1211-300x199.jpg 300w, https:\/\/legacy.dia.edu.az\/wp-content\/uploads\/2021\/03\/11.1211-16x12.jpg 16w, https:\/\/legacy.dia.edu.az\/wp-content\/uploads\/2021\/03\/11.1211-150x100.jpg 150w, https:\/\/legacy.dia.edu.az\/wp-content\/uploads\/2021\/03\/11.1211-300x199@2x.jpg 600w\" sizes=\"(max-width: 640px) 100vw, 640px\" \/><\/figure><\/li><li class=\"blocks-gallery-item\"><figure><img width=\"640\" height=\"424\" src=\"https:\/\/dia.edu.az\/wp-content\/uploads\/2021\/03\/1112.jpg\" alt=\"\" data-id=\"11850\" data-full-url=\"https:\/\/dia.edu.az\/wp-content\/uploads\/2021\/03\/1112.jpg\" data-link=\"https:\/\/dia.edu.az\/?attachment_id=11850\" class=\"wp-image-11850\" srcset=\"https:\/\/legacy.dia.edu.az\/wp-content\/uploads\/2021\/03\/1112.jpg 640w, https:\/\/legacy.dia.edu.az\/wp-content\/uploads\/2021\/03\/1112-300x199.jpg 300w, https:\/\/legacy.dia.edu.az\/wp-content\/uploads\/2021\/03\/1112-16x12.jpg 16w, https:\/\/legacy.dia.edu.az\/wp-content\/uploads\/2021\/03\/1112-150x100.jpg 150w, https:\/\/legacy.dia.edu.az\/wp-content\/uploads\/2021\/03\/1112-300x199@2x.jpg 600w\" sizes=\"(max-width: 640px) 100vw, 640px\" \/><\/figure><\/li><li class=\"blocks-gallery-item\"><figure><img width=\"640\" height=\"457\" src=\"https:\/\/dia.edu.az\/wp-content\/uploads\/2021\/03\/111218.jpg\" alt=\"\" data-id=\"11851\" data-full-url=\"https:\/\/dia.edu.az\/wp-content\/uploads\/2021\/03\/111218.jpg\" data-link=\"https:\/\/dia.edu.az\/?attachment_id=11851\" class=\"wp-image-11851\" srcset=\"https:\/\/legacy.dia.edu.az\/wp-content\/uploads\/2021\/03\/111218.jpg 640w, https:\/\/legacy.dia.edu.az\/wp-content\/uploads\/2021\/03\/111218-300x214.jpg 300w, https:\/\/legacy.dia.edu.az\/wp-content\/uploads\/2021\/03\/111218-16x12.jpg 16w, https:\/\/legacy.dia.edu.az\/wp-content\/uploads\/2021\/03\/111218-300x214@2x.jpg 600w\" sizes=\"(max-width: 640px) 100vw, 640px\" \/><\/figure><\/li><\/ul><\/figure>","protected":false},"excerpt":{"rendered":"<p>D\u00f6vl\u0259t \u0130dar\u0259\u00e7ilik Akademiyas\u0131nda \u00fcmummilli lider Heyd\u0259r \u018fliyevin xatir\u0259si an\u0131l\u0131bDek 11 , 2018 &#8211; 04:46 Dekabr\u0131n 11-da \u00fcmummilli lider Heyd\u0259r \u018fliyevin an\u0131m g\u00fcn\u00fc il\u0259 \u0259laq\u0259dar Az\u0259rbaycan Respublikas\u0131n\u0131n Prezidenti yan\u0131nda D\u00f6vl\u0259t \u0130dar\u0259\u00e7ilik Akademiyas\u0131nda t\u0259dbir ke\u00e7irilib. T\u0259dbird\u0259n \u00f6nc\u0259 ulu \u00f6nd\u0259rin Akademiyadak\u0131 b\u00fcst\u00fc \u00f6n\u00fcn\u0259 \u0259klil qoyulub, xatir\u0259si bir d\u0259qiq\u0259lik s\u00fckutla yad edilib. An\u0131m t\u0259dbirind\u0259 \u00e7\u0131x\u0131\u015f ed\u0259n D\u0130A-n\u0131n rektor, akademik [&hellip;]<\/p>","protected":false},"author":2,"featured_media":11850,"comment_status":"closed","ping_status":"closed","sticky":false,"template":"","format":"standard","meta":[],"categories":[137],"tags":[],"_links":{"self":[{"href":"https:\/\/legacy.dia.edu.az\/ru\/wp-json\/wp\/v2\/posts\/11848"}],"collection":[{"href":"https:\/\/legacy.dia.edu.az\/ru\/wp-json\/wp\/v2\/posts"}],"about":[{"href":"https:\/\/legacy.dia.edu.az\/ru\/wp-json\/wp\/v2\/types\/post"}],"author":[{"embeddable":true,"href":"https:\/\/legacy.dia.edu.az\/ru\/wp-json\/wp\/v2\/users\/2"}],"replies":[{"embeddable":true,"href":"https:\/\/legacy.dia.edu.az\/ru\/wp-json\/wp\/v2\/comments?post=11848"}],"version-history":[{"count":0,"href":"https:\/\/legacy.dia.edu.az\/ru\/wp-json\/wp\/v2\/posts\/11848\/revisions"}],"wp:featuredmedia":[{"embeddable":true,"href":"https:\/\/legacy.dia.edu.az\/ru\/wp-json\/wp\/v2\/media\/11850"}],"wp:attachment":[{"href":"https:\/\/legacy.dia.edu.az\/ru\/wp-json\/wp\/v2\/media?parent=11848"}],"wp:term":[{"taxonomy":"category","embeddable":true,"href":"https:\/\/legacy.dia.edu.az\/ru\/wp-json\/wp\/v2\/categories?post=11848"},{"taxonomy":"post_tag","embeddable":true,"href":"https:\/\/legacy.dia.edu.az\/ru\/wp-json\/wp\/v2\/tags?post=11848"}],"curies":[{"name":"wp","href":"https:\/\/api.w.org\/{rel}","templated":true}]}}