{"id":11841,"date":"2018-12-11T21:09:00","date_gmt":"2018-12-11T18:09:00","guid":{"rendered":"https:\/\/dia.edu.az\/?p=11841"},"modified":"2021-03-14T21:10:43","modified_gmt":"2021-03-14T18:10:43","slug":"dovl%c9%99t-idar%c9%99cilik-akademiyasinda-x%c9%99z%c9%99r-hovz%c9%99si-v%c9%99-enerji-t%c9%99hluk%c9%99sizliyi-kitabinin-t%c9%99qdimati-olub","status":"publish","type":"post","link":"https:\/\/legacy.dia.edu.az\/ru\/arxivl\u0259r\/11841","title":{"rendered":"D\u00f6vl\u0259t \u0130dar\u0259\u00e7ilik Akademiyas\u0131nda \u201cX\u0259z\u0259r h\u00f6vz\u0259si v\u0259 enerji t\u0259hl\u00fck\u0259sizliyi\u201d kitab\u0131n\u0131n t\u0259qdimat\u0131 olub"},"content":{"rendered":"<p><strong>D\u00f6vl\u0259t \u0130dar\u0259\u00e7ilik Akademiyas\u0131nda \u201cX\u0259z\u0259r h\u00f6vz\u0259si v\u0259 enerji t\u0259hl\u00fck\u0259sizliyi\u201d kitab\u0131n\u0131n t\u0259qdimat\u0131 olub<\/strong><br><em>Dek 11 , 2018 &#8211; 10:30<\/em><\/p>\n\n\n\n<p>Dekabr\u0131n 10-da Az\u0259rbaycan Respublikas\u0131n\u0131n Prezidenti yan\u0131nda D\u00f6vl\u0259t \u0130dar\u0259\u00e7ilik Akademiyas\u0131nda siyasi elml\u0259r \u00fczr\u0259 f\u0259ls\u0259f\u0259 doktoru Rufiz Qonaqovun \u201cX\u0259z\u0259r h\u00f6vz\u0259si v\u0259 enerji t\u0259hl\u00fck\u0259sizliyi\u201d adl\u0131 kitab\u0131n\u0131n t\u0259qdimat\u0131 olub. Kitab\u0131n elmi redaktoru v\u0259 \u00f6n s\u00f6z\u00fcn m\u00fc\u0259llifi Az\u0259rbaycan Respublikas\u0131 Prezidentinin ictimai-siyasi m\u0259s\u0259l\u0259l\u0259r \u00fczr\u0259 k\u00f6m\u0259k\u00e7isi, tarix elml\u0259ri doktoru, professor \u018fli H\u0259s\u0259novdur.<\/p>\n\n\n\n<p>T\u0259dbiri a\u00e7an Az\u0259rbaycan Respublikas\u0131n\u0131n Prezidenti yan\u0131nda D\u00f6vl\u0259t \u0130dar\u0259\u00e7ilik Akademiyas\u0131n\u0131n rektoru, akademik Urxan \u018fl\u0259kb\u0259rov \u0259sas prioritetl\u0259ri ulu \u00f6nd\u0259r Heyd\u0259r \u018fliyev t\u0259r\u0259find\u0259n m\u00fc\u0259yy\u0259n olunan v\u0259 bu g\u00fcn Prezident \u0130lham \u018fliyevin siyasi irad\u0259si il\u0259 balansla\u015fd\u0131r\u0131lan enerji siyas\u0259tinin u\u011furlar\u0131n\u0131 qeyd edib. O, \u201cX\u0259z\u0259r h\u00f6vz\u0259si v\u0259 enerji t\u0259hl\u00fck\u0259sizliyi\u201d kitab\u0131n\u0131n X\u0259z\u0259rin h\u00fcquqi statusunun m\u00fc\u0259yy\u0259n olundu\u011fu bir vaxtda \u0259rs\u0259y\u0259 g\u0259lm\u0259sinin \u0259h\u0259miyy\u0259tind\u0259n dan\u0131\u015f\u0131b.<\/p>\n\n\n\n<p>Akademik bildirib ki, \u00fcmummilli lider Heyd\u0259r \u018fliyev t\u0259r\u0259find\u0259n \u0259sas\u0131 qoyulan balansla\u015fd\u0131r\u0131lm\u0131\u015f enerji siyas\u0259ti kursunun h\u0259m d\u0259 enerji t\u0259hl\u00fck\u0259sizliyi bax\u0131m\u0131ndan t\u0259hlili m\u0259s\u0259l\u0259l\u0259ri, Prezident \u0130lham \u018fliyevin bu siyas\u0259ti u\u011furla davam etdirm\u0259si, X\u0259z\u0259rin h\u00fcquqi statusu il\u0259 ba\u011fl\u0131 dan\u0131\u015f\u0131qlar prosesi, x\u0259z\u0259ryan\u0131 d\u00f6vl\u0259tl\u0259rin m\u00fcnasib\u0259tl\u0259ri, \u0259ld\u0259 edil\u0259n n\u0259tic\u0259l\u0259rin t\u0259hlili t\u0259dqiqat\u0131n ba\u015fl\u0131ca m\u0259qs\u0259d v\u0259 v\u0259zif\u0259l\u0259ri s\u0131ras\u0131ndad\u0131r. Elmi-praktiki \u0259h\u0259miyy\u0259t\u0259 malik yeni n\u0259\u015frd\u0259 x\u0259z\u0259ryan\u0131 \u00f6lk\u0259l\u0259rin regional maraqlar\u0131n\u0131n analitik t\u0259hlili apar\u0131l\u0131b.<\/p>\n\n\n\n<p>Kitab\u0131n r\u0259y\u00e7il\u0259rind\u0259n olan Milli M\u0259clisin deputat\u0131, professor Elman N\u0259sirov deyib ki, elmi-t\u0259dqiqat \u0259s\u0259rind\u0259 enerji resurslar\u0131n\u0131n m\u00fch\u00fcm siyasi \u00e7\u0259kiy\u0259 malik oldu\u011fu g\u00f6st\u0259rilib. Bir zamanlar f\u00f6vq\u0259ld\u00f6vl\u0259t anlay\u0131\u015f\u0131 n\u00fcv\u0259 silah\u0131na sahib olmaqla m\u00fc\u0259yy\u0259nl\u0259\u015fdirilirdi. Bu g\u00fcn is\u0259 bu, enerji resurslar\u0131na malik olmaqla t\u0259yin olunur. Az\u0259rbaycan\u0131n Avropan\u0131n enerji t\u0259hl\u00fck\u0259sizliyinin t\u0259minind\u0259 m\u00fch\u00fcm rol oynad\u0131\u011f\u0131n\u0131 dey\u0259n E.N\u0259sirov vur\u011fulay\u0131b ki, \u00f6lk\u0259miz k\u00f6hn\u0259 qit\u0259 \u00fc\u00e7\u00fcn enerji m\u0259nb\u0259yidir. Az\u0259rbaycan\u0131n bu c\u00fcr \u00f6n\u0259mli yer\u0259 sahib olmas\u0131 ulu \u00f6nd\u0259r Heyd\u0259r \u018fliyevin \u0259sas\u0131n\u0131 qoydu\u011fu regional enerji siyas\u0259ti il\u0259 ba\u011fl\u0131d\u0131r. Bu g\u00fcn bu siyas\u0259t Prezident \u0130lham \u018fliyev t\u0259r\u0259find\u0259n u\u011furla davam etdiril\u0259r\u0259k X\u0259z\u0259r d\u0259nizind\u0259 s\u00fclh v\u0259 \u0259min-amanl\u0131\u011f\u0131 m\u00f6hk\u0259ml\u0259ndirib.<\/p>\n\n\n\n<p>Milli M\u0259clisin ictimai birlikl\u0259r v\u0259 dini qurumlar komit\u0259sinin s\u0259dri Siyavu\u015f Novruzov bu g\u00fcn enerji t\u0259hl\u00fck\u0259sizliyinin m\u00fch\u00fcm \u00f6n\u0259m da\u015f\u0131d\u0131\u011f\u0131n\u0131 bildirib. O qeyd edib ki, m\u00fc\u0259llif kitabda enerji t\u0259hl\u00fck\u0259sizliyi m\u0259s\u0259l\u0259l\u0259ri il\u0259 ba\u011fl\u0131 ayr\u0131-ayr\u0131 d\u00f6vl\u0259tl\u0259rin enerji siyas\u0259tini t\u0259hlil edib, problemin n\u0259z\u0259ri v\u0259 t\u0259cr\u00fcbi aspektl\u0259rin\u0259 x\u00fcsusi yer ay\u0131r\u0131b. Kitabda d\u00fcnyada ba\u015f ver\u0259n m\u00fcnaqi\u015f\u0259l\u0259r kontekstind\u0259 X\u0259z\u0259rin statusu il\u0259 \u0259laq\u0259dar X\u0259z\u0259ryan\u0131 d\u00f6vl\u0259tl\u0259r aras\u0131nda \u0259ld\u0259 edilmi\u015f konsensusun beyn\u0259lxalq h\u00fcquqi v\u0259 politoloji \u0259h\u0259miyy\u0259ti u\u011furla t\u0259dqiq edilib, h\u00f6vz\u0259 d\u00f6vl\u0259tl\u0259ri aras\u0131nda Az\u0259rbaycan\u0131n potensial imkanlar\u0131 v\u0259 onun \u00fcst\u00fcn c\u0259h\u0259tl\u0259ri sistemli \u015f\u0259kild\u0259 m\u00fcqayis\u0259 olunub.<\/p>\n\n\n\n<p>Milli M\u0259clisin iqtisadi siyas\u0259t, s\u0259naye v\u0259 sahibkarl\u0131q komit\u0259sinin s\u0259dri, akademik Ziyad S\u0259m\u0259dzad\u0259 bildirib ki, kitabda X\u0259z\u0259r \u0259traf\u0131nda ged\u0259n siyasi prosesl\u0259r d\u00fczg\u00fcn t\u0259hlil olunub. \u201cUlu \u00f6nd\u0259r Heyd\u0259r \u018fliyevin m\u00fc\u0259yy\u0259nl\u0259\u015fdirdiyi d\u00fczg\u00fcn strategiyan\u0131n n\u0259tic\u0259sidir ki, \u00f6lk\u0259miz bu g\u00fcn m\u00fcst\u0259qil siyas\u0259t\u0259 v\u0259 iqtisadiyyata malikdir\u201d, &#8211; dey\u0259n komit\u0259 s\u0259dri Az\u0259rbaycan\u0131n XXI \u0259srd\u0259 enerji v\u0259 enerji t\u0259hl\u00fck\u0259sizliyi m\u0259s\u0259l\u0259l\u0259ri istiqam\u0259tind\u0259 \u0259n sabit \u00f6lk\u0259 olaca\u011f\u0131n\u0131, bu g\u00fcn Prezident \u0130lham \u018fliyevin r\u0259hb\u0259rliyi il\u0259 realla\u015fd\u0131r\u0131lan b\u00f6y\u00fck layih\u0259l\u0259rin h\u0259m d\u0259 regionu sabitlik diyar\u0131na \u00e7evir\u0259c\u0259yini bildirib.<\/p>\n\n\n\n<p>Daha sonra filologiya \u00fczr\u0259 elml\u0259r doktoru R\u00f6v\u015f\u0259n M\u0259mm\u0259dov, \u201cBP Azerbaijan\u201d \u015firk\u0259tinin \u0259laq\u0259l\u0259r, xarici i\u015fl\u0259r v\u0259 strategiya \u00fczr\u0259 vitse-prezidenti B\u0259xtiyar Aslanb\u0259yli, siyasi elml\u0259r \u00fczr\u0259 f\u0259ls\u0259f\u0259 doktoru H\u00fcseyn \u0130brahimov \u00e7\u0131x\u0131\u015f ed\u0259r\u0259k \u201cX\u0259z\u0259r h\u00f6vz\u0259si v\u0259 enerji t\u0259hl\u00fck\u0259sizliyi\u201d kitab\u0131n\u0131n aktuall\u0131\u011f\u0131ndan dan\u0131\u015f\u0131b, onun geni\u015f oxucu k\u00fctl\u0259si, el\u0259c\u0259 d\u0259 ekspertl\u0259r \u00fc\u00e7\u00fcn vacib \u0259h\u0259miyy\u0259t da\u015f\u0131d\u0131\u011f\u0131n\u0131 bildiribl\u0259r.<\/p>\n\n\n\n<p>Sonda \u00e7\u0131x\u0131\u015f ed\u0259n m\u00fc\u0259llif Rufiz Qonaqov t\u0259dbirin t\u0259\u015fkilat\u00e7\u0131lar\u0131na v\u0259 i\u015ftirak\u00e7\u0131lar\u0131na minn\u0259tdarl\u0131\u011f\u0131n\u0131 bildirib, kitab haqq\u0131nda \u0259trafl\u0131 m\u0259lumat verib.<\/p>\n\n\n\n<figure class=\"wp-container-2 wp-block-gallery-1 wp-block-gallery columns-2 is-cropped\"><ul class=\"blocks-gallery-grid\"><li class=\"blocks-gallery-item\"><figure><img width=\"640\" height=\"404\" src=\"https:\/\/dia.edu.az\/wp-content\/uploads\/2021\/03\/10.12.jpg\" alt=\"\" data-id=\"11842\" data-full-url=\"https:\/\/dia.edu.az\/wp-content\/uploads\/2021\/03\/10.12.jpg\" data-link=\"https:\/\/dia.edu.az\/?attachment_id=11842\" class=\"wp-image-11842\" srcset=\"https:\/\/legacy.dia.edu.az\/wp-content\/uploads\/2021\/03\/10.12.jpg 640w, https:\/\/legacy.dia.edu.az\/wp-content\/uploads\/2021\/03\/10.12-300x189.jpg 300w, https:\/\/legacy.dia.edu.az\/wp-content\/uploads\/2021\/03\/10.12-16x10.jpg 16w, https:\/\/legacy.dia.edu.az\/wp-content\/uploads\/2021\/03\/10.12-410x260.jpg 410w, https:\/\/legacy.dia.edu.az\/wp-content\/uploads\/2021\/03\/10.12-300x189@2x.jpg 600w\" sizes=\"(max-width: 640px) 100vw, 640px\" \/><\/figure><\/li><li class=\"blocks-gallery-item\"><figure><img width=\"640\" height=\"441\" src=\"https:\/\/dia.edu.az\/wp-content\/uploads\/2021\/03\/1012.jpg\" alt=\"\" data-id=\"11843\" data-full-url=\"https:\/\/dia.edu.az\/wp-content\/uploads\/2021\/03\/1012.jpg\" data-link=\"https:\/\/dia.edu.az\/?attachment_id=11843\" class=\"wp-image-11843\" srcset=\"https:\/\/legacy.dia.edu.az\/wp-content\/uploads\/2021\/03\/1012.jpg 640w, https:\/\/legacy.dia.edu.az\/wp-content\/uploads\/2021\/03\/1012-300x207.jpg 300w, https:\/\/legacy.dia.edu.az\/wp-content\/uploads\/2021\/03\/1012-16x12.jpg 16w, https:\/\/legacy.dia.edu.az\/wp-content\/uploads\/2021\/03\/1012-300x207@2x.jpg 600w\" sizes=\"(max-width: 640px) 100vw, 640px\" \/><\/figure><\/li><\/ul><\/figure>","protected":false},"excerpt":{"rendered":"<p>D\u00f6vl\u0259t \u0130dar\u0259\u00e7ilik Akademiyas\u0131nda \u201cX\u0259z\u0259r h\u00f6vz\u0259si v\u0259 enerji t\u0259hl\u00fck\u0259sizliyi\u201d kitab\u0131n\u0131n t\u0259qdimat\u0131 olubDek 11 , 2018 &#8211; 10:30 Dekabr\u0131n 10-da Az\u0259rbaycan Respublikas\u0131n\u0131n Prezidenti yan\u0131nda D\u00f6vl\u0259t \u0130dar\u0259\u00e7ilik Akademiyas\u0131nda siyasi elml\u0259r \u00fczr\u0259 f\u0259ls\u0259f\u0259 doktoru Rufiz Qonaqovun \u201cX\u0259z\u0259r h\u00f6vz\u0259si v\u0259 enerji t\u0259hl\u00fck\u0259sizliyi\u201d adl\u0131 kitab\u0131n\u0131n t\u0259qdimat\u0131 olub. Kitab\u0131n elmi redaktoru v\u0259 \u00f6n s\u00f6z\u00fcn m\u00fc\u0259llifi Az\u0259rbaycan Respublikas\u0131 Prezidentinin ictimai-siyasi m\u0259s\u0259l\u0259l\u0259r \u00fczr\u0259 k\u00f6m\u0259k\u00e7isi, [&hellip;]<\/p>","protected":false},"author":2,"featured_media":11842,"comment_status":"closed","ping_status":"closed","sticky":false,"template":"","format":"standard","meta":[],"categories":[137],"tags":[],"_links":{"self":[{"href":"https:\/\/legacy.dia.edu.az\/ru\/wp-json\/wp\/v2\/posts\/11841"}],"collection":[{"href":"https:\/\/legacy.dia.edu.az\/ru\/wp-json\/wp\/v2\/posts"}],"about":[{"href":"https:\/\/legacy.dia.edu.az\/ru\/wp-json\/wp\/v2\/types\/post"}],"author":[{"embeddable":true,"href":"https:\/\/legacy.dia.edu.az\/ru\/wp-json\/wp\/v2\/users\/2"}],"replies":[{"embeddable":true,"href":"https:\/\/legacy.dia.edu.az\/ru\/wp-json\/wp\/v2\/comments?post=11841"}],"version-history":[{"count":0,"href":"https:\/\/legacy.dia.edu.az\/ru\/wp-json\/wp\/v2\/posts\/11841\/revisions"}],"wp:featuredmedia":[{"embeddable":true,"href":"https:\/\/legacy.dia.edu.az\/ru\/wp-json\/wp\/v2\/media\/11842"}],"wp:attachment":[{"href":"https:\/\/legacy.dia.edu.az\/ru\/wp-json\/wp\/v2\/media?parent=11841"}],"wp:term":[{"taxonomy":"category","embeddable":true,"href":"https:\/\/legacy.dia.edu.az\/ru\/wp-json\/wp\/v2\/categories?post=11841"},{"taxonomy":"post_tag","embeddable":true,"href":"https:\/\/legacy.dia.edu.az\/ru\/wp-json\/wp\/v2\/tags?post=11841"}],"curies":[{"name":"wp","href":"https:\/\/api.w.org\/{rel}","templated":true}]}}