{"id":11832,"date":"2018-12-13T21:01:00","date_gmt":"2018-12-13T18:01:00","guid":{"rendered":"https:\/\/dia.edu.az\/?p=11832"},"modified":"2021-03-14T21:03:01","modified_gmt":"2021-03-14T18:03:01","slug":"11832-2","status":"publish","type":"post","link":"https:\/\/legacy.dia.edu.az\/ru\/arxivl\u0259r\/11832","title":{"rendered":"Az\u0259rbaycan Respublikas\u0131n\u0131n Prezidenti yan\u0131nda D\u00f6vl\u0259t \u0130dar\u0259\u00e7ilik Akademiyas\u0131 il\u0259 Az\u0259rbaycan Respublikas\u0131n\u0131n G\u0259ncl\u0259r v\u0259 \u0130dman Nazirliyi aras\u0131nda \u018fm\u0259kda\u015fl\u0131q Memorandumu imzalan\u0131b"},"content":{"rendered":"<p><strong>Az\u0259rbaycan Respublikas\u0131n\u0131n Prezidenti yan\u0131nda D\u00f6vl\u0259t \u0130dar\u0259\u00e7ilik Akademiyas\u0131 il\u0259 Az\u0259rbaycan Respublikas\u0131n\u0131n G\u0259ncl\u0259r v\u0259 \u0130dman Nazirliyi aras\u0131nda \u018fm\u0259kda\u015fl\u0131q Memorandumu imzalan\u0131b<\/strong><br><em>Dek 13 , 2018 &#8211; 04:09<\/em><\/p>\n\n\n\n<p>13 dekabr 2018-ci il tarixd\u0259 Az\u0259rbaycan Respublikas\u0131n\u0131n Prezidenti yan\u0131nda D\u00f6vl\u0259t \u0130dar\u0259\u00e7ilik Akademiyas\u0131 il\u0259 Az\u0259rbaycan Respublikas\u0131n\u0131n G\u0259ncl\u0259r v\u0259 \u0130dman Nazirliyi aras\u0131nda \u201cDavaml\u0131 \u0130nki\u015faf \u00fczr\u0259 G\u0259ncl\u0259rin T\u0259dqiqat v\u0259 T\u0259lim M\u0259rk\u0259zi\u201dnin yarad\u0131lmas\u0131 haqq\u0131nda \u018fm\u0259kda\u015fl\u0131q Memorandumu imzalan\u0131b.<\/p>\n\n\n\n<p>Az\u0259rbaycan Respublikas\u0131n\u0131n Prezidenti yan\u0131nda D\u00f6vl\u0259t \u0130dar\u0259\u00e7ilik Akademiyas\u0131nda f\u0259aliyy\u0259t g\u00f6st\u0259r\u0259c\u0259k M\u0259rk\u0259zin \u0259sas m\u0259qs\u0259di davaml\u0131 inki\u015faf sah\u0259si, x\u00fcsusil\u0259 Dayan\u0131ql\u0131 \u0130nki\u015faf M\u0259qs\u0259dl\u0259ri m\u00f6vzusu \u0259traf\u0131nda g\u0259ncl\u0259r aras\u0131nda t\u0259dqiqat f\u0259aliyy\u0259tinin t\u0259\u015fviqi, ard\u0131c\u0131l v\u0259 m\u0259qs\u0259dy\u00f6nl\u00fc formada t\u0259\u015fkili, idar\u0259 edilm\u0259si v\u0259 istiqam\u0259tl\u0259ndirilm\u0259si olacaqd\u0131r.<\/p>\n\n\n\n<p>Rektor, akademik Urxan \u018fl\u0259kb\u0259rov ulu \u00f6nd\u0259r Heyd\u0259r \u018fliyev t\u0259r\u0259find\u0259n \u0259sas\u0131 qoyulmu\u015f v\u0259 Prezident \u0130lham \u018fliyevin u\u011furla inki\u015faf etdirdiyi innovativ idar\u0259etm\u0259 texnologiyalar\u0131n\u0131n n\u0259z\u0259ri \u0259saslar\u0131n\u0131n i\u015fl\u0259nilm\u0259si, onlar\u0131n t\u0259cr\u00fcb\u0259d\u0259 t\u0259tbiqind\u0259n dan\u0131\u015fd\u0131. Akademik U.\u018fl\u0259kb\u0259rov Az\u0259rbaycan Respublikas\u0131nda davaml\u0131 inkl\u00fcziv inki\u015faf sah\u0259sind\u0259 \u00f6lk\u0259 Prezidenti c\u0259nab \u0130lham \u018fliyevin u\u011furla h\u0259yata ke\u00e7irdiyi strategiyan\u0131n \u0259h\u0259miyy\u0259tind\u0259n s\u00f6z a\u00e7d\u0131, d\u00f6vl\u0259t siyas\u0259tinin y\u00fcks\u0259k pe\u015f\u0259karl\u0131qla planla\u015fd\u0131r\u0131lmas\u0131n\u0131n v\u0259 idar\u0259 edilm\u0259sinin innovativ idar\u0259etm\u0259 texnologiyalar\u0131 kompleksinin t\u0259tbiqi il\u0259 ba\u011fl\u0131 oldu\u011funu qeyd etdi. Akademik \u0259ld\u0259 edil\u0259n u\u011furlar\u0131n \u0259sas\u0131nda idar\u0259etm\u0259 sah\u0259si \u00fc\u00e7\u00fcn m\u00fch\u00fcm olan sinergetik, komplimentar v\u0259 kompensasion texnologiyalar\u0131n x\u00fcsusi yer tutdu\u011funu vur\u011fulad\u0131. Rektor \u00f6lk\u0259nin innovativ inki\u015faf\u0131n\u0131n \u0259sas\u0131 kimi insan potensial\u0131n\u0131n formala\u015fd\u0131r\u0131lmas\u0131 konsepsiyas\u0131n\u0131n realla\u015fd\u0131r\u0131lmas\u0131nda \u00f6lk\u0259nin Birinci vitse-prezidenti, Heyd\u0259r \u018fliyev Fondunun prezindenti Mehriban xan\u0131m \u018fliyevan\u0131n milli v\u0259 beyn\u0259lxalq s\u0259viyy\u0259l\u0259rd\u0259 f\u0259aliyy\u0259tini, \u00f6lk\u0259nin innovativ t\u0259r\u0259qqisin\u0259 \u0259v\u0259zsiz t\u00f6hf\u0259 oldu\u011fu diqq\u0259t\u0259 \u00e7atd\u0131rd\u0131. B\u00fct\u00fcn bu f\u0259aliyy\u0259tin \u0259sas\u0131nda g\u0259nc kadrlar\u0131n, \u00f6lk\u0259 g\u0259ncliyinin f\u0259aliyy\u0259tin\u0259 diqq\u0259t \u00e7\u0259kdi, g\u0259ncl\u0259rin potensial\u0131n\u0131n idar\u0259edilm\u0259sinin \u0259h\u0259miyy\u0259tini qeyd etdi.<\/p>\n\n\n\n<p>Akademik Urxan \u018fl\u0259kb\u0259rov D\u0130A-da a\u00e7\u0131lacaq m\u0259rk\u0259zin haz\u0131rda d\u00fcnyada apar\u0131c\u0131 m\u00f6vzulardan biri olan davaml\u0131 inki\u015faf \u00fczr\u0259 Az\u0259rbaycan g\u0259ncl\u0259rinin bilik v\u0259 bacar\u0131qlar\u0131n\u0131 art\u0131rmas\u0131na b\u00f6y\u00fck t\u00f6hv\u0259 ver\u0259c\u0259yini vur\u011fulad\u0131. Qeyd olundu ki, art\u0131q bir ne\u00e7\u0259 ildir ki, D\u00f6vl\u0259t \u0130dar\u0259\u00e7ilik Akademiyas\u0131nda davaml\u0131 inki\u015faf \u00fczr\u0259 d\u0259rsl\u0259r ke\u00e7irilir. Yeni a\u00e7\u0131lacaq M\u0259rk\u0259z d\u0259 \u00f6z n\u00f6vb\u0259sind\u0259 g\u0259ncl\u0259r \u00fc\u00e7\u00fcn yeni t\u0259dqiqat imkanlar\u0131 yaradacaq, onlar\u0131 qlobal m\u0259qs\u0259dl\u0259r\u0259 d\u0259st\u0259k olma\u011fa ruhland\u0131racaq.<\/p>\n\n\n\n<p>Daha sonra \u00e7\u0131x\u0131\u015f ed\u0259n Az\u0259rbaycan Respublikas\u0131n\u0131n G\u0259ncl\u0259r v\u0259 \u0130dman Naziri Azad R\u0259himov, 2015-ci ilin sentyabr ay\u0131nda Birl\u0259\u015fmi\u015f Mill\u0259tl\u0259r T\u0259\u015fkilat\u0131n\u0131n Ba\u015f Assambleyas\u0131 t\u0259r\u0259find\u0259n q\u0259bul olunmu\u015f Dayan\u0131ql\u0131 \u0130nki\u015faf M\u0259qs\u0259dl\u0259rinin Az\u0259rbaycan Respublikas\u0131nda realla\u015fd\u0131r\u0131lmas\u0131 istiqam\u0259tind\u0259n ir\u0259li g\u0259l\u0259n \u00f6hd\u0259likl\u0259rl\u0259 ba\u011fl\u0131 d\u00f6vl\u0259t orqanlar\u0131n\u0131n \u00fcz\u0259rin\u0259 d\u00fc\u015f\u0259n v\u0259zif\u0259l\u0259rin icras\u0131n\u0131n s\u0259m\u0259r\u0259li \u0259laq\u0259l\u0259ndirilm\u0259si m\u0259qs\u0259dil\u0259 Az\u0259rbaycan Respublikas\u0131n\u0131n Prezidenti c\u0259nab \u0130lham \u018fliyevin 06 oktyabr 2016-c\u0131 il tarixli F\u0259rman\u0131 il\u0259 Az\u0259rbaycan Respublikas\u0131n\u0131n Dayan\u0131ql\u0131 \u0130nki\u015faf \u00fczr\u0259 Milli \u018flaq\u0259l\u0259ndirm\u0259 \u015euras\u0131n\u0131n yarad\u0131ld\u0131\u011f\u0131n\u0131 xat\u0131rlatd\u0131.Qeyd olundu ki, 2030-cu il\u0259d\u0259k icras\u0131 n\u0259z\u0259rd\u0259 tutulan bu qlobal m\u0259qs\u0259dl\u0259r, x\u00fcsusil\u0259 g\u0259ncl\u0259r \u00fc\u00e7\u00fcn b\u00f6y\u00fck \u0259h\u0259miyy\u0259t k\u0259sb edir. Bildirildi ki, Az\u0259rbaycanda D\u0130M-l\u0259r\u0259 nail olmaqda g\u0259ncl\u0259rin i\u015ftirak\u0131n\u0131n t\u0259\u015fviqi m\u0259qs\u0259dil\u0259 G\u0259ncl\u0259r v\u0259 \u0130dman Nazirliyinin BMT-nin \u0130nki\u015faf Proqram\u0131 il\u0259 birg\u0259 h\u0259yata ke\u00e7irdiyi \u201cQlobal siyasi m\u00fczakir\u0259l\u0259rd\u0259 g\u0259ncl\u0259rin f\u0259al i\u015ftirak\u0131n\u0131 d\u0259st\u0259kl\u0259m\u0259k \u00fc\u00e7\u00fcn yeni \u0259saslar\u0131n yarad\u0131lmas\u0131\u201d layih\u0259si \u00e7\u0259r\u00e7iv\u0259sind\u0259 \u201cDayan\u0131ql\u0131 \u0130nki\u015faf M\u0259qs\u0259dl\u0259ri \u00fczr\u0259 G\u0259nc S\u0259firl\u0259r\u201d se\u00e7ilmi\u015fdir.<\/p>\n\n\n\n<p>T\u0259dbirin sonunda Az\u0259rbaycan Respublikas\u0131n\u0131n Prezidenti yan\u0131nda D\u00f6vl\u0259t \u0130dar\u0259\u00e7ilik Akademiyas\u0131 il\u0259 Az\u0259rbaycan Respublikas\u0131n\u0131n G\u0259ncl\u0259r v\u0259 \u0130dman Nazirliyi aras\u0131nda qar\u015f\u0131l\u0131ql\u0131 \u0259m\u0259kda\u015fl\u0131\u011fa dair Memorandum imzland\u0131.<\/p>\n\n\n\n<figure class=\"wp-container-2 wp-block-gallery-1 wp-block-gallery columns-2 is-cropped\"><ul class=\"blocks-gallery-grid\"><li class=\"blocks-gallery-item\"><figure><img width=\"640\" height=\"424\" src=\"https:\/\/dia.edu.az\/wp-content\/uploads\/2021\/03\/1.3.1.2.jpg\" alt=\"\" data-id=\"11833\" data-full-url=\"https:\/\/dia.edu.az\/wp-content\/uploads\/2021\/03\/1.3.1.2.jpg\" data-link=\"https:\/\/dia.edu.az\/?attachment_id=11833\" class=\"wp-image-11833\" srcset=\"https:\/\/legacy.dia.edu.az\/wp-content\/uploads\/2021\/03\/1.3.1.2.jpg 640w, https:\/\/legacy.dia.edu.az\/wp-content\/uploads\/2021\/03\/1.3.1.2-300x199.jpg 300w, https:\/\/legacy.dia.edu.az\/wp-content\/uploads\/2021\/03\/1.3.1.2-16x12.jpg 16w, https:\/\/legacy.dia.edu.az\/wp-content\/uploads\/2021\/03\/1.3.1.2-150x100.jpg 150w, https:\/\/legacy.dia.edu.az\/wp-content\/uploads\/2021\/03\/1.3.1.2-300x199@2x.jpg 600w\" sizes=\"(max-width: 640px) 100vw, 640px\" \/><\/figure><\/li><li class=\"blocks-gallery-item\"><figure><img width=\"640\" height=\"457\" src=\"https:\/\/dia.edu.az\/wp-content\/uploads\/2021\/03\/13.12.2018.jpg\" alt=\"\" data-id=\"11834\" data-full-url=\"https:\/\/dia.edu.az\/wp-content\/uploads\/2021\/03\/13.12.2018.jpg\" data-link=\"https:\/\/dia.edu.az\/?attachment_id=11834\" class=\"wp-image-11834\" srcset=\"https:\/\/legacy.dia.edu.az\/wp-content\/uploads\/2021\/03\/13.12.2018.jpg 640w, https:\/\/legacy.dia.edu.az\/wp-content\/uploads\/2021\/03\/13.12.2018-300x214.jpg 300w, https:\/\/legacy.dia.edu.az\/wp-content\/uploads\/2021\/03\/13.12.2018-16x12.jpg 16w, https:\/\/legacy.dia.edu.az\/wp-content\/uploads\/2021\/03\/13.12.2018-300x214@2x.jpg 600w\" sizes=\"(max-width: 640px) 100vw, 640px\" \/><\/figure><\/li><\/ul><\/figure>","protected":false},"excerpt":{"rendered":"<p>Az\u0259rbaycan Respublikas\u0131n\u0131n Prezidenti yan\u0131nda D\u00f6vl\u0259t \u0130dar\u0259\u00e7ilik Akademiyas\u0131 il\u0259 Az\u0259rbaycan Respublikas\u0131n\u0131n G\u0259ncl\u0259r v\u0259 \u0130dman Nazirliyi aras\u0131nda \u018fm\u0259kda\u015fl\u0131q Memorandumu imzalan\u0131bDek 13 , 2018 &#8211; 04:09 13 dekabr 2018-ci il tarixd\u0259 Az\u0259rbaycan Respublikas\u0131n\u0131n Prezidenti yan\u0131nda D\u00f6vl\u0259t \u0130dar\u0259\u00e7ilik Akademiyas\u0131 il\u0259 Az\u0259rbaycan Respublikas\u0131n\u0131n G\u0259ncl\u0259r v\u0259 \u0130dman Nazirliyi aras\u0131nda \u201cDavaml\u0131 \u0130nki\u015faf \u00fczr\u0259 G\u0259ncl\u0259rin T\u0259dqiqat v\u0259 T\u0259lim M\u0259rk\u0259zi\u201dnin yarad\u0131lmas\u0131 haqq\u0131nda \u018fm\u0259kda\u015fl\u0131q Memorandumu [&hellip;]<\/p>","protected":false},"author":2,"featured_media":11834,"comment_status":"closed","ping_status":"closed","sticky":false,"template":"","format":"standard","meta":[],"categories":[137],"tags":[],"_links":{"self":[{"href":"https:\/\/legacy.dia.edu.az\/ru\/wp-json\/wp\/v2\/posts\/11832"}],"collection":[{"href":"https:\/\/legacy.dia.edu.az\/ru\/wp-json\/wp\/v2\/posts"}],"about":[{"href":"https:\/\/legacy.dia.edu.az\/ru\/wp-json\/wp\/v2\/types\/post"}],"author":[{"embeddable":true,"href":"https:\/\/legacy.dia.edu.az\/ru\/wp-json\/wp\/v2\/users\/2"}],"replies":[{"embeddable":true,"href":"https:\/\/legacy.dia.edu.az\/ru\/wp-json\/wp\/v2\/comments?post=11832"}],"version-history":[{"count":0,"href":"https:\/\/legacy.dia.edu.az\/ru\/wp-json\/wp\/v2\/posts\/11832\/revisions"}],"wp:featuredmedia":[{"embeddable":true,"href":"https:\/\/legacy.dia.edu.az\/ru\/wp-json\/wp\/v2\/media\/11834"}],"wp:attachment":[{"href":"https:\/\/legacy.dia.edu.az\/ru\/wp-json\/wp\/v2\/media?parent=11832"}],"wp:term":[{"taxonomy":"category","embeddable":true,"href":"https:\/\/legacy.dia.edu.az\/ru\/wp-json\/wp\/v2\/categories?post=11832"},{"taxonomy":"post_tag","embeddable":true,"href":"https:\/\/legacy.dia.edu.az\/ru\/wp-json\/wp\/v2\/tags?post=11832"}],"curies":[{"name":"wp","href":"https:\/\/api.w.org\/{rel}","templated":true}]}}