{"id":11825,"date":"2018-01-20T20:55:00","date_gmt":"2018-01-20T17:55:00","guid":{"rendered":"https:\/\/dia.edu.az\/?p=11825"},"modified":"2021-03-14T20:57:59","modified_gmt":"2021-03-14T17:57:59","slug":"dovl%c9%99t-idar%c9%99cilik-akademiyasinda-iqtisadi-islahatlarin-strateji-idar%c9%99edilm%c9%99si-n%c9%99tic%c9%99l%c9%99r-v%c9%99-perspektivl%c9%99r-movzusunda-ictimai-muhazir","status":"publish","type":"post","link":"https:\/\/legacy.dia.edu.az\/ru\/arxivl\u0259r\/11825","title":{"rendered":"D\u00f6vl\u0259t \u0130dar\u0259\u00e7ilik Akademiyas\u0131nda \u201c\u0130qtisadi islahatlar\u0131n strateji idar\u0259edilm\u0259si: n\u0259tic\u0259l\u0259r v\u0259 perspektivl\u0259r\u201d m\u00f6vzusunda ictimai m\u00fchazir\u0259 dinl\u0259nilib"},"content":{"rendered":"<p><\/p>\n\n\n\n<p><strong>D\u00f6vl\u0259t \u0130dar\u0259\u00e7ilik Akademiyas\u0131nda \u201c\u0130qtisadi islahatlar\u0131n strateji idar\u0259edilm\u0259si: n\u0259tic\u0259l\u0259r v\u0259 perspektivl\u0259r\u201d m\u00f6vzusunda ictimai m\u00fchazir\u0259 dinl\u0259nilib<\/strong><br><em>Dek 20 , 2018 &#8211; 04:34<\/em><\/p>\n\n\n\n<p>Az\u0259rbaycan Respublikas\u0131n\u0131n Prezidenti yan\u0131nda D\u00f6vl\u0259t \u0130dar\u0259\u00e7ilik Akademiyas\u0131 v\u0259 \u0130qtisadi \u0130slahatlar\u0131n T\u0259hlili v\u0259 Kommunikasiya M\u0259rk\u0259zi \u201c\u0130qtisadi islahatlar\u0131n strateji idar\u0259edilm\u0259si: n\u0259tic\u0259l\u0259r v\u0259 perspektivl\u0259r\u201d m\u00f6vzusunda birg\u0259 ictimai m\u00fchazir\u0259 ke\u00e7irib.<\/p>\n\n\n\n<p>\u0130ctimai m\u00fchazir\u0259nin \u0259sas m\u0259qs\u0259di \u00f6lk\u0259nin inkluziv inki\u015faf\u0131, elektron h\u00f6k\u00fcm\u0259tin inki\u015faf\u0131 m\u0259s\u0259l\u0259l\u0259ri il\u0259 ba\u011fl\u0131 h\u0259d\u0259fl\u0259rin yeni istiqam\u0259tl\u0259ri, strateji yol x\u0259rit\u0259l\u0259rinin icras\u0131nda strateji irad\u0259etm\u0259nin rolu, strateji yol x\u0259rit\u0259l\u0259rinin qiym\u0259tl\u0259ndirilm\u0259si v\u0259.s kimi m\u00f6vzular il\u0259 ba\u011fl\u0131 bilikl\u0259rin elmi t\u0259dqiqat\u00e7\u0131lara \u00e7atd\u0131r\u0131lmas\u0131 v\u0259 onlarla il\u0259 fikir m\u00fcbadil\u0259sinin apar\u0131lmas\u0131d\u0131r.<\/p>\n\n\n\n<p>D\u0130A-da t\u0259hsil alan magistrant v\u0259 doktorantlar \u00fc\u00e7\u00fcn n\u0259z\u0259rd\u0259 tutulmu\u015f m\u00fchazir\u0259d\u0259 D\u0130A-n\u0131n rektoru, akademik Urxan \u018fl\u0259kb\u0259rov \u201c\u0130nkl\u00fcziv inki\u015faf v\u0259 idar\u0259etm\u0259 texnologiyalar\u0131: Az\u0259rbaycan\u0131n t\u0259cr\u00fcb\u0259si\u201d, \u0130\u0130TKM-in icra\u00e7\u0131 direktoru V\u00fcsal Qas\u0131ml\u0131 is\u0259 \u201c\u0130qtisadi islahatlar\u0131n strateji idar\u0259edilm\u0259si: n\u0259tic\u0259l\u0259r v\u0259 perspektivl\u0259r\u201d adl\u0131 ac\u0131l\u0131\u015f m\u00fchazir\u0259si il\u0259 \u00e7\u0131x\u0131\u015f edibl\u0259r.<\/p>\n\n\n\n<p>D\u0130A-n\u0131n rektoru, akademik Urxan \u018fl\u0259kb\u0259rov Heyd\u0259r \u018fliyev siyas\u0259tinin u\u011furlu n\u0259tic\u0259l\u0259rind\u0259n dan\u0131\u015f\u0131b, Ulu \u00d6nd\u0259rin ideyalar\u0131n\u0131n Prezident \u0130lham \u018fliyev t\u0259r\u0259find\u0259n u\u011furla h\u0259yata ke\u00e7irildiyini bildirib v\u0259 bu g\u00fcn Az\u0259rbaycan\u0131n iqtisadiyyat\u0131n\u0131n s\u00fcr\u0259tl\u0259 inki\u015faf etdiyini konkret faktlarla diqq\u0259t\u0259 \u00e7atd\u0131r\u0131b. Qeyd olunub ki, bir s\u0131ra iqtisadi v\u0259 sosial g\u00f6st\u0259ricil\u0259rin\u0259 g\u00f6r\u0259 m\u00fcasir Az\u0259rbaycan Respublikas\u0131 haz\u0131rda y\u00fczillik tarixi olan v\u0259 d\u00fcnya liderl\u0259ri say\u0131lan \u00f6lk\u0259l\u0259rl\u0259 r\u0259qab\u0259t aparmaq durumundad\u0131r. D\u00f6vl\u0259timizin ba\u015f\u00e7\u0131s\u0131n\u0131n t\u0259tbiq etdiyi v\u0259 d\u00fcnya miqyas\u0131nda ilk d\u0259f\u0259 i\u015fl\u0259nilmi\u015f sinergetik, kompensator idar\u0259\u00e7ilik texnologiyalar\u0131 say\u0259sind\u0259 2018-ci ilin yanvar\u0131nda ke\u00e7iril\u0259n Davos forumunun hesabat\u0131nda Az\u0259rbaycan\u0131n inkl\u00fcziv inki\u015faf indeksi bir \u00e7ox Avropa \u0130ttifaq\u0131na \u00fczv olan d\u00f6vl\u0259tl\u0259rin g\u00f6st\u0259ricil\u0259rind\u0259n y\u00fcks\u0259k oldu\u011fu qeyd edilmi\u015fdir.<\/p>\n\n\n\n<p>Akademik U.\u018fl\u0259kb\u0259rov \u00f6lk\u0259nin iqtisadi v\u0259 ticar\u0259t \u0259laq\u0259l\u0259rinin geni\u015f\u0259ndirilm\u0259sind\u0259 m\u00fcst\u0259sna \u0259h\u0259miyy\u0259t\u0259 malik strateji yol x\u0259rit\u0259sinin, elektron h\u00f6k\u00fcm\u0259tin inki\u015faf\u0131 il\u0259 ba\u011fl\u0131 q\u0259rarlar\u0131n Az\u0259rbaycan\u0131n m\u00fcasir t\u0259r\u0259qqisind\u0259 m\u00fch\u00fcm rol oynad\u0131\u011f\u0131 vur\u011fulan\u0131b. U.\u018fl\u0259kb\u0259rov Az\u0259rbaycan\u0131n u\u011furlu inki\u015faf\u0131n\u0131nda Az\u0259rbaycan Respublikas\u0131n\u0131n Birinci vitse-prezidenti Mehriban xan\u0131m \u018fliyevan\u0131n x\u00fcsusi rolu oldu\u011funu qeyd etmi\u015fdir.<\/p>\n\n\n\n<p>\u0130qtisadi \u0130slahatlar\u0131n T\u0259hlili v\u0259 Kommunikasiya M\u0259rk\u0259zinin icra\u00e7\u0131 direktoru V\u00fcsal Qas\u0131ml\u0131 m\u0259ruz\u0259 il\u0259 \u00e7\u0131x\u0131\u015f ed\u0259r\u0259k diqq\u0259t\u0259 \u00e7atd\u0131r\u0131b ki, Az\u0259rbaycan iqtisadiyyat\u0131nda apar\u0131lan davaml\u0131 iqtisadi islahatlar \u00f6z b\u0259hr\u0259sini verm\u0259kd\u0259dir. V\u00fcsal Qas\u0131ml\u0131 vur\u011fulay\u0131b ki, \u00f6lk\u0259d\u0259 Prezident \u0130lham \u018fliyevin r\u0259hb\u0259rliyi il\u0259 h\u0259yata ke\u00e7iril\u0259n strateji yol x\u0259rit\u0259l\u0259rind\u0259n biri d\u0259 Az\u0259rbaycan Respublikas\u0131nda telekommunikasiya v\u0259 informasiya texnologiyalar\u0131n\u0131n inki\u015faf\u0131na h\u0259sr edilib. Burada g\u00f6st\u0259rildiyi kimi elektron h\u00f6k\u00fcm\u0259tin inki\u015faf\u0131 v\u0259 r\u0259q\u0259msal h\u00f6k\u00fcm\u0259t\u0259 ke\u00e7idd\u0259 \u0259sas m\u0259qs\u0259d xidm\u0259tl\u0259rin g\u00f6st\u0259rilm\u0259si zaman\u0131 v\u0259t\u0259nda\u015flarla birba\u015fa t\u0259mas\u0131n\u0131 aradan qald\u0131rmaqla \u015f\u0259ffafl\u0131\u011f\u0131 t\u0259min etm\u0259k, h\u0259m\u00e7inin xidm\u0259tl\u0259rin daha \u0259l\u00e7atan olmas\u0131d\u0131r.<\/p>\n\n\n\n<p>\u0130qtisadi \u0130slahatlar\u0131n T\u0259hlili v\u0259 Kommunikasiya M\u0259rk\u0259zinin icra\u00e7\u0131 direktoru V.Qas\u0131ml\u0131 qeyd edib ki, Az\u0259rbaycan\u0131n \u201cDoing Business\u201d hesabat\u0131nda \u0259n islahat\u00e7\u0131 \u00f6lk\u0259 statusunu saxlamas\u0131 da t\u0259sad\u00fcfi deyil. \u00c7\u00fcnki, 2018-ci ild\u0259 a\u00e7\u0131qlanacaq \u201cDoing Business-2019\u201d hesabat\u0131nda Az\u0259rbaycan\u0131n m\u00f6vqeyinin g\u00fccl\u0259ndirilm\u0259sini t\u0259min ed\u0259c\u0259k &#8211; biznes\u0259 ba\u015flama, tikinti \u00fc\u00e7\u00fcn icaz\u0259l\u0259rin al\u0131nmas\u0131, elektrik t\u0259chizat\u0131 \u015f\u0259b\u0259k\u0259l\u0259rin\u0259 qo\u015fulma, \u0259mlak\u0131n qeydiyyat\u0131, kreditl\u0259rin al\u0131nmas\u0131, ki\u00e7ik investorlar\u0131n maraqlar\u0131n\u0131n qorunmas\u0131, vergil\u0259rin \u00f6d\u0259nilm\u0259si, xarici ticar\u0259tin apar\u0131lmas\u0131, m\u00fcqavil\u0259l\u0259rin icras\u0131n\u0131n t\u0259min edilm\u0259si v\u0259 m\u00fc\u0259ssis\u0259nin ba\u011flanmas\u0131 kimi istiqam\u0259tl\u0259ri \u00fczr\u0259 ciddi iqtisadi islahatlar apar\u0131l\u0131b.<\/p>\n\n\n\n<p>&nbsp;V\u00fcsal Qas\u0131ml\u0131 \u0259lav\u0259 edib ki, \u0130\u0130TKM t\u0259r\u0259find\u0259n ger\u00e7\u0259kl\u0259\u015fdiril\u0259n Azexport portal\u0131, R\u0259q\u0259msal Ticar\u0259t Qov\u015fa\u011f\u0131, Bir P\u0259nc\u0259r\u0259 \u0130xraca D\u0259st\u0259k M\u0259rk\u0259zi, vahid online ixrac \u0259riz\u0259si, EnterpriseAzerbaijan.com sayt\u0131 kimi layih\u0259l\u0259r r\u0259q\u0259msal iqtisadiyyat quruculu\u011funa ciddi t\u00f6hf\u0259dir.<\/p>\n\n\n\n<p>Daha sonra m\u00fczakir\u0259l\u0259r apar\u0131l\u0131b, suallar cavabland\u0131r\u0131l\u0131b.\u00a0<\/p>\n\n\n\n<figure class=\"wp-container-2 wp-block-gallery-1 wp-block-gallery columns-3 is-cropped\"><ul class=\"blocks-gallery-grid\"><li class=\"blocks-gallery-item\"><figure><img width=\"1024\" height=\"683\" src=\"https:\/\/dia.edu.az\/wp-content\/uploads\/2021\/03\/20.12.18-1024x683.jpg\" alt=\"\" data-id=\"11826\" data-full-url=\"https:\/\/dia.edu.az\/wp-content\/uploads\/2021\/03\/20.12.18-scaled.jpg\" data-link=\"https:\/\/dia.edu.az\/?attachment_id=11826\" class=\"wp-image-11826\" srcset=\"https:\/\/legacy.dia.edu.az\/wp-content\/uploads\/2021\/03\/20.12.18-1024x683.jpg 1024w, https:\/\/legacy.dia.edu.az\/wp-content\/uploads\/2021\/03\/20.12.18-300x200.jpg 300w, https:\/\/legacy.dia.edu.az\/wp-content\/uploads\/2021\/03\/20.12.18-1536x1024.jpg 1536w, https:\/\/legacy.dia.edu.az\/wp-content\/uploads\/2021\/03\/20.12.18-2048x1365.jpg 2048w, https:\/\/legacy.dia.edu.az\/wp-content\/uploads\/2021\/03\/20.12.18-16x12.jpg 16w, https:\/\/legacy.dia.edu.az\/wp-content\/uploads\/2021\/03\/20.12.18-150x100.jpg 150w, https:\/\/legacy.dia.edu.az\/wp-content\/uploads\/2021\/03\/20.12.18-300x200@2x.jpg 600w\" sizes=\"(max-width: 1024px) 100vw, 1024px\" \/><\/figure><\/li><li class=\"blocks-gallery-item\"><figure><img width=\"1024\" height=\"683\" src=\"https:\/\/dia.edu.az\/wp-content\/uploads\/2021\/03\/20.12-1024x683.jpg\" alt=\"\" data-id=\"11827\" data-full-url=\"https:\/\/dia.edu.az\/wp-content\/uploads\/2021\/03\/20.12-scaled.jpg\" data-link=\"https:\/\/dia.edu.az\/?attachment_id=11827\" class=\"wp-image-11827\" srcset=\"https:\/\/legacy.dia.edu.az\/wp-content\/uploads\/2021\/03\/20.12-1024x683.jpg 1024w, https:\/\/legacy.dia.edu.az\/wp-content\/uploads\/2021\/03\/20.12-300x200.jpg 300w, https:\/\/legacy.dia.edu.az\/wp-content\/uploads\/2021\/03\/20.12-1536x1024.jpg 1536w, https:\/\/legacy.dia.edu.az\/wp-content\/uploads\/2021\/03\/20.12-2048x1365.jpg 2048w, https:\/\/legacy.dia.edu.az\/wp-content\/uploads\/2021\/03\/20.12-16x12.jpg 16w, https:\/\/legacy.dia.edu.az\/wp-content\/uploads\/2021\/03\/20.12-150x100.jpg 150w, https:\/\/legacy.dia.edu.az\/wp-content\/uploads\/2021\/03\/20.12-300x200@2x.jpg 600w\" sizes=\"(max-width: 1024px) 100vw, 1024px\" \/><\/figure><\/li><li class=\"blocks-gallery-item\"><figure><img width=\"1024\" height=\"683\" src=\"https:\/\/dia.edu.az\/wp-content\/uploads\/2021\/03\/20.1218-1024x683.jpg\" alt=\"\" data-id=\"11828\" data-full-url=\"https:\/\/dia.edu.az\/wp-content\/uploads\/2021\/03\/20.1218-scaled.jpg\" data-link=\"https:\/\/dia.edu.az\/?attachment_id=11828\" class=\"wp-image-11828\" srcset=\"https:\/\/legacy.dia.edu.az\/wp-content\/uploads\/2021\/03\/20.1218-1024x683.jpg 1024w, https:\/\/legacy.dia.edu.az\/wp-content\/uploads\/2021\/03\/20.1218-300x200.jpg 300w, https:\/\/legacy.dia.edu.az\/wp-content\/uploads\/2021\/03\/20.1218-1536x1024.jpg 1536w, https:\/\/legacy.dia.edu.az\/wp-content\/uploads\/2021\/03\/20.1218-2048x1365.jpg 2048w, https:\/\/legacy.dia.edu.az\/wp-content\/uploads\/2021\/03\/20.1218-16x12.jpg 16w, https:\/\/legacy.dia.edu.az\/wp-content\/uploads\/2021\/03\/20.1218-150x100.jpg 150w, https:\/\/legacy.dia.edu.az\/wp-content\/uploads\/2021\/03\/20.1218-300x200@2x.jpg 600w\" sizes=\"(max-width: 1024px) 100vw, 1024px\" \/><\/figure><\/li><li class=\"blocks-gallery-item\"><figure><img width=\"1024\" height=\"683\" src=\"https:\/\/dia.edu.az\/wp-content\/uploads\/2021\/03\/2012-1024x683.jpg\" alt=\"\" data-id=\"11829\" data-full-url=\"https:\/\/dia.edu.az\/wp-content\/uploads\/2021\/03\/2012-scaled.jpg\" data-link=\"https:\/\/dia.edu.az\/?attachment_id=11829\" class=\"wp-image-11829\" srcset=\"https:\/\/legacy.dia.edu.az\/wp-content\/uploads\/2021\/03\/2012-1024x683.jpg 1024w, https:\/\/legacy.dia.edu.az\/wp-content\/uploads\/2021\/03\/2012-300x200.jpg 300w, https:\/\/legacy.dia.edu.az\/wp-content\/uploads\/2021\/03\/2012-1536x1024.jpg 1536w, https:\/\/legacy.dia.edu.az\/wp-content\/uploads\/2021\/03\/2012-2048x1365.jpg 2048w, https:\/\/legacy.dia.edu.az\/wp-content\/uploads\/2021\/03\/2012-16x12.jpg 16w, https:\/\/legacy.dia.edu.az\/wp-content\/uploads\/2021\/03\/2012-150x100.jpg 150w, https:\/\/legacy.dia.edu.az\/wp-content\/uploads\/2021\/03\/2012-300x200@2x.jpg 600w\" sizes=\"(max-width: 1024px) 100vw, 1024px\" \/><\/figure><\/li><li class=\"blocks-gallery-item\"><figure><img width=\"1024\" height=\"683\" src=\"https:\/\/dia.edu.az\/wp-content\/uploads\/2021\/03\/201218-1024x683.jpg\" alt=\"\" data-id=\"11830\" data-full-url=\"https:\/\/dia.edu.az\/wp-content\/uploads\/2021\/03\/201218-scaled.jpg\" data-link=\"https:\/\/dia.edu.az\/?attachment_id=11830\" class=\"wp-image-11830\" srcset=\"https:\/\/legacy.dia.edu.az\/wp-content\/uploads\/2021\/03\/201218-1024x683.jpg 1024w, https:\/\/legacy.dia.edu.az\/wp-content\/uploads\/2021\/03\/201218-300x200.jpg 300w, https:\/\/legacy.dia.edu.az\/wp-content\/uploads\/2021\/03\/201218-1536x1024.jpg 1536w, https:\/\/legacy.dia.edu.az\/wp-content\/uploads\/2021\/03\/201218-2048x1365.jpg 2048w, https:\/\/legacy.dia.edu.az\/wp-content\/uploads\/2021\/03\/201218-16x12.jpg 16w, https:\/\/legacy.dia.edu.az\/wp-content\/uploads\/2021\/03\/201218-150x100.jpg 150w, https:\/\/legacy.dia.edu.az\/wp-content\/uploads\/2021\/03\/201218-300x200@2x.jpg 600w\" sizes=\"(max-width: 1024px) 100vw, 1024px\" \/><\/figure><\/li><\/ul><\/figure>","protected":false},"excerpt":{"rendered":"<p>D\u00f6vl\u0259t \u0130dar\u0259\u00e7ilik Akademiyas\u0131nda \u201c\u0130qtisadi islahatlar\u0131n strateji idar\u0259edilm\u0259si: n\u0259tic\u0259l\u0259r v\u0259 perspektivl\u0259r\u201d m\u00f6vzusunda ictimai m\u00fchazir\u0259 dinl\u0259nilibDek 20 , 2018 &#8211; 04:34 Az\u0259rbaycan Respublikas\u0131n\u0131n Prezidenti yan\u0131nda D\u00f6vl\u0259t \u0130dar\u0259\u00e7ilik Akademiyas\u0131 v\u0259 \u0130qtisadi \u0130slahatlar\u0131n T\u0259hlili v\u0259 Kommunikasiya M\u0259rk\u0259zi \u201c\u0130qtisadi islahatlar\u0131n strateji idar\u0259edilm\u0259si: n\u0259tic\u0259l\u0259r v\u0259 perspektivl\u0259r\u201d m\u00f6vzusunda birg\u0259 ictimai m\u00fchazir\u0259 ke\u00e7irib. \u0130ctimai m\u00fchazir\u0259nin \u0259sas m\u0259qs\u0259di \u00f6lk\u0259nin inkluziv inki\u015faf\u0131, elektron h\u00f6k\u00fcm\u0259tin inki\u015faf\u0131 [&hellip;]<\/p>","protected":false},"author":2,"featured_media":11826,"comment_status":"closed","ping_status":"closed","sticky":false,"template":"","format":"standard","meta":[],"categories":[137],"tags":[],"_links":{"self":[{"href":"https:\/\/legacy.dia.edu.az\/ru\/wp-json\/wp\/v2\/posts\/11825"}],"collection":[{"href":"https:\/\/legacy.dia.edu.az\/ru\/wp-json\/wp\/v2\/posts"}],"about":[{"href":"https:\/\/legacy.dia.edu.az\/ru\/wp-json\/wp\/v2\/types\/post"}],"author":[{"embeddable":true,"href":"https:\/\/legacy.dia.edu.az\/ru\/wp-json\/wp\/v2\/users\/2"}],"replies":[{"embeddable":true,"href":"https:\/\/legacy.dia.edu.az\/ru\/wp-json\/wp\/v2\/comments?post=11825"}],"version-history":[{"count":0,"href":"https:\/\/legacy.dia.edu.az\/ru\/wp-json\/wp\/v2\/posts\/11825\/revisions"}],"wp:featuredmedia":[{"embeddable":true,"href":"https:\/\/legacy.dia.edu.az\/ru\/wp-json\/wp\/v2\/media\/11826"}],"wp:attachment":[{"href":"https:\/\/legacy.dia.edu.az\/ru\/wp-json\/wp\/v2\/media?parent=11825"}],"wp:term":[{"taxonomy":"category","embeddable":true,"href":"https:\/\/legacy.dia.edu.az\/ru\/wp-json\/wp\/v2\/categories?post=11825"},{"taxonomy":"post_tag","embeddable":true,"href":"https:\/\/legacy.dia.edu.az\/ru\/wp-json\/wp\/v2\/tags?post=11825"}],"curies":[{"name":"wp","href":"https:\/\/api.w.org\/{rel}","templated":true}]}}