{"id":11796,"date":"2019-02-20T20:36:00","date_gmt":"2019-02-20T17:36:00","guid":{"rendered":"https:\/\/dia.edu.az\/?p=11796"},"modified":"2021-03-14T20:37:39","modified_gmt":"2021-03-14T17:37:39","slug":"xocali-soyqirimi-insanliga-b%c9%99s%c9%99riyy%c9%99t%c9%99-qarsi-d%c9%99hs%c9%99tli-cinay%c9%99tdir","status":"publish","type":"post","link":"https:\/\/legacy.dia.edu.az\/ru\/arxivl\u0259r\/11796","title":{"rendered":"Xocal\u0131 soyq\u0131r\u0131m\u0131 insanl\u0131\u011fa, b\u0259\u015f\u0259riyy\u0259t\u0259 qar\u015f\u0131 d\u0259h\u015f\u0259tli cinay\u0259tdir"},"content":{"rendered":"<p><strong>Xocal\u0131 soyq\u0131r\u0131m\u0131 insanl\u0131\u011fa, b\u0259\u015f\u0259riyy\u0259t\u0259 qar\u015f\u0131 d\u0259h\u015f\u0259tli cinay\u0259tdir<\/strong><br><em>Fev 20 , 2019 &#8211; 03:40<\/em><\/p>\n\n\n\n<p>Fevral\u0131n 20-d\u0259 Az\u0259rbaycan Respublikas\u0131n\u0131n Prezidenti yan\u0131nda D\u00f6vl\u0259t \u0130dar\u0259\u00e7ilik Akademiyas\u0131nda (D\u0130A) Xocal\u0131 soyq\u0131r\u0131m\u0131n\u0131n 27-ci ild\u00f6n\u00fcm\u00fcn\u0259 h\u0259sr olunan t\u0259dbir ke\u00e7irilib.<\/p>\n\n\n\n<p>\u018fvv\u0259lc\u0259 Xocal\u0131 faci\u0259si qurbanlar\u0131n\u0131n xatir\u0259si an\u0131l\u0131b.<\/p>\n\n\n\n<p>T\u0259dbird\u0259 \u00e7\u0131x\u0131\u015f ed\u0259n D\u0130A-n\u0131n rektoru, akademik Urxan \u018fl\u0259kb\u0259rov 1992-ci il fevral\u0131n 25-d\u0259n 26-na ke\u00e7\u0259n gec\u0259 q\u0259sbkar erm\u0259nil\u0259rin ke\u00e7mi\u015f sovet ordusunun 366-c\u0131 motoat\u0131c\u0131 alay\u0131n\u0131n zirehli texnikas\u0131 v\u0259 h\u0259rbi hey\u0259tinin k\u00f6m\u0259yil\u0259 Az\u0259rbaycan xalq\u0131na qar\u015f\u0131 qanl\u0131 t\u0259cav\u00fcz\u0259 \u0259l ataraq misli g\u00f6r\u00fcnm\u0259mi\u015f soyq\u0131r\u0131m\u0131 t\u00f6r\u0259tdiyini diqq\u0259t\u0259 \u00e7atd\u0131r\u0131b.<\/p>\n\n\n\n<p>Qeyd olunub ki, bu faci\u0259 t\u0259kc\u0259 xocal\u0131l\u0131lara qar\u015f\u0131 deyil, t\u00fcrk d\u00fcnyas\u0131na, insanl\u0131\u011fa, b\u0259\u015f\u0259riyy\u0259t\u0259 qar\u015f\u0131 d\u0259h\u015f\u0259tli cinay\u0259tdir. Soyq\u0131r\u0131m\u0131 n\u0259tic\u0259sind\u0259 613 n\u0259f\u0259r, o c\u00fcml\u0259d\u0259n 106 qad\u0131n, 63 u\u015faq v\u0259 70 qoca q\u0259tl\u0259 yetirilib, 8 ail\u0259 tamamil\u0259 m\u0259hv edilib, 25 u\u015faq h\u0259r iki valideynini, 130 u\u015faq is\u0259 valideynl\u0259rind\u0259n birini itirib. Faci\u0259 ba\u015f ver\u0259n gec\u0259 1275 n\u0259f\u0259r dinc sakin \u0259sir g\u00f6t\u00fcr\u00fcl\u00fcb, onlardan 150 n\u0259f\u0259rin taleyi indi d\u0259 m\u0259lum deyil.<\/p>\n\n\n\n<p>Vur\u011fulan\u0131b ki, bu faci\u0259y\u0259 ilk d\u0259f\u0259 h\u00fcquqi-siyasi qiym\u0259t yaln\u0131z ulu \u00f6nd\u0259r Heyd\u0259r \u018fliyevin Az\u0259rbaycanda siyasi hakimiyy\u0259t\u0259 qay\u0131d\u0131\u015f\u0131ndan sonra verilib. Xocal\u0131 soyq\u0131r\u0131m\u0131 bar\u0259d\u0259 d\u00fcnya ictimaiyy\u0259tinin m\u0259lumatland\u0131r\u0131lmas\u0131nda d\u00f6vl\u0259t strukturlar\u0131 il\u0259 yana\u015f\u0131, ictimai birlikl\u0259r, v\u0259t\u0259nda\u015f c\u0259miyy\u0259ti institutlar\u0131 da m\u00fch\u00fcm rol oynay\u0131r.<\/p>\n\n\n\n<p>Rektor Xocal\u0131 soyq\u0131r\u0131m\u0131n\u0131n d\u00fcnyada tan\u0131d\u0131lmas\u0131 istiqam\u0259tind\u0259 Heyd\u0259r \u018fliyev Fondunun rolundan b\u0259hs edib. Bildirilib ki, Fondun vitse-prezidenti Leyla \u018fliyevan\u0131n t\u0259\u015f\u0259bb\u00fcs\u00fc il\u0259 ke\u00e7iril\u0259n \u201cXocal\u0131ya \u0259dal\u0259t!\u201d beyn\u0259lxalq t\u0259bli\u011fat-t\u0259\u015fviqat kampaniyas\u0131 \u00e7\u0259r\u00e7iv\u0259sind\u0259 bu qanl\u0131 faci\u0259 il\u0259 ba\u011fl\u0131 h\u0259qiq\u0259tl\u0259r d\u00fcnya ictimaiyy\u0259tin\u0259 \u00e7atd\u0131r\u0131l\u0131r.<\/p>\n\n\n\n<p>Milli M\u0259clisin deputat\u0131 Elman M\u0259mm\u0259dov, D\u0130A-n\u0131n siyasi idar\u0259etm\u0259 fak\u00fclt\u0259sinin dekan\u0131, Qaraba\u011f Ara\u015fd\u0131rmalar M\u0259rk\u0259zinin m\u00fcdiri, siyasi elml\u0259r doktoru, professor El\u00e7in \u018fhm\u0259dov, tarix kafedras\u0131n\u0131n m\u00fcdiri, dosent Firdovsiyy\u0259 \u018fhm\u0259dova, professor H\u0259vva M\u0259mm\u0259dova v\u0259 dig\u0259r \u00e7\u0131x\u0131\u015f ed\u0259nl\u0259r Xocal\u0131 soyq\u0131r\u0131m\u0131n\u0131 xalq\u0131m\u0131za qar\u015f\u0131 t\u00f6r\u0259dilmi\u015f d\u0259h\u015f\u0259tli cinay\u0259t oldu\u011funu bildiribl\u0259r.<\/p>\n\n\n\n<p>\u00c7\u0131x\u0131\u015f ed\u0259nl\u0259r bu d\u0259h\u015f\u0259tli faci\u0259 bar\u0259d\u0259 d\u00fcnya ictimaiyy\u0259tin\u0259 daha \u0259trafl\u0131 m\u0259lumatlar\u0131n verilm\u0259sinin vacibliyini vur\u011fulay\u0131blar.<\/p>\n\n\n\n<figure class=\"wp-container-2 wp-block-gallery-1 wp-block-gallery columns-3 is-cropped\"><ul class=\"blocks-gallery-grid\"><li class=\"blocks-gallery-item\"><figure><img width=\"640\" height=\"457\" src=\"https:\/\/dia.edu.az\/wp-content\/uploads\/2021\/03\/AAA_7030.jpg\" alt=\"\" data-id=\"11797\" data-full-url=\"https:\/\/dia.edu.az\/wp-content\/uploads\/2021\/03\/AAA_7030.jpg\" data-link=\"https:\/\/dia.edu.az\/?attachment_id=11797\" class=\"wp-image-11797\" srcset=\"https:\/\/legacy.dia.edu.az\/wp-content\/uploads\/2021\/03\/AAA_7030.jpg 640w, https:\/\/legacy.dia.edu.az\/wp-content\/uploads\/2021\/03\/AAA_7030-300x214.jpg 300w, https:\/\/legacy.dia.edu.az\/wp-content\/uploads\/2021\/03\/AAA_7030-16x12.jpg 16w, https:\/\/legacy.dia.edu.az\/wp-content\/uploads\/2021\/03\/AAA_7030-300x214@2x.jpg 600w\" sizes=\"(max-width: 640px) 100vw, 640px\" \/><\/figure><\/li><li class=\"blocks-gallery-item\"><figure><img width=\"640\" height=\"424\" src=\"https:\/\/dia.edu.az\/wp-content\/uploads\/2021\/03\/AAA_7035.jpg\" alt=\"\" data-id=\"11798\" data-full-url=\"https:\/\/dia.edu.az\/wp-content\/uploads\/2021\/03\/AAA_7035.jpg\" data-link=\"https:\/\/dia.edu.az\/?attachment_id=11798\" class=\"wp-image-11798\" srcset=\"https:\/\/legacy.dia.edu.az\/wp-content\/uploads\/2021\/03\/AAA_7035.jpg 640w, https:\/\/legacy.dia.edu.az\/wp-content\/uploads\/2021\/03\/AAA_7035-300x199.jpg 300w, https:\/\/legacy.dia.edu.az\/wp-content\/uploads\/2021\/03\/AAA_7035-16x12.jpg 16w, https:\/\/legacy.dia.edu.az\/wp-content\/uploads\/2021\/03\/AAA_7035-150x100.jpg 150w, https:\/\/legacy.dia.edu.az\/wp-content\/uploads\/2021\/03\/AAA_7035-300x199@2x.jpg 600w\" sizes=\"(max-width: 640px) 100vw, 640px\" \/><\/figure><\/li><li class=\"blocks-gallery-item\"><figure><img width=\"640\" height=\"424\" src=\"https:\/\/dia.edu.az\/wp-content\/uploads\/2021\/03\/AAA_7039.jpg\" alt=\"\" data-id=\"11799\" data-full-url=\"https:\/\/dia.edu.az\/wp-content\/uploads\/2021\/03\/AAA_7039.jpg\" data-link=\"https:\/\/dia.edu.az\/?attachment_id=11799\" class=\"wp-image-11799\" srcset=\"https:\/\/legacy.dia.edu.az\/wp-content\/uploads\/2021\/03\/AAA_7039.jpg 640w, https:\/\/legacy.dia.edu.az\/wp-content\/uploads\/2021\/03\/AAA_7039-300x199.jpg 300w, https:\/\/legacy.dia.edu.az\/wp-content\/uploads\/2021\/03\/AAA_7039-16x12.jpg 16w, https:\/\/legacy.dia.edu.az\/wp-content\/uploads\/2021\/03\/AAA_7039-150x100.jpg 150w, https:\/\/legacy.dia.edu.az\/wp-content\/uploads\/2021\/03\/AAA_7039-300x199@2x.jpg 600w\" sizes=\"(max-width: 640px) 100vw, 640px\" \/><\/figure><\/li><li class=\"blocks-gallery-item\"><figure><img width=\"640\" height=\"424\" src=\"https:\/\/dia.edu.az\/wp-content\/uploads\/2021\/03\/AAA_7044.jpg\" alt=\"\" data-id=\"11800\" data-full-url=\"https:\/\/dia.edu.az\/wp-content\/uploads\/2021\/03\/AAA_7044.jpg\" data-link=\"https:\/\/dia.edu.az\/?attachment_id=11800\" class=\"wp-image-11800\" srcset=\"https:\/\/legacy.dia.edu.az\/wp-content\/uploads\/2021\/03\/AAA_7044.jpg 640w, https:\/\/legacy.dia.edu.az\/wp-content\/uploads\/2021\/03\/AAA_7044-300x199.jpg 300w, https:\/\/legacy.dia.edu.az\/wp-content\/uploads\/2021\/03\/AAA_7044-16x12.jpg 16w, https:\/\/legacy.dia.edu.az\/wp-content\/uploads\/2021\/03\/AAA_7044-150x100.jpg 150w, https:\/\/legacy.dia.edu.az\/wp-content\/uploads\/2021\/03\/AAA_7044-300x199@2x.jpg 600w\" sizes=\"(max-width: 640px) 100vw, 640px\" \/><\/figure><\/li><li class=\"blocks-gallery-item\"><figure><img width=\"640\" height=\"424\" src=\"https:\/\/dia.edu.az\/wp-content\/uploads\/2021\/03\/AAA_7047.jpg\" alt=\"\" data-id=\"11801\" data-full-url=\"https:\/\/dia.edu.az\/wp-content\/uploads\/2021\/03\/AAA_7047.jpg\" data-link=\"https:\/\/dia.edu.az\/?attachment_id=11801\" class=\"wp-image-11801\" srcset=\"https:\/\/legacy.dia.edu.az\/wp-content\/uploads\/2021\/03\/AAA_7047.jpg 640w, https:\/\/legacy.dia.edu.az\/wp-content\/uploads\/2021\/03\/AAA_7047-300x199.jpg 300w, https:\/\/legacy.dia.edu.az\/wp-content\/uploads\/2021\/03\/AAA_7047-16x12.jpg 16w, https:\/\/legacy.dia.edu.az\/wp-content\/uploads\/2021\/03\/AAA_7047-150x100.jpg 150w, https:\/\/legacy.dia.edu.az\/wp-content\/uploads\/2021\/03\/AAA_7047-300x199@2x.jpg 600w\" sizes=\"(max-width: 640px) 100vw, 640px\" \/><\/figure><\/li><li class=\"blocks-gallery-item\"><figure><img width=\"640\" height=\"424\" src=\"https:\/\/dia.edu.az\/wp-content\/uploads\/2021\/03\/AAA_7048.jpg\" alt=\"\" data-id=\"11802\" data-full-url=\"https:\/\/dia.edu.az\/wp-content\/uploads\/2021\/03\/AAA_7048.jpg\" data-link=\"https:\/\/dia.edu.az\/?attachment_id=11802\" class=\"wp-image-11802\" srcset=\"https:\/\/legacy.dia.edu.az\/wp-content\/uploads\/2021\/03\/AAA_7048.jpg 640w, https:\/\/legacy.dia.edu.az\/wp-content\/uploads\/2021\/03\/AAA_7048-300x199.jpg 300w, https:\/\/legacy.dia.edu.az\/wp-content\/uploads\/2021\/03\/AAA_7048-16x12.jpg 16w, https:\/\/legacy.dia.edu.az\/wp-content\/uploads\/2021\/03\/AAA_7048-150x100.jpg 150w, https:\/\/legacy.dia.edu.az\/wp-content\/uploads\/2021\/03\/AAA_7048-300x199@2x.jpg 600w\" sizes=\"(max-width: 640px) 100vw, 640px\" \/><\/figure><\/li><\/ul><\/figure>","protected":false},"excerpt":{"rendered":"<p>Xocal\u0131 soyq\u0131r\u0131m\u0131 insanl\u0131\u011fa, b\u0259\u015f\u0259riyy\u0259t\u0259 qar\u015f\u0131 d\u0259h\u015f\u0259tli cinay\u0259tdirFev 20 , 2019 &#8211; 03:40 Fevral\u0131n 20-d\u0259 Az\u0259rbaycan Respublikas\u0131n\u0131n Prezidenti yan\u0131nda D\u00f6vl\u0259t \u0130dar\u0259\u00e7ilik Akademiyas\u0131nda (D\u0130A) Xocal\u0131 soyq\u0131r\u0131m\u0131n\u0131n 27-ci ild\u00f6n\u00fcm\u00fcn\u0259 h\u0259sr olunan t\u0259dbir ke\u00e7irilib. \u018fvv\u0259lc\u0259 Xocal\u0131 faci\u0259si qurbanlar\u0131n\u0131n xatir\u0259si an\u0131l\u0131b. T\u0259dbird\u0259 \u00e7\u0131x\u0131\u015f ed\u0259n D\u0130A-n\u0131n rektoru, akademik Urxan \u018fl\u0259kb\u0259rov 1992-ci il fevral\u0131n 25-d\u0259n 26-na ke\u00e7\u0259n gec\u0259 q\u0259sbkar erm\u0259nil\u0259rin ke\u00e7mi\u015f sovet [&hellip;]<\/p>","protected":false},"author":2,"featured_media":11797,"comment_status":"closed","ping_status":"closed","sticky":false,"template":"","format":"standard","meta":[],"categories":[137],"tags":[],"_links":{"self":[{"href":"https:\/\/legacy.dia.edu.az\/ru\/wp-json\/wp\/v2\/posts\/11796"}],"collection":[{"href":"https:\/\/legacy.dia.edu.az\/ru\/wp-json\/wp\/v2\/posts"}],"about":[{"href":"https:\/\/legacy.dia.edu.az\/ru\/wp-json\/wp\/v2\/types\/post"}],"author":[{"embeddable":true,"href":"https:\/\/legacy.dia.edu.az\/ru\/wp-json\/wp\/v2\/users\/2"}],"replies":[{"embeddable":true,"href":"https:\/\/legacy.dia.edu.az\/ru\/wp-json\/wp\/v2\/comments?post=11796"}],"version-history":[{"count":0,"href":"https:\/\/legacy.dia.edu.az\/ru\/wp-json\/wp\/v2\/posts\/11796\/revisions"}],"wp:featuredmedia":[{"embeddable":true,"href":"https:\/\/legacy.dia.edu.az\/ru\/wp-json\/wp\/v2\/media\/11797"}],"wp:attachment":[{"href":"https:\/\/legacy.dia.edu.az\/ru\/wp-json\/wp\/v2\/media?parent=11796"}],"wp:term":[{"taxonomy":"category","embeddable":true,"href":"https:\/\/legacy.dia.edu.az\/ru\/wp-json\/wp\/v2\/categories?post=11796"},{"taxonomy":"post_tag","embeddable":true,"href":"https:\/\/legacy.dia.edu.az\/ru\/wp-json\/wp\/v2\/tags?post=11796"}],"curies":[{"name":"wp","href":"https:\/\/api.w.org\/{rel}","templated":true}]}}