{"id":11769,"date":"2019-03-12T20:25:00","date_gmt":"2019-03-12T17:25:00","guid":{"rendered":"https:\/\/dia.edu.az\/?p=11769"},"modified":"2021-03-14T20:29:28","modified_gmt":"2021-03-14T17:29:28","slug":"muasir-dovl%c9%99t-idar%c9%99ciliyinin-t%c9%99skilati-%c9%99saslari15-il-innovativ-inkisaf-yollarinda","status":"publish","type":"post","link":"https:\/\/legacy.dia.edu.az\/ru\/arxivl\u0259r\/11769","title":{"rendered":"M\u00fcasir d\u00f6vl\u0259t idar\u0259\u00e7iliyinin t\u0259\u015fkilati \u0259saslari:15 il innovativ inki\u015faf yollarinda"},"content":{"rendered":"<p><strong>M\u00fcasir d\u00f6vl\u0259t idar\u0259\u00e7iliyinin t\u0259\u015fkilati \u0259saslari:15 il innovativ inki\u015faf yollarinda<\/strong><br><em>Mart 12 , 2019 &#8211; 12:01<\/em><\/p>\n\n\n\n<p>Mart\u0131n 11-d\u0259 Sabirabad rayonunda Az\u0259rbaycan Respublikas\u0131n\u0131n Prezidenti yan\u0131nda D\u00f6vl\u0259t \u0130dar\u0259\u00e7ilik Akademiyas\u0131, Az\u0259rbaycan Respublikas\u0131n\u0131n Prezidenti yan\u0131nda V\u0259t\u0259nda\u015flara Xidm\u0259t v\u0259 Sosial \u0130nnovasiyalar \u00fczr\u0259 D\u00f6vl\u0259t Agentliyi v\u0259 Sabirabad rayon \u0130cra Hakimiyy\u0259tinin birg\u0259 t\u0259\u015fkilat\u00e7\u0131l\u0131\u011f\u0131 il\u0259 s\u0259yyar seminar ke\u00e7irilib.<\/p>\n\n\n\n<p>Seminarda Az\u0259rbaycan Respublikas\u0131n\u0131n Prezidenti yan\u0131nda D\u00f6vl\u0259t \u0130dar\u0259\u00e7ilik Akademiyas\u0131n\u0131n rektoru, akademik Urxan \u018fl\u0259kb\u0259rov \u201cD\u00f6vl\u0259t idar\u0259\u00e7iliyind\u0259 innovativ texnologiyalar: Az\u0259rbaycan\u0131n t\u0259cr\u00fcb\u0259si\u201d&nbsp; m\u00f6vzusunda m\u0259ruz\u0259 il\u0259 \u00e7\u0131x\u0131\u015f edib. M\u0259ruz\u0259d\u0259 bildirilib ki, Az\u0259rbaycan Respublikas\u0131 m\u00fcst\u0259qilliyini yaln\u0131z 28 il \u00f6nc\u0259 b\u0259rpa etm\u0259sin\u0259 baxmayaraq, q\u0131sa d\u00f6n\u0259md\u0259 inkl\u00fcziv v\u0259 davaml\u0131 inki\u015faf siyas\u0259ti realla\u015fd\u0131rma\u011fa m\u00fcv\u0259ff\u0259q olub. Beyn\u0259lxalq qurumlar v\u0259 m\u00fcst\u0259qil ekspertl\u0259rin s\u0259n\u0259dl\u0259ri bu fakt\u0131n a\u015fkar t\u0259sdiqidir. M\u0259ruz\u0259d\u0259 beyn\u0259lxalq t\u0259\u015fkilatlar t\u0259r\u0259find\u0259n 2017-2018-ci ill\u0259rd\u0259 d\u0259rc edilmi\u015f r\u0259smi statistik bilgil\u0259r t\u0259hlil olunub. Qeyd edilib ki, \u00dcmummili lider Heyd\u0259r \u018fliyev t\u0259r\u0259find\u0259n \u0259sas\u0131 qoyulmu\u015f v\u0259 Prezident \u0130lham \u018fliyevin u\u011furla inki\u015faf etdirdiyi innovativ idar\u0259etm\u0259 texnologiyalar\u0131n\u0131n n\u0259z\u0259ri \u0259saslar\u0131n\u0131n i\u015fl\u0259nilm\u0259si, onlar\u0131n t\u0259cr\u00fcb\u0259d\u0259 t\u0259tbiqi n\u0259tic\u0259sind\u0259 bir s\u0131ra iqtisadi v\u0259 sosial g\u00f6st\u0259ricil\u0259rin\u0259 g\u00f6r\u0259, m\u00fcasir Az\u0259rbaycan Respublikas\u0131 haz\u0131rda y\u00fcz illik tarixi olan v\u0259 d\u00fcnya liderl\u0259ri say\u0131lan \u00f6lk\u0259l\u0259rl\u0259 r\u0259qab\u0259t aparmaq durumundad\u0131r. Seminar i\u015ftirak\u00e7\u0131lar\u0131 Az\u0259rbaycanda t\u0259tbiq edil\u0259n v\u0259 d\u00fcnya miqyas\u0131nda ilk d\u0259f\u0259 i\u015fl\u0259nilmi\u015f sinergetik, komplimentar v\u0259 kompensasion texnologiyalar\u0131n mahiyy\u0259ti bar\u0259d\u0259 m\u0259lumatland\u0131r\u0131l\u0131blar. S\u00f6z\u00fcged\u0259n texnologiyalar\u0131n i\u015fl\u0259nilm\u0259si v\u0259 h\u0259yata ke\u00e7irilm\u0259si prosesind\u0259 \u00f6lk\u0259nin birinci Vitse-Prezidenti Mehriban xan\u0131m \u018fliyeva v\u0259 onun r\u0259hb\u0259rlik etdiyi Heyd\u0259r \u018fliyev Fondunun&nbsp; x\u00fcsusi rolu oldu\u011fu diqq\u0259t\u0259 \u00e7atd\u0131r\u0131l\u0131b. Bildirilib ki, m\u0259hz d\u00f6vl\u0259t ba\u015f\u00e7\u0131s\u0131n\u0131n t\u0259tbiq etdiyi idar\u0259\u00e7ilik texnologiyalar\u0131 say\u0259sind\u0259 2018-ci ilin yanvar\u0131nda ba\u015f tutan Davos \u0130qtisadi Forumunun hesabat\u0131nda inkl\u00fcziv inki\u015faf indeksin\u0259 g\u00f6r\u0259, Az\u0259rbaycan d\u00fcnyada \u00fc\u00e7\u00fcnc\u00fc yerd\u0259 q\u0259rarla\u015faraq iqtisadi imkanlar\u0131 daha y\u00fcks\u0259k olan \u00f6lk\u0259l\u0259rin \u00e7oxunu gerid\u0259 qoyub. H\u0259min \u00f6lk\u0259l\u0259r s\u0131ras\u0131nda inki\u015faf etmi\u015f Avropa \u0130ttifaq\u0131 d\u00f6vl\u0259tl\u0259ri d\u0259 var. Bu v\u0259 b\u0259nz\u0259r t\u0259qdir\u0259layiq n\u0259tic\u0259l\u0259rin \u00f6lk\u0259nin s\u0259m\u0259r\u0259li idar\u0259 olunmas\u0131 v\u0259 iqtisadi imkanlardan maksimum istifad\u0259 edilm\u0259sind\u0259n x\u0259b\u0259r verdiyi x\u00fcsusi vur\u011fulan\u0131b.&nbsp;&nbsp;<\/p>\n\n\n\n<p>Mill\u0259t v\u0259kili, Az\u0259rbaycan Respublikas\u0131n\u0131n Prezidenti yan\u0131nda D\u00f6vl\u0259t \u0130dar\u0259\u00e7ilik Akademiyas\u0131n\u0131n Siyasi Ara\u015fd\u0131rmalar \u0130nstitutunun direktoru, professor&nbsp; Elman N\u0259sirov \u201cD\u00fcnyada v\u0259&nbsp; b\u00f6lg\u0259d\u0259 yeni t\u0259hl\u00fck\u0259sizlik m\u00fchitinin formala\u015fmas\u0131na Az\u0259rbaycan Respublikas\u0131n\u0131n t\u00f6hf\u0259si\u201d m\u00f6vzusunda m\u0259ruz\u0259sind\u0259 \u00f6lk\u0259nin i\u015f\u011fal\u00e7\u0131l\u0131q siyas\u0259tinin qurban\u0131 olmas\u0131na baxmayaraq b\u00f6lg\u0259d\u0259 v\u0259 b\u00fct\u00fcnl\u00fckd\u0259 d\u00fcnyada t\u0259hlk\u0259sizliyin etibarl\u0131 t\u0259minat\u0131na y\u00f6n\u0259lik siyas\u0259t yeritdiyin\u0259 diqq\u0259t \u00e7\u0259kib. Vur\u011fulan\u0131b ki, hal \u2013 haz\u0131rda m\u00fcst\u0259qil Az\u0259rbaycan \u00f6z\u00fcn\u00fcn s\u00fclhp\u0259rv\u0259r m\u00f6vqeyi, qon\u015fu, region v\u0259 b\u00fct\u00f6vl\u00fckd\u0259 \u0259m\u0259kda\u015fl\u0131\u011fa meylli olan b\u00fct\u00fcn d\u00f6vl\u0259tl\u0259rl\u0259 etibarl\u0131 \u0259laq\u0259l\u0259rinin s\u0259viyy\u0259si, h\u0259m\u00e7inin y\u00fcks\u0259k siyasi, iqtisadi, inki\u015faf potensial\u0131 il\u0259 d\u00fcnya d\u00f6vl\u0259tl\u0259ri aras\u0131nda r\u0259\u011fb\u0259t v\u0259 d\u0259st\u0259k qazanmaqda davam edir v\u0259 t\u0259rkib hiss\u0259si oldu\u011fu regionun stabil inki\u015faf\u0131 v\u0259 t\u0259hl\u00fck\u0259sizliyinin t\u0259minat\u0131nda \u00fcz\u0259rin\u0259 d\u00fc\u015f\u0259n rolu u\u011furla yerin\u0259 yetirir. &nbsp;<\/p>\n\n\n\n<p>\u201cD\u00f6vl\u0259t qullu\u011funda innovasiyalar\u0131n yeni m\u0259rh\u0259l\u0259si\u201d m\u00f6vzusunda m\u0259ruz\u0259 il\u0259 \u00e7\u0131x\u0131\u015f ed\u0259n Az\u0259rbaycan Respublikas\u0131n\u0131n Prezidenti yan\u0131nda D\u00f6vl\u0259t \u0130dar\u0259\u00e7ilik Akademiyas\u0131n\u0131n Elmi t\u0259\u015fkilat v\u0259 beyn\u0259lxalq \u0259laq\u0259l\u0259r \u015f\u00f6b\u0259sinin m\u00fcdiri, dosent R\u0259c\u0259b R\u0259himli n\u00fcv\u0259sinin d\u00f6vl\u0259t qullu\u011fu oldu\u011fu d\u00f6vl\u0259t idar\u0259\u00e7iliyind\u0259 innovasiyalar\u0131n t\u0259tbiqinin yeni d\u00f6vl\u0259t\u00e7iliyin inki\u015faf\u0131 strategiyas\u0131 il\u0259 ba\u011fl\u0131l\u0131\u011f\u0131ndan b\u0259hs edib. Qeyd edilib ki, haz\u0131rda \u00f6lk\u0259mizd\u0259 innovasiyalar\u0131n t\u0259tbiqi gedi\u015find\u0259 s\u0259m\u0259r\u0259li texnologiyalar, t\u0259\u015fkilati formalar\u0131n, potensial u\u011furlu layih\u0259l\u0259rin, innovativ idar\u0259etm\u0259 al\u0259tl\u0259rinin se\u00e7imin\u0259 x\u00fcsusi diqq\u0259t yetirilir. Natiq bunun say\u0259sind\u0259 Az\u0259rbaycanda d\u00f6vl\u0259t qulluq\u00e7ular\u0131n\u0131n f\u0259aliyy\u0259tinin \u00f6lk\u0259nin inki\u015faf\u0131nda, v\u0259t\u0259nda\u015flar\u0131n rifah\u0131n\u0131n y\u00fcks\u0259lm\u0259sind\u0259&nbsp; t\u0259zah\u00fcr\u00fcn\u00fc tapd\u0131\u011f\u0131n\u0131 v\u00fcr\u011fulay\u0131b. Eyni zamanda bildirilib ki, d\u00f6vl\u0259t qullu\u011funun t\u0259\u015fkili \u00e7\u0259r\u00e7iv\u0259sind\u0259 realla\u015fd\u0131r\u0131lan \u0259sasl\u0131 d\u0259yi\u015fiklikl\u0259r, t\u0259tbiq edil\u0259n yeni innovativ yana\u015fma v\u0259 t\u0259\u015f\u0259bb\u00fcsl\u0259r bu institutun n\u00fcfuzunun daha da artmas\u0131na imkan yaradacaq v\u0259 Az\u0259rbaycan\u0131n yeni u\u011furlar\u0131na qap\u0131 a\u00e7acaq.<\/p>\n\n\n\n<p>Seminar\u0131n yekununda i\u015ftirk\u00e7\u0131lar\u0131n suallar\u0131 cavabland\u0131r\u0131l\u0131b.<\/p>\n\n\n\n<div class=\"wp-container-7 wp-block-group\"><div class=\"wp-block-group__inner-container\">\n<div class=\"wp-container-6 wp-block-columns are-vertically-aligned-bottom\">\n<div class=\"wp-container-5 wp-block-column is-vertically-aligned-bottom\" style=\"flex-basis:100%\">\n<div class=\"wp-container-4 wp-block-columns\">\n<div class=\"wp-container-3 wp-block-column\" style=\"flex-basis:100%\">\n<figure class=\"wp-container-2 wp-block-gallery-1 wp-block-gallery columns-2 is-cropped\"><ul class=\"blocks-gallery-grid\"><li class=\"blocks-gallery-item\"><figure><img width=\"640\" height=\"425\" src=\"https:\/\/dia.edu.az\/wp-content\/uploads\/2021\/03\/12.03-1.jpg\" alt=\"\" data-id=\"11773\" data-full-url=\"https:\/\/dia.edu.az\/wp-content\/uploads\/2021\/03\/12.03-1.jpg\" data-link=\"https:\/\/dia.edu.az\/?attachment_id=11773\" class=\"wp-image-11773\" srcset=\"https:\/\/legacy.dia.edu.az\/wp-content\/uploads\/2021\/03\/12.03-1.jpg 640w, https:\/\/legacy.dia.edu.az\/wp-content\/uploads\/2021\/03\/12.03-1-300x199.jpg 300w, https:\/\/legacy.dia.edu.az\/wp-content\/uploads\/2021\/03\/12.03-1-16x12.jpg 16w, https:\/\/legacy.dia.edu.az\/wp-content\/uploads\/2021\/03\/12.03-1-150x100.jpg 150w, https:\/\/legacy.dia.edu.az\/wp-content\/uploads\/2021\/03\/12.03-1-300x199@2x.jpg 600w\" sizes=\"(max-width: 640px) 100vw, 640px\" \/><\/figure><\/li><li class=\"blocks-gallery-item\"><figure><img width=\"425\" height=\"640\" src=\"https:\/\/dia.edu.az\/wp-content\/uploads\/2021\/03\/1203-1.jpg\" alt=\"\" data-id=\"11774\" data-full-url=\"https:\/\/dia.edu.az\/wp-content\/uploads\/2021\/03\/1203-1.jpg\" data-link=\"https:\/\/dia.edu.az\/?attachment_id=11774\" class=\"wp-image-11774\" srcset=\"https:\/\/legacy.dia.edu.az\/wp-content\/uploads\/2021\/03\/1203-1.jpg 425w, https:\/\/legacy.dia.edu.az\/wp-content\/uploads\/2021\/03\/1203-1-199x300.jpg 199w, https:\/\/legacy.dia.edu.az\/wp-content\/uploads\/2021\/03\/1203-1-8x12.jpg 8w, https:\/\/legacy.dia.edu.az\/wp-content\/uploads\/2021\/03\/1203-1-199x300@2x.jpg 398w\" sizes=\"(max-width: 425px) 100vw, 425px\" \/><\/figure><\/li><li class=\"blocks-gallery-item\"><figure><img width=\"1024\" height=\"680\" src=\"https:\/\/dia.edu.az\/wp-content\/uploads\/2021\/03\/DSC_0007-1-1024x680.jpg\" alt=\"\" data-id=\"11776\" data-full-url=\"https:\/\/dia.edu.az\/wp-content\/uploads\/2021\/03\/DSC_0007-1-scaled.jpg\" data-link=\"https:\/\/dia.edu.az\/?attachment_id=11776\" class=\"wp-image-11776\" srcset=\"https:\/\/legacy.dia.edu.az\/wp-content\/uploads\/2021\/03\/DSC_0007-1-1024x680.jpg 1024w, https:\/\/legacy.dia.edu.az\/wp-content\/uploads\/2021\/03\/DSC_0007-1-300x199.jpg 300w, https:\/\/legacy.dia.edu.az\/wp-content\/uploads\/2021\/03\/DSC_0007-1-1536x1020.jpg 1536w, https:\/\/legacy.dia.edu.az\/wp-content\/uploads\/2021\/03\/DSC_0007-1-2048x1360.jpg 2048w, https:\/\/legacy.dia.edu.az\/wp-content\/uploads\/2021\/03\/DSC_0007-1-16x12.jpg 16w, https:\/\/legacy.dia.edu.az\/wp-content\/uploads\/2021\/03\/DSC_0007-1-150x100.jpg 150w, https:\/\/legacy.dia.edu.az\/wp-content\/uploads\/2021\/03\/DSC_0007-1-300x199@2x.jpg 600w\" sizes=\"(max-width: 1024px) 100vw, 1024px\" \/><\/figure><\/li><\/ul><\/figure>\n<\/div>\n<\/div>\n<\/div>\n<\/div>\n<\/div><\/div>","protected":false},"excerpt":{"rendered":"<p>M\u00fcasir d\u00f6vl\u0259t idar\u0259\u00e7iliyinin t\u0259\u015fkilati \u0259saslari:15 il innovativ inki\u015faf yollarindaMart 12 , 2019 &#8211; 12:01 Mart\u0131n 11-d\u0259 Sabirabad rayonunda Az\u0259rbaycan Respublikas\u0131n\u0131n Prezidenti yan\u0131nda D\u00f6vl\u0259t \u0130dar\u0259\u00e7ilik Akademiyas\u0131, Az\u0259rbaycan Respublikas\u0131n\u0131n Prezidenti yan\u0131nda V\u0259t\u0259nda\u015flara Xidm\u0259t v\u0259 Sosial \u0130nnovasiyalar \u00fczr\u0259 D\u00f6vl\u0259t Agentliyi v\u0259 Sabirabad rayon \u0130cra Hakimiyy\u0259tinin birg\u0259 t\u0259\u015fkilat\u00e7\u0131l\u0131\u011f\u0131 il\u0259 s\u0259yyar seminar ke\u00e7irilib. Seminarda Az\u0259rbaycan Respublikas\u0131n\u0131n Prezidenti yan\u0131nda D\u00f6vl\u0259t \u0130dar\u0259\u00e7ilik [&hellip;]<\/p>","protected":false},"author":2,"featured_media":11774,"comment_status":"closed","ping_status":"closed","sticky":false,"template":"","format":"standard","meta":[],"categories":[137],"tags":[],"_links":{"self":[{"href":"https:\/\/legacy.dia.edu.az\/ru\/wp-json\/wp\/v2\/posts\/11769"}],"collection":[{"href":"https:\/\/legacy.dia.edu.az\/ru\/wp-json\/wp\/v2\/posts"}],"about":[{"href":"https:\/\/legacy.dia.edu.az\/ru\/wp-json\/wp\/v2\/types\/post"}],"author":[{"embeddable":true,"href":"https:\/\/legacy.dia.edu.az\/ru\/wp-json\/wp\/v2\/users\/2"}],"replies":[{"embeddable":true,"href":"https:\/\/legacy.dia.edu.az\/ru\/wp-json\/wp\/v2\/comments?post=11769"}],"version-history":[{"count":0,"href":"https:\/\/legacy.dia.edu.az\/ru\/wp-json\/wp\/v2\/posts\/11769\/revisions"}],"wp:featuredmedia":[{"embeddable":true,"href":"https:\/\/legacy.dia.edu.az\/ru\/wp-json\/wp\/v2\/media\/11774"}],"wp:attachment":[{"href":"https:\/\/legacy.dia.edu.az\/ru\/wp-json\/wp\/v2\/media?parent=11769"}],"wp:term":[{"taxonomy":"category","embeddable":true,"href":"https:\/\/legacy.dia.edu.az\/ru\/wp-json\/wp\/v2\/categories?post=11769"},{"taxonomy":"post_tag","embeddable":true,"href":"https:\/\/legacy.dia.edu.az\/ru\/wp-json\/wp\/v2\/tags?post=11769"}],"curies":[{"name":"wp","href":"https:\/\/api.w.org\/{rel}","templated":true}]}}