{"id":11742,"date":"2019-03-18T19:54:00","date_gmt":"2019-03-18T16:54:00","guid":{"rendered":"https:\/\/dia.edu.az\/?p=11742"},"modified":"2021-03-14T20:08:55","modified_gmt":"2021-03-14T17:08:55","slug":"dovl%c9%99t-idar%c9%99cilik-akademiyasinin-t%c9%99l%c9%99b%c9%99l%c9%99ri-boyuk-avrasiya-sivilizasiyalar-alyansi-nominasiyasinin-qalibi-olublar","status":"publish","type":"post","link":"https:\/\/legacy.dia.edu.az\/ru\/arxivl\u0259r\/11742","title":{"rendered":"D\u00f6vl\u0259t \u0130dar\u0259\u00e7ilik Akademiyas\u0131n\u0131n t\u0259l\u0259b\u0259l\u0259ri \u201cB\u00f6y\u00fck Avrasiya\u2013sivilizasiyalar alyans\u0131\u201d nominasiyas\u0131n\u0131n qalibi olublar"},"content":{"rendered":"<p><strong>D\u00f6vl\u0259t \u0130dar\u0259\u00e7ilik Akademiyas\u0131n\u0131n t\u0259l\u0259b\u0259l\u0259ri \u201cB\u00f6y\u00fck Avrasiya\u2013sivilizasiyalar alyans\u0131\u201d nominasiyas\u0131n\u0131n qalibi olublar<\/strong><br><em>Mart 18 , 2019 &#8211; 09:13<\/em><\/p>\n\n\n\n<p>Az\u0259rbaycan Respublikas\u0131n\u0131n Prezidenti yan\u0131nda D\u00f6vl\u0259t \u0130dar\u0259\u00e7ilik Akademiyas\u0131n\u0131n Inzibati idar\u0259etm\u0259 fak\u00fclt\u0259sinin t\u0259l\u0259b\u0259l\u0259ri Sofya \u018fhm\u0259d v\u0259 Allahverdi M\u0259mm\u0259dov Moskvada ke\u00e7iril\u0259n m\u00fcsabiq\u0259 \u201cB\u00f6y\u00fck Avrasiya\u2013sivilizasiyalar alyans\u0131\u201d nominasiyas\u0131n\u0131n qalibi olublar. M\u00fcsabiq\u0259 fevral\u0131n 21-23-d\u0259 \u201cAvrasiya g\u0259ncl\u0259ri: g\u0259l\u0259c\u0259yi birlikd\u0259 qururuq!\u201d Beyn\u0259lxalq Forumu \u00e7\u0259r\u00e7iv\u0259sind\u0259 ke\u00e7irilib. M\u00fcsabiq\u0259y\u0259 120-d\u0259n \u00e7ox layih\u0259 t\u0259qdim olunmu\u015fdu.<\/p>\n\n\n\n<p>D\u0130A-n\u0131n t\u0259l\u0259b\u0259l\u0259rinin MDB \u00f6lk\u0259l\u0259rinin g\u0259nc sahibkarlar\u0131 \u00fc\u00e7\u00fcn\u00a0 n\u0259z\u0259rd\u0259 tutulmu\u015f \u201cIncrease the life\u201d layih\u0259si dayan\u0131ql\u0131 inki\u015faf\u0131n 17 \u0259sas m\u0259qs\u0259dl\u0259rin\u0259 \u0259saslan\u0131r. \u201cAvrasiya g\u0259ncl\u0259ri:g\u0259l\u0259c\u0259yi birlikd\u0259 qururuq!\u201d Beyn\u0259lxalq Forumu M.V.Lomonosov ad\u0131na Moskva D\u00f6vl\u0259t Universitetinin \u0130nformasiya-T\u0259hlil M\u0259rk\u0259zinin d\u0259st\u0259yi il\u0259 \u201c\u015eimal-C\u0259nub\u201d Siyasi M\u0259rk\u0259zi t\u0259r\u0259find\u0259n t\u0259\u015fkil olunmu\u015fdu.<\/p>\n\n\n\n<figure class=\"wp-container-2 wp-block-gallery-1 wp-block-gallery columns-2 is-cropped\"><ul class=\"blocks-gallery-grid\"><li class=\"blocks-gallery-item\"><figure><img width=\"640\" height=\"480\" src=\"https:\/\/dia.edu.az\/wp-content\/uploads\/2021\/03\/18.03.jpg\" alt=\"\" data-id=\"11743\" data-full-url=\"https:\/\/dia.edu.az\/wp-content\/uploads\/2021\/03\/18.03.jpg\" data-link=\"https:\/\/dia.edu.az\/?attachment_id=11743\" class=\"wp-image-11743\" srcset=\"https:\/\/legacy.dia.edu.az\/wp-content\/uploads\/2021\/03\/18.03.jpg 640w, https:\/\/legacy.dia.edu.az\/wp-content\/uploads\/2021\/03\/18.03-300x225.jpg 300w, https:\/\/legacy.dia.edu.az\/wp-content\/uploads\/2021\/03\/18.03-16x12.jpg 16w, https:\/\/legacy.dia.edu.az\/wp-content\/uploads\/2021\/03\/18.03-300x225@2x.jpg 600w\" sizes=\"(max-width: 640px) 100vw, 640px\" \/><\/figure><\/li><li class=\"blocks-gallery-item\"><figure><img width=\"640\" height=\"480\" src=\"https:\/\/dia.edu.az\/wp-content\/uploads\/2021\/03\/1803.jpg\" alt=\"\" data-id=\"11744\" data-full-url=\"https:\/\/dia.edu.az\/wp-content\/uploads\/2021\/03\/1803.jpg\" data-link=\"https:\/\/dia.edu.az\/?attachment_id=11744\" class=\"wp-image-11744\" srcset=\"https:\/\/legacy.dia.edu.az\/wp-content\/uploads\/2021\/03\/1803.jpg 640w, https:\/\/legacy.dia.edu.az\/wp-content\/uploads\/2021\/03\/1803-300x225.jpg 300w, https:\/\/legacy.dia.edu.az\/wp-content\/uploads\/2021\/03\/1803-16x12.jpg 16w, https:\/\/legacy.dia.edu.az\/wp-content\/uploads\/2021\/03\/1803-300x225@2x.jpg 600w\" sizes=\"(max-width: 640px) 100vw, 640px\" \/><\/figure><\/li><\/ul><\/figure>","protected":false},"excerpt":{"rendered":"<p>D\u00f6vl\u0259t \u0130dar\u0259\u00e7ilik Akademiyas\u0131n\u0131n t\u0259l\u0259b\u0259l\u0259ri \u201cB\u00f6y\u00fck Avrasiya\u2013sivilizasiyalar alyans\u0131\u201d nominasiyas\u0131n\u0131n qalibi olublarMart 18 , 2019 &#8211; 09:13 Az\u0259rbaycan Respublikas\u0131n\u0131n Prezidenti yan\u0131nda D\u00f6vl\u0259t \u0130dar\u0259\u00e7ilik Akademiyas\u0131n\u0131n Inzibati idar\u0259etm\u0259 fak\u00fclt\u0259sinin t\u0259l\u0259b\u0259l\u0259ri Sofya \u018fhm\u0259d v\u0259 Allahverdi M\u0259mm\u0259dov Moskvada ke\u00e7iril\u0259n m\u00fcsabiq\u0259 \u201cB\u00f6y\u00fck Avrasiya\u2013sivilizasiyalar alyans\u0131\u201d nominasiyas\u0131n\u0131n qalibi olublar. M\u00fcsabiq\u0259 fevral\u0131n 21-23-d\u0259 \u201cAvrasiya g\u0259ncl\u0259ri: g\u0259l\u0259c\u0259yi birlikd\u0259 qururuq!\u201d Beyn\u0259lxalq Forumu \u00e7\u0259r\u00e7iv\u0259sind\u0259 ke\u00e7irilib. M\u00fcsabiq\u0259y\u0259 120-d\u0259n \u00e7ox [&hellip;]<\/p>","protected":false},"author":2,"featured_media":11744,"comment_status":"closed","ping_status":"closed","sticky":false,"template":"","format":"standard","meta":[],"categories":[137],"tags":[],"_links":{"self":[{"href":"https:\/\/legacy.dia.edu.az\/ru\/wp-json\/wp\/v2\/posts\/11742"}],"collection":[{"href":"https:\/\/legacy.dia.edu.az\/ru\/wp-json\/wp\/v2\/posts"}],"about":[{"href":"https:\/\/legacy.dia.edu.az\/ru\/wp-json\/wp\/v2\/types\/post"}],"author":[{"embeddable":true,"href":"https:\/\/legacy.dia.edu.az\/ru\/wp-json\/wp\/v2\/users\/2"}],"replies":[{"embeddable":true,"href":"https:\/\/legacy.dia.edu.az\/ru\/wp-json\/wp\/v2\/comments?post=11742"}],"version-history":[{"count":0,"href":"https:\/\/legacy.dia.edu.az\/ru\/wp-json\/wp\/v2\/posts\/11742\/revisions"}],"wp:featuredmedia":[{"embeddable":true,"href":"https:\/\/legacy.dia.edu.az\/ru\/wp-json\/wp\/v2\/media\/11744"}],"wp:attachment":[{"href":"https:\/\/legacy.dia.edu.az\/ru\/wp-json\/wp\/v2\/media?parent=11742"}],"wp:term":[{"taxonomy":"category","embeddable":true,"href":"https:\/\/legacy.dia.edu.az\/ru\/wp-json\/wp\/v2\/categories?post=11742"},{"taxonomy":"post_tag","embeddable":true,"href":"https:\/\/legacy.dia.edu.az\/ru\/wp-json\/wp\/v2\/tags?post=11742"}],"curies":[{"name":"wp","href":"https:\/\/api.w.org\/{rel}","templated":true}]}}