{"id":11531,"date":"2019-03-29T12:05:00","date_gmt":"2019-03-29T09:05:00","guid":{"rendered":"https:\/\/dia.edu.az\/?p=11531"},"modified":"2021-03-13T12:06:04","modified_gmt":"2021-03-13T09:06:04","slug":"dovl%c9%99t-idar%c9%99cilik-akademiyasinda-yerli-icra-hakimiyy%c9%99tl%c9%99rinin-%c9%99m%c9%99kdaslari-ucun-novb%c9%99ti-distant-t%c9%99lim-kecirilib-2","status":"publish","type":"post","link":"https:\/\/legacy.dia.edu.az\/ru\/arxivl\u0259r\/11531","title":{"rendered":"D\u00f6vl\u0259t \u0130dar\u0259\u00e7ilik Akademiyas\u0131nda yerli icra hakimiyy\u0259tl\u0259rinin \u0259m\u0259kda\u015flar\u0131 \u00fc\u00e7\u00fcn n\u00f6vb\u0259ti distant t\u0259lim ke\u00e7irilib"},"content":{"rendered":"<p><strong>D\u00f6vl\u0259t \u0130dar\u0259\u00e7ilik Akademiyas\u0131nda yerli icra hakimiyy\u0259tl\u0259rinin \u0259m\u0259kda\u015flar\u0131 \u00fc\u00e7\u00fcn n\u00f6vb\u0259ti distant t\u0259lim ke\u00e7irilib<\/strong><br><em>Mart 29 , 2019 &#8211; 04:52<\/em><\/p>\n\n\n\n<p>2019-cu ilin mart&nbsp; ay\u0131n\u0131n 29-da Az\u0259rbaycan Respublikas\u0131n\u0131n Prezidenti yan\u0131nda D\u00f6vl\u0259t \u0130dar\u0259\u00e7ilik Akademiyas\u0131nda n\u00f6vb\u0259ti distant t\u0259limin ke\u00e7irilm\u0259si ke\u00e7irilib.<\/p>\n\n\n\n<p>T\u0259limin \u0259sas m\u0259qs\u0259di \u00f6lk\u0259nin innovativ v\u0259 inkl\u00fcziv inki\u015faf\u0131 \u00fc\u00e7\u00fcn h\u0259d\u0259fl\u0259rin yeni istiqam\u0259tl\u0259ri il\u0259 ba\u011fl\u0131 bilikl\u0259rin dinl\u0259yicil\u0259r\u0259 \u00e7atd\u0131r\u0131lmas\u0131 v\u0259 onlarla fikir m\u00fcbadil\u0259sinin apar\u0131lmas\u0131d\u0131r.<\/p>\n\n\n\n<p>Yerli icra hakimiyy\u0259tl\u0259rinin \u0259m\u0259kda\u015flar\u0131 \u00fc\u00e7\u00fcn t\u0259\u015fkil edil\u0259n t\u0259limd\u0259 D\u0130A-n\u0131n rektoru, akademik Urxan \u018fl\u0259kb\u0259rov \u00abD\u00f6vl\u0259t idar\u0259\u00e7iliyind\u0259 innovativ texnologiyalar: Az\u0259rbaycan Respublikas\u0131n\u0131n t\u0259cr\u00fcb\u0259si\u00bb m\u00f6vzusunda a\u00e7\u0131l\u0131\u015f m\u00fchazir\u0259l\u0259ri il\u0259 \u00e7\u0131x\u0131\u015f edib.<\/p>\n\n\n\n<p>Akademik Urxan \u018fl\u0259kb\u0259rov Heyd\u0259r \u018fliyev siyas\u0259tinin u\u011furlu n\u0259tic\u0259l\u0259rind\u0259n dan\u0131\u015f\u0131b, Ulu \u00d6nd\u0259rin ideyalar\u0131n\u0131n Prezident \u0130lham \u018fliyev t\u0259r\u0259find\u0259n u\u011furla h\u0259yata ke\u00e7irildiyini bildirib v\u0259 bu g\u00fcn Az\u0259rbaycan\u0131n iqtisadiyyat\u0131n\u0131n s\u00fcr\u0259tl\u0259 inki\u015faf etdiyini konkret faktlarla diqq\u0259t\u0259 \u00e7atd\u0131r\u0131b. Qeyd olunub ki, bir s\u0131ra iqtisadi v\u0259 sosial g\u00f6st\u0259ricil\u0259rin\u0259 g\u00f6r\u0259 m\u00fcasir Az\u0259rbaycan Respublikas\u0131 haz\u0131rda y\u00fczillik tarixi olan v\u0259 d\u00fcnya liderl\u0259ri say\u0131lan \u00f6lk\u0259l\u0259rl\u0259 r\u0259qab\u0259t aparmaq iqtidar\u0131ndad\u0131r. D\u00f6vl\u0259timizin ba\u015f\u00e7\u0131s\u0131n\u0131n t\u0259tbiq etdiyi v\u0259 d\u00fcnya miqyas\u0131nda ilk d\u0259f\u0259 i\u015fl\u0259nilmi\u015f sinergetik, kompensator idar\u0259\u00e7ilik texnologiyalar\u0131 say\u0259sind\u0259 Az\u0259rbaycan\u0131n inkl\u00fcziv inki\u015faf indeksi Avropa \u0130ttifaq\u0131na \u00fczv olan bir \u00e7ox d\u00f6vl\u0259tl\u0259rin g\u00f6st\u0259ricil\u0259rind\u0259n y\u00fcks\u0259k oldu\u011fu qeyd edilib.<\/p>\n\n\n\n<figure class=\"wp-container-2 wp-block-gallery-1 wp-block-gallery columns-2 is-cropped\"><ul class=\"blocks-gallery-grid\"><li class=\"blocks-gallery-item\"><figure><img width=\"640\" height=\"424\" src=\"https:\/\/dia.edu.az\/wp-content\/uploads\/2021\/03\/2903.19.jpg\" alt=\"\" data-id=\"11532\" data-full-url=\"https:\/\/dia.edu.az\/wp-content\/uploads\/2021\/03\/2903.19.jpg\" data-link=\"https:\/\/dia.edu.az\/?attachment_id=11532\" class=\"wp-image-11532\" srcset=\"https:\/\/legacy.dia.edu.az\/wp-content\/uploads\/2021\/03\/2903.19.jpg 640w, https:\/\/legacy.dia.edu.az\/wp-content\/uploads\/2021\/03\/2903.19-300x199.jpg 300w, https:\/\/legacy.dia.edu.az\/wp-content\/uploads\/2021\/03\/2903.19-16x12.jpg 16w, https:\/\/legacy.dia.edu.az\/wp-content\/uploads\/2021\/03\/2903.19-150x100.jpg 150w, https:\/\/legacy.dia.edu.az\/wp-content\/uploads\/2021\/03\/2903.19-300x199@2x.jpg 600w\" sizes=\"(max-width: 640px) 100vw, 640px\" \/><\/figure><\/li><li class=\"blocks-gallery-item\"><figure><img width=\"640\" height=\"424\" src=\"https:\/\/dia.edu.az\/wp-content\/uploads\/2021\/03\/290319.jpg\" alt=\"\" data-id=\"11533\" data-full-url=\"https:\/\/dia.edu.az\/wp-content\/uploads\/2021\/03\/290319.jpg\" data-link=\"https:\/\/dia.edu.az\/?attachment_id=11533\" class=\"wp-image-11533\" srcset=\"https:\/\/legacy.dia.edu.az\/wp-content\/uploads\/2021\/03\/290319.jpg 640w, https:\/\/legacy.dia.edu.az\/wp-content\/uploads\/2021\/03\/290319-300x199.jpg 300w, https:\/\/legacy.dia.edu.az\/wp-content\/uploads\/2021\/03\/290319-16x12.jpg 16w, https:\/\/legacy.dia.edu.az\/wp-content\/uploads\/2021\/03\/290319-150x100.jpg 150w, https:\/\/legacy.dia.edu.az\/wp-content\/uploads\/2021\/03\/290319-300x199@2x.jpg 600w\" sizes=\"(max-width: 640px) 100vw, 640px\" \/><\/figure><\/li><\/ul><\/figure>","protected":false},"excerpt":{"rendered":"<p>D\u00f6vl\u0259t \u0130dar\u0259\u00e7ilik Akademiyas\u0131nda yerli icra hakimiyy\u0259tl\u0259rinin \u0259m\u0259kda\u015flar\u0131 \u00fc\u00e7\u00fcn n\u00f6vb\u0259ti distant t\u0259lim ke\u00e7irilibMart 29 , 2019 &#8211; 04:52 2019-cu ilin mart&nbsp; ay\u0131n\u0131n 29-da Az\u0259rbaycan Respublikas\u0131n\u0131n Prezidenti yan\u0131nda D\u00f6vl\u0259t \u0130dar\u0259\u00e7ilik Akademiyas\u0131nda n\u00f6vb\u0259ti distant t\u0259limin ke\u00e7irilm\u0259si ke\u00e7irilib. T\u0259limin \u0259sas m\u0259qs\u0259di \u00f6lk\u0259nin innovativ v\u0259 inkl\u00fcziv inki\u015faf\u0131 \u00fc\u00e7\u00fcn h\u0259d\u0259fl\u0259rin yeni istiqam\u0259tl\u0259ri il\u0259 ba\u011fl\u0131 bilikl\u0259rin dinl\u0259yicil\u0259r\u0259 \u00e7atd\u0131r\u0131lmas\u0131 v\u0259 onlarla fikir m\u00fcbadil\u0259sinin [&hellip;]<\/p>","protected":false},"author":2,"featured_media":11533,"comment_status":"closed","ping_status":"closed","sticky":false,"template":"","format":"standard","meta":[],"categories":[137],"tags":[],"_links":{"self":[{"href":"https:\/\/legacy.dia.edu.az\/ru\/wp-json\/wp\/v2\/posts\/11531"}],"collection":[{"href":"https:\/\/legacy.dia.edu.az\/ru\/wp-json\/wp\/v2\/posts"}],"about":[{"href":"https:\/\/legacy.dia.edu.az\/ru\/wp-json\/wp\/v2\/types\/post"}],"author":[{"embeddable":true,"href":"https:\/\/legacy.dia.edu.az\/ru\/wp-json\/wp\/v2\/users\/2"}],"replies":[{"embeddable":true,"href":"https:\/\/legacy.dia.edu.az\/ru\/wp-json\/wp\/v2\/comments?post=11531"}],"version-history":[{"count":0,"href":"https:\/\/legacy.dia.edu.az\/ru\/wp-json\/wp\/v2\/posts\/11531\/revisions"}],"wp:featuredmedia":[{"embeddable":true,"href":"https:\/\/legacy.dia.edu.az\/ru\/wp-json\/wp\/v2\/media\/11533"}],"wp:attachment":[{"href":"https:\/\/legacy.dia.edu.az\/ru\/wp-json\/wp\/v2\/media?parent=11531"}],"wp:term":[{"taxonomy":"category","embeddable":true,"href":"https:\/\/legacy.dia.edu.az\/ru\/wp-json\/wp\/v2\/categories?post=11531"},{"taxonomy":"post_tag","embeddable":true,"href":"https:\/\/legacy.dia.edu.az\/ru\/wp-json\/wp\/v2\/tags?post=11531"}],"curies":[{"name":"wp","href":"https:\/\/api.w.org\/{rel}","templated":true}]}}