{"id":11522,"date":"2019-04-04T12:02:00","date_gmt":"2019-04-04T09:02:00","guid":{"rendered":"https:\/\/dia.edu.az\/?p=11522"},"modified":"2021-03-13T12:03:32","modified_gmt":"2021-03-13T09:03:32","slug":"dia-da-heyd%c9%99r-%c9%99liyev-dovl%c9%99t-idar%c9%99ciliyi-m%c9%99kt%c9%99binin-novb%c9%99ti-m%c9%99sg%c9%99l%c9%99si-kecirilib","status":"publish","type":"post","link":"https:\/\/legacy.dia.edu.az\/ru\/arxivl\u0259r\/11522","title":{"rendered":"D\u0130A-da \u201cHeyd\u0259r \u018fliyev D\u00f6vl\u0259t \u0130dar\u0259\u00e7iliyi M\u0259kt\u0259bi\u201dnin n\u00f6vb\u0259ti m\u0259\u015f\u011f\u0259l\u0259si ke\u00e7irilib"},"content":{"rendered":"<p><strong>D\u0130A-da \u201cHeyd\u0259r \u018fliyev D\u00f6vl\u0259t \u0130dar\u0259\u00e7iliyi M\u0259kt\u0259bi\u201dnin n\u00f6vb\u0259ti m\u0259\u015f\u011f\u0259l\u0259si ke\u00e7irilib<\/strong><br><em>Apr 04 , 2019 &#8211; 11:27<\/em><\/p>\n\n\n\n<p>Aprelin 3-d\u0259 Az\u0259rbaycan Respublikas\u0131n\u0131n Prezidenti yan\u0131nda D\u00f6vl\u0259t \u0130dar\u0259\u00e7ilik Akademiyas\u0131nda (D\u0130A) f\u0259aliyy\u0259t g\u00f6st\u0259r\u0259n \u201cHeyd\u0259r \u018fliyev D\u00f6vl\u0259t \u0130dar\u0259\u00e7iliyi M\u0259kt\u0259bi\u201dnin n\u00f6vb\u0259ti a\u00e7\u0131q d\u0259rsi ke\u00e7irilib.<\/p>\n\n\n\n<p>T\u0259dbird\u0259 Az\u0259rbaycan Milli Elml\u0259r Akademiyas\u0131n\u0131n vitse-prezidenti, Milli M\u0259clisin elm v\u0259 t\u0259hsil komit\u0259sinin s\u0259dri, \u018fd\u0259biyyat \u0130nstitutunun direktoru, akademik \u0130sa H\u0259bibb\u0259ylinin \u201cAz\u0259rbaycan\u00e7\u0131l\u0131q konsepsiyas\u0131: c\u0259miyy\u0259td\u0259 v\u0259 \u0259d\u0259biyyatda\u201d m\u00f6vzusunda m\u0259ruz\u0259si dinl\u0259nilib.<\/p>\n\n\n\n<p>D\u0130A-n\u0131n rektoru, akademik Urxan \u018fl\u0259kb\u0259rov \u00fcmummilli lider Heyd\u0259r \u018fliyevin misilsiz tarixi xidm\u0259tl\u0259rind\u0259n, z\u0259ngin d\u00f6vl\u0259t idar\u0259\u00e7iliyi t\u0259cr\u00fcb\u0259sinin \u0259h\u0259miyy\u0259tind\u0259n dan\u0131\u015f\u0131b, Ulu \u00d6nd\u0259rin ideyalar\u0131n\u0131n Prezident \u0130lham \u018fliyev t\u0259r\u0259find\u0259n q\u0259tiyy\u0259tl\u0259 h\u0259yata ke\u00e7irildiyini bildirib.<\/p>\n\n\n\n<p>Rektor bu g\u00fcn \u0259ld\u0259 edilmi\u015f nailiyy\u0259tl\u0259rin \u0259sas\u0131nda \u00f6lk\u0259 r\u0259hb\u0259rinin h\u0259yata ke\u00e7irdiyi innovativ inki\u015faf strategiyas\u0131n\u0131n dayand\u0131\u011f\u0131n\u0131 diqq\u0259t\u0259 \u00e7atd\u0131r\u0131b. Bildirib ki, Az\u0259rbaycan bir \u00e7ox istiqam\u0259tl\u0259rd\u0259 regional v\u0259 qlobal lider\u0259 \u00e7evrilib, qazan\u0131lan u\u011furlar\u0131n k\u00f6k\u00fcnd\u0259 yaln\u0131z yax\u015f\u0131 idar\u0259\u00e7ilik, Prezident \u0130lham \u018fliyevin t\u0259tbiq etdiyi innovativ idar\u0259etm\u0259 texnologiyalar\u0131 v\u0259 d\u00f6vl\u0259t institutlar\u0131n\u0131n, v\u0259t\u0259nda\u015f c\u0259miyy\u0259tinin v\u0259 \u00f6z\u0259l sektorun u\u011furlu \u0259laq\u0259l\u0259ndiril\u0259n birg\u0259 f\u0259aliyy\u0259ti dayan\u0131r.<\/p>\n\n\n\n<p>Urxan \u018fl\u0259kb\u0259rov akademik \u0130sa H\u0259bibb\u0259ylinin elmi, ictimai-siyasi f\u0259aliyy\u0259tind\u0259n s\u00f6z a\u00e7\u0131b, onun Az\u0259rbaycan elminin inki\u015faf\u0131nda, Milli M\u0259clisd\u0259 bu sah\u0259d\u0259 m\u00fch\u00fcm s\u0259n\u0259dl\u0259rin q\u0259bul edilm\u0259sind\u0259 m\u00fch\u00fcm rolu oldu\u011funu x\u00fcsusi qeyd edib.<\/p>\n\n\n\n<p>T\u0259dbird\u0259 \u00e7\u0131x\u0131\u015f ed\u0259n akademik \u0130sa H\u0259bibb\u0259yli Ulu \u00d6nd\u0259rin Az\u0259rbaycan tarixinin yeti\u015fdirdiyi \u0259n nadir simalardan biri, t\u00fcrk d\u00fcnyas\u0131n\u0131n v\u0259 \u00fcmum\u0259n sivil d\u00fcnyan\u0131n q\u00fcdr\u0259tli \u015f\u0259xsiyy\u0259tl\u0259rind\u0259n biri oldu\u011funu s\u00f6yl\u0259yib. Bildirib ki, dahi \u015f\u0259xsiyy\u0259tin milli-m\u0259n\u0259vi d\u0259y\u0259rl\u0259r\u0259 qay\u011f\u0131s\u0131, milli ruhun dir\u00e7\u0259ldilm\u0259si sah\u0259sind\u0259 atd\u0131\u011f\u0131 add\u0131mlar xalq\u0131m\u0131zda m\u00fcst\u0259qillik hissl\u0259rinin getdikc\u0259 g\u00fccl\u0259nm\u0259sin\u0259 z\u0259min yarad\u0131b. \u0130sa H\u0259bibb\u0259yli t\u0259hsil, elm, m\u0259d\u0259niyy\u0259t v\u0259 \u0259d\u0259biyyat\u0131n inki\u015faf dinamikas\u0131n\u0131 t\u0259hlil ed\u0259r\u0259k \u00dcmummilli Liderin b\u00fct\u00fcn sah\u0259l\u0259rd\u0259 h\u0259yata ke\u00e7irdiyi \u00e7ox\u015fax\u0259li m\u00fct\u0259r\u0259qqi d\u0259yi\u015fiklikl\u0259rin \u00f6lk\u0259mizd\u0259 m\u0259d\u0259ni h\u0259yat\u0131n canlanmas\u0131na g\u0259tirib \u00e7\u0131xard\u0131\u011f\u0131n\u0131 diqq\u0259t\u0259 \u00e7atd\u0131r\u0131b. O, \u0259sas\u0131 g\u00f6rk\u0259mli d\u00f6vl\u0259t xadimi Heyd\u0259r \u018fliyev t\u0259r\u0259find\u0259n qoyulan, haz\u0131rda is\u0259 Prezident \u0130lham \u018fliyev t\u0259r\u0259find\u0259n u\u011furla davam etdiril\u0259n m\u0259qs\u0259dy\u00f6nl\u00fc sosial-iqtisadi siyas\u0259td\u0259n v\u0259 bu siyas\u0259t n\u0259tic\u0259sind\u0259 Az\u0259rbaycan\u0131n qazand\u0131\u011f\u0131 u\u011furlardan dan\u0131\u015f\u0131b.<\/p>\n\n\n\n<p>\u0130.H\u0259bibb\u0259yli deyib: \u201cM\u00fcst\u0259qil Az\u0259rbaycan h\u0259r bir az\u0259rbaycanl\u0131 \u00fc\u00e7\u00fcn ideald\u0131r v\u0259 m\u00fcst\u0259qil d\u00f6vl\u0259ti olmaq h\u0259r bir v\u0259t\u0259nda\u015f \u00fc\u00e7\u00fcn b\u00f6y\u00fck xo\u015fb\u0259xtlikdir. Az\u0259rbaycan xalq\u0131 Az\u0259rbaycan d\u00f6vl\u0259tinin yarad\u0131c\u0131s\u0131d\u0131r v\u0259 qarant\u0131d\u0131r. Az\u0259rbaycan dili xalq\u0131m\u0131z\u0131n ana dili v\u0259 \u00f6lk\u0259mizd\u0259 d\u00f6vl\u0259t dilidir. Az\u0259rbaycan\u00e7\u0131l\u0131q m\u00fcst\u0259qil d\u00f6vl\u0259timizin milli d\u00f6vl\u0259t\u00e7ilik ideologiyas\u0131d\u0131r. Az\u0259rbaycan tarixind\u0259 ilk d\u0259f\u0259 olaraq ulu \u00f6nd\u0259r Heyd\u0259r \u018fliyev az\u0259rbaycan\u00e7\u0131l\u0131\u011f\u0131 \u00fcmummilli ideya, m\u00fcst\u0259qil d\u00f6vl\u0259t\u00e7ilik ideologiyas\u0131 s\u0259viyy\u0259sin\u0259 qald\u0131r\u0131b. \u00dcmummilli Lider az\u0259rbaycan\u00e7\u0131l\u0131q ideologiyas\u0131n\u0131n banisidir. Prezident \u0130lham \u018fliyev m\u00fcst\u0259qil Az\u0259rbaycan d\u00f6vl\u0259tinin milli ideologiyas\u0131n\u0131 yeni keyfiyy\u0259tl\u0259rl\u0259 daha da z\u0259nginl\u0259\u015fdirib\u201d.<\/p>\n\n\n\n<p>Akademik diqq\u0259t\u0259 \u00e7atd\u0131r\u0131b ki, Firidun b\u0259y K\u00f6\u00e7\u0259rlinin \u201cAz\u0259rbaycan \u0259d\u0259biyyat\u0131 tarixi materiallar\u0131\u201d \u0259s\u0259rind\u0259 ana dilind\u0259 yaranan \u0259d\u0259biyyat faktoru \u0259sas g\u00f6t\u00fcr\u00fclm\u0259kl\u0259 \u0259d\u0259biyyat\u0131m\u0131z\u0131n M\u0259h\u0259mm\u0259d F\u00fczulid\u0259n ba\u015flamas\u0131 fikri ir\u0259li s\u00fcr\u00fcl\u00fcb. Anadilli \u0259d\u0259biyyat prinsipini \u0259sas kimi q\u0259bul etm\u0259kl\u0259 Yusif V\u0259zir \u00c7\u0259m\u0259nz\u0259minli Az\u0259rbaycan \u0259d\u0259biyyat\u0131n\u0131 \u0130mad\u0259ddin N\u0259simid\u0259n, \u0130smay\u0131l Hikm\u0259t \u0130zz\u0259ddin H\u0259s\u0259no\u011fludan, Mehmet Fuad K\u00f6pr\u00fcl\u00fczad\u0259 is\u0259 Qazi B\u00fcrhan\u0259ddind\u0259n ba\u015flama\u011f\u0131 m\u0259qs\u0259d\u0259uy\u011fun say\u0131blar. Nizami G\u0259nc\u0259vinin \u0259s\u0259rl\u0259rind\u0259 B\u0259rd\u0259d\u0259n v\u0259 D\u0259rb\u0259ndd\u0259n, \u018ffz\u0259l\u0259ddin Xaqaninin \u015eamax\u0131, T\u0259briz v\u0259 \u015eabrandan, Q\u0259tran T\u0259brizinin \u018frd\u0259bil, G\u0259nc\u0259, Nax\u00e7\u0131van, S\u0259rab, \u015eadiabaddan s\u00f6z a\u00e7malar\u0131 bu \u0259d\u0259biyyatda Az\u0259rbaycan m\u00f6vzusunun, milli ruhun \u00f6z\u00fcn\u0259m\u0259xsus yer tutdu\u011funu \u0259ks etdirir. Nizami G\u0259nc\u0259vi yarad\u0131c\u0131l\u0131\u011f\u0131ndak\u0131 t\u00fcrk-az\u0259rbaycanl\u0131 obrazlar\u0131: N\u00fc\u015fab\u0259, M\u0259hinbanu, \u015eirin, Fitn\u0259, Sultan S\u0259nc\u0259rl\u0259 \u00fcz-\u00fcz\u0259 g\u0259l\u0259n Qar\u0131 sur\u0259tl\u0259ri, h\u0259m\u00e7inin Xar\u0259zm v\u0259 S\u0259qlab g\u00f6z\u0259ll\u0259ri dahi \u015fairin milli m\u00f6vqeyini n\u00fcmayi\u015f etdirir. T\u0259zkir\u0259l\u0259rd\u0259 Nizami G\u0259nc\u0259vinin Az\u0259rbaycan dilind\u0259 \u201cDivan\u201d\u0131n\u0131n olmas\u0131 bar\u0259d\u0259 r\u0259smi m\u0259lumatlar\u0131n olmas\u0131 da intibah d\u00f6vr\u00fc Az\u0259rbaycan \u0259d\u0259biyyat\u0131nda anadilli poeziyan\u0131n m\u00f6vcudlu\u011funu d\u00fc\u015f\u00fcnm\u0259y\u0259 \u0259sas verir.<\/p>\n\n\n\n<p>Az\u0259rbaycan t\u0259nqidi realizmi il\u0259 \u201cMolla N\u0259sr\u0259ddin\u201d \u0259d\u0259bi m\u0259kt\u0259binin m\u0259qs\u0259dl\u0259ri v\u0259 v\u0259zif\u0259l\u0259ri bir-birini tamamlay\u0131r. Az\u0259rbaycan\u00e7\u0131l\u0131q mollan\u0259sr\u0259ddin\u00e7ilik t\u0259liminin ideya \u0259sas\u0131n\u0131 v\u0259 h\u0259r\u0259k\u0259tverici q\u00fcvv\u0259sini t\u0259\u015fkil edir. Mollan\u0259sr\u0259ddin\u00e7ilik v\u0259 az\u0259rbaycan\u00e7\u0131l\u0131q sinonim siyasi-ideoloji bax\u0131\u015flar s\u0259viyy\u0259sind\u0259 s\u0259sl\u0259nir. \u201cA\u00e7\u0131q ana dilind\u0259\u201d yazmaq, \u201ca\u00e7\u0131q yazma\u011f\u0131 da bacarmaq\u201d mollan\u0259sr\u0259ddin\u00e7ilik h\u0259r\u0259kat\u0131n\u0131 t\u0259msil ed\u0259n \u015fair v\u0259 yaz\u0131\u00e7\u0131lar\u0131n \u0259sas \u00fcslubi istiqam\u0259tini m\u00fc\u0259yy\u0259n edir.<\/p>\n\n\n\n<p>AMEA-n\u0131n vitse-prezidenti Ulu \u00d6nd\u0259rin Nax\u00e7\u0131vandak\u0131 f\u0259aliyy\u0259tind\u0259n d\u0259 \u0259trafl\u0131 s\u00f6hb\u0259t a\u00e7\u0131b, h\u0259min d\u00f6vrd\u0259 \u00fcmummilli lider Heyd\u0259r \u018fliyevin q\u0259tiyy\u0259tli s\u0259yl\u0259ri n\u0259tic\u0259sind\u0259 xalq\u0131m\u0131z v\u0259 \u00f6lk\u0259miz \u00fc\u00e7\u00fcn m\u00fch\u00fcm tarixi q\u0259rarlar\u0131n q\u0259bul edildiyini s\u00f6yl\u0259yib.<\/p>\n\n\n\n<p>Akademik \u0130.H\u0259bibb\u0259yli \u00dcmummilli Liderin Az\u0259rbaycan\u0131 t\u0259hl\u00fck\u0259l\u0259rd\u0259n xilas ed\u0259r\u0259k m\u00fcst\u0259qilliyimizin \u0259b\u0259diliyini t\u0259min etdiyini bildirib: \u201c\u00dcmummilli Lider m\u00fcdrik siyas\u0259ti say\u0259sind\u0259 90-c\u0131 ill\u0259rin \u0259vv\u0259ll\u0259rind\u0259 \u00f6lk\u0259mizi v\u0259t\u0259nda\u015f m\u00fcharib\u0259si v\u0259 par\u00e7alanmaq t\u0259hl\u00fck\u0259sind\u0259n xilas edib. Ulu \u00f6nd\u0259r Heyd\u0259r \u018fliyev \u00f6lk\u0259 tarixind\u0259 ilk d\u0259f\u0259 olaraq az\u0259rbaycan\u00e7\u0131l\u0131q ideyas\u0131n\u0131 d\u00f6vl\u0259tin siyasi ideologiyas\u0131 s\u0259viyy\u0259sin\u0259 y\u00fcks\u0259ldib. Az\u0259rbaycan v\u0259 az\u0259rbaycan\u00e7\u0131l\u0131q anlay\u0131\u015flar\u0131 q\u0259dim tarix\u0259 malik olsa da, \u0259srl\u0259rboyu yaln\u0131z co\u011frafi yer ad\u0131 kimi i\u015fl\u0259dilib, son y\u00fczillikd\u0259 h\u0259m d\u0259 milli ideya olaraq formala\u015f\u0131b. Az\u0259rbaycan\u00e7\u0131l\u0131\u011f\u0131n d\u00f6vl\u0259t siyas\u0259tind\u0259 milli ideologiyaya \u00e7evrilm\u0259si \u00fcmummilli liderimiz Heyd\u0259r \u018fliyevin Az\u0259rbaycan xalq\u0131 qar\u015f\u0131s\u0131ndak\u0131 b\u00f6y\u00fck tarixi xidm\u0259tl\u0259rind\u0259n biridir\u201d.<\/p>\n\n\n\n<p>Sonda t\u0259dbir i\u015ftirak\u00e7\u0131lar\u0131n\u0131 maraqland\u0131ran suallar cavabland\u0131r\u0131l\u0131b.<\/p>\n\n\n\n<figure class=\"wp-container-2 wp-block-gallery-1 wp-block-gallery columns-3 is-cropped\"><ul class=\"blocks-gallery-grid\"><li class=\"blocks-gallery-item\"><figure><img width=\"640\" height=\"392\" src=\"https:\/\/dia.edu.az\/wp-content\/uploads\/2021\/03\/04.04.jpg\" alt=\"\" data-id=\"11523\" data-full-url=\"https:\/\/dia.edu.az\/wp-content\/uploads\/2021\/03\/04.04.jpg\" data-link=\"https:\/\/dia.edu.az\/?attachment_id=11523\" class=\"wp-image-11523\" srcset=\"https:\/\/legacy.dia.edu.az\/wp-content\/uploads\/2021\/03\/04.04.jpg 640w, https:\/\/legacy.dia.edu.az\/wp-content\/uploads\/2021\/03\/04.04-300x184.jpg 300w, https:\/\/legacy.dia.edu.az\/wp-content\/uploads\/2021\/03\/04.04-16x10.jpg 16w, https:\/\/legacy.dia.edu.az\/wp-content\/uploads\/2021\/03\/04.04-300x184@2x.jpg 600w\" sizes=\"(max-width: 640px) 100vw, 640px\" \/><\/figure><\/li><li class=\"blocks-gallery-item\"><figure><img width=\"640\" height=\"421\" src=\"https:\/\/dia.edu.az\/wp-content\/uploads\/2021\/03\/0404.jpg\" alt=\"\" data-id=\"11524\" data-full-url=\"https:\/\/dia.edu.az\/wp-content\/uploads\/2021\/03\/0404.jpg\" data-link=\"https:\/\/dia.edu.az\/?attachment_id=11524\" class=\"wp-image-11524\" srcset=\"https:\/\/legacy.dia.edu.az\/wp-content\/uploads\/2021\/03\/0404.jpg 640w, https:\/\/legacy.dia.edu.az\/wp-content\/uploads\/2021\/03\/0404-300x197.jpg 300w, https:\/\/legacy.dia.edu.az\/wp-content\/uploads\/2021\/03\/0404-16x12.jpg 16w, https:\/\/legacy.dia.edu.az\/wp-content\/uploads\/2021\/03\/0404-150x100.jpg 150w, https:\/\/legacy.dia.edu.az\/wp-content\/uploads\/2021\/03\/0404-300x197@2x.jpg 600w\" sizes=\"(max-width: 640px) 100vw, 640px\" \/><\/figure><\/li><li class=\"blocks-gallery-item\"><figure><img width=\"640\" height=\"381\" src=\"https:\/\/dia.edu.az\/wp-content\/uploads\/2021\/03\/040419.jpg\" alt=\"\" data-id=\"11525\" data-full-url=\"https:\/\/dia.edu.az\/wp-content\/uploads\/2021\/03\/040419.jpg\" data-link=\"https:\/\/dia.edu.az\/?attachment_id=11525\" class=\"wp-image-11525\" srcset=\"https:\/\/legacy.dia.edu.az\/wp-content\/uploads\/2021\/03\/040419.jpg 640w, https:\/\/legacy.dia.edu.az\/wp-content\/uploads\/2021\/03\/040419-300x179.jpg 300w, https:\/\/legacy.dia.edu.az\/wp-content\/uploads\/2021\/03\/040419-16x10.jpg 16w, https:\/\/legacy.dia.edu.az\/wp-content\/uploads\/2021\/03\/040419-300x179@2x.jpg 600w\" sizes=\"(max-width: 640px) 100vw, 640px\" \/><\/figure><\/li><\/ul><\/figure>","protected":false},"excerpt":{"rendered":"<p>D\u0130A-da \u201cHeyd\u0259r \u018fliyev D\u00f6vl\u0259t \u0130dar\u0259\u00e7iliyi M\u0259kt\u0259bi\u201dnin n\u00f6vb\u0259ti m\u0259\u015f\u011f\u0259l\u0259si ke\u00e7irilibApr 04 , 2019 &#8211; 11:27 Aprelin 3-d\u0259 Az\u0259rbaycan Respublikas\u0131n\u0131n Prezidenti yan\u0131nda D\u00f6vl\u0259t \u0130dar\u0259\u00e7ilik Akademiyas\u0131nda (D\u0130A) f\u0259aliyy\u0259t g\u00f6st\u0259r\u0259n \u201cHeyd\u0259r \u018fliyev D\u00f6vl\u0259t \u0130dar\u0259\u00e7iliyi M\u0259kt\u0259bi\u201dnin n\u00f6vb\u0259ti a\u00e7\u0131q d\u0259rsi ke\u00e7irilib. T\u0259dbird\u0259 Az\u0259rbaycan Milli Elml\u0259r Akademiyas\u0131n\u0131n vitse-prezidenti, Milli M\u0259clisin elm v\u0259 t\u0259hsil komit\u0259sinin s\u0259dri, \u018fd\u0259biyyat \u0130nstitutunun direktoru, akademik \u0130sa H\u0259bibb\u0259ylinin \u201cAz\u0259rbaycan\u00e7\u0131l\u0131q [&hellip;]<\/p>","protected":false},"author":2,"featured_media":11523,"comment_status":"closed","ping_status":"closed","sticky":false,"template":"","format":"standard","meta":[],"categories":[137],"tags":[],"_links":{"self":[{"href":"https:\/\/legacy.dia.edu.az\/ru\/wp-json\/wp\/v2\/posts\/11522"}],"collection":[{"href":"https:\/\/legacy.dia.edu.az\/ru\/wp-json\/wp\/v2\/posts"}],"about":[{"href":"https:\/\/legacy.dia.edu.az\/ru\/wp-json\/wp\/v2\/types\/post"}],"author":[{"embeddable":true,"href":"https:\/\/legacy.dia.edu.az\/ru\/wp-json\/wp\/v2\/users\/2"}],"replies":[{"embeddable":true,"href":"https:\/\/legacy.dia.edu.az\/ru\/wp-json\/wp\/v2\/comments?post=11522"}],"version-history":[{"count":0,"href":"https:\/\/legacy.dia.edu.az\/ru\/wp-json\/wp\/v2\/posts\/11522\/revisions"}],"wp:featuredmedia":[{"embeddable":true,"href":"https:\/\/legacy.dia.edu.az\/ru\/wp-json\/wp\/v2\/media\/11523"}],"wp:attachment":[{"href":"https:\/\/legacy.dia.edu.az\/ru\/wp-json\/wp\/v2\/media?parent=11522"}],"wp:term":[{"taxonomy":"category","embeddable":true,"href":"https:\/\/legacy.dia.edu.az\/ru\/wp-json\/wp\/v2\/categories?post=11522"},{"taxonomy":"post_tag","embeddable":true,"href":"https:\/\/legacy.dia.edu.az\/ru\/wp-json\/wp\/v2\/tags?post=11522"}],"curies":[{"name":"wp","href":"https:\/\/api.w.org\/{rel}","templated":true}]}}