{"id":11515,"date":"2019-04-17T12:00:00","date_gmt":"2019-04-17T09:00:00","guid":{"rendered":"https:\/\/dia.edu.az\/?p=11515"},"modified":"2021-03-13T12:00:45","modified_gmt":"2021-03-13T09:00:45","slug":"dia-nin-rektoru-akademik-urxan-%c9%99l%c9%99kb%c9%99rovun-m%c9%99ruz%c9%99si-dinl%c9%99nilib","status":"publish","type":"post","link":"https:\/\/legacy.dia.edu.az\/ru\/arxivl\u0259r\/11515","title":{"rendered":"D\u0130A-n\u0131n rektoru akademik Urxan \u018fl\u0259kb\u0259rovun m\u0259ruz\u0259si dinl\u0259nilib"},"content":{"rendered":"<p><strong>D\u0130A-n\u0131n rektoru akademik Urxan \u018fl\u0259kb\u0259rovun m\u0259ruz\u0259si dinl\u0259nilib<\/strong><br><em>Apr 17 , 2019 &#8211; 11:01<\/em><\/p>\n\n\n\n<p>T\u00fcrkiy\u0259 Respublikas\u0131 Ankara Sosial Eliml\u0259r Universitetind\u0259&nbsp;<\/p>\n\n\n\n<p>Az\u0259rbaycan Respublikas\u0131n\u0131n Prezidenti yan\u0131nda<\/p>\n\n\n\n<p>D\u00f6vl\u0259t \u0130dar\u0259\u00e7ilik Akademiyas\u0131n\u0131n rektoru,&nbsp;<\/p>\n\n\n\n<p>akademik Urxan \u018fl\u0259kb\u0259rovun m\u0259ruz\u0259si dinl\u0259nilib<\/p>\n\n\n\n<figure class=\"wp-container-2 wp-block-gallery-1 wp-block-gallery columns-1 is-cropped\"><ul class=\"blocks-gallery-grid\"><li class=\"blocks-gallery-item\"><figure><img width=\"452\" height=\"640\" src=\"https:\/\/dia.edu.az\/wp-content\/uploads\/2021\/03\/teze.jpg\" alt=\"\" data-id=\"11516\" data-full-url=\"https:\/\/dia.edu.az\/wp-content\/uploads\/2021\/03\/teze.jpg\" data-link=\"https:\/\/dia.edu.az\/?attachment_id=11516\" class=\"wp-image-11516\" srcset=\"https:\/\/legacy.dia.edu.az\/wp-content\/uploads\/2021\/03\/teze.jpg 452w, https:\/\/legacy.dia.edu.az\/wp-content\/uploads\/2021\/03\/teze-212x300.jpg 212w, https:\/\/legacy.dia.edu.az\/wp-content\/uploads\/2021\/03\/teze-8x12.jpg 8w, https:\/\/legacy.dia.edu.az\/wp-content\/uploads\/2021\/03\/teze-212x300@2x.jpg 424w\" sizes=\"(max-width: 452px) 100vw, 452px\" \/><\/figure><\/li><\/ul><\/figure>","protected":false},"excerpt":{"rendered":"<p>D\u0130A-n\u0131n rektoru akademik Urxan \u018fl\u0259kb\u0259rovun m\u0259ruz\u0259si dinl\u0259nilibApr 17 , 2019 &#8211; 11:01 T\u00fcrkiy\u0259 Respublikas\u0131 Ankara Sosial Eliml\u0259r Universitetind\u0259&nbsp; Az\u0259rbaycan Respublikas\u0131n\u0131n Prezidenti yan\u0131nda D\u00f6vl\u0259t \u0130dar\u0259\u00e7ilik Akademiyas\u0131n\u0131n rektoru,&nbsp; akademik Urxan \u018fl\u0259kb\u0259rovun m\u0259ruz\u0259si dinl\u0259nilib<\/p>","protected":false},"author":2,"featured_media":11516,"comment_status":"closed","ping_status":"closed","sticky":false,"template":"","format":"standard","meta":[],"categories":[137],"tags":[],"_links":{"self":[{"href":"https:\/\/legacy.dia.edu.az\/ru\/wp-json\/wp\/v2\/posts\/11515"}],"collection":[{"href":"https:\/\/legacy.dia.edu.az\/ru\/wp-json\/wp\/v2\/posts"}],"about":[{"href":"https:\/\/legacy.dia.edu.az\/ru\/wp-json\/wp\/v2\/types\/post"}],"author":[{"embeddable":true,"href":"https:\/\/legacy.dia.edu.az\/ru\/wp-json\/wp\/v2\/users\/2"}],"replies":[{"embeddable":true,"href":"https:\/\/legacy.dia.edu.az\/ru\/wp-json\/wp\/v2\/comments?post=11515"}],"version-history":[{"count":0,"href":"https:\/\/legacy.dia.edu.az\/ru\/wp-json\/wp\/v2\/posts\/11515\/revisions"}],"wp:featuredmedia":[{"embeddable":true,"href":"https:\/\/legacy.dia.edu.az\/ru\/wp-json\/wp\/v2\/media\/11516"}],"wp:attachment":[{"href":"https:\/\/legacy.dia.edu.az\/ru\/wp-json\/wp\/v2\/media?parent=11515"}],"wp:term":[{"taxonomy":"category","embeddable":true,"href":"https:\/\/legacy.dia.edu.az\/ru\/wp-json\/wp\/v2\/categories?post=11515"},{"taxonomy":"post_tag","embeddable":true,"href":"https:\/\/legacy.dia.edu.az\/ru\/wp-json\/wp\/v2\/tags?post=11515"}],"curies":[{"name":"wp","href":"https:\/\/api.w.org\/{rel}","templated":true}]}}