{"id":11512,"date":"2019-04-19T11:58:00","date_gmt":"2019-04-19T08:58:00","guid":{"rendered":"https:\/\/dia.edu.az\/?p=11512"},"modified":"2021-03-13T11:59:26","modified_gmt":"2021-03-13T08:59:26","slug":"akademik-urxan-%c9%99l%c9%99kb%c9%99rov-ankarada-az%c9%99rbaycanin-davamli-inkluziv-inkisafi-movzusunda-m%c9%99ruz%c9%99-edib","status":"publish","type":"post","link":"https:\/\/legacy.dia.edu.az\/ru\/arxivl\u0259r\/11512","title":{"rendered":"Akademik Urxan \u018fl\u0259kb\u0259rov Ankarada Az\u0259rbaycan\u0131n davaml\u0131 inkl\u00fcziv inki\u015faf\u0131 m\u00f6vzusunda m\u0259ruz\u0259 edib"},"content":{"rendered":"<p><strong>Akademik Urxan \u018fl\u0259kb\u0259rov Ankarada Az\u0259rbaycan\u0131n davaml\u0131 inkl\u00fcziv inki\u015faf\u0131 m\u00f6vzusunda m\u0259ruz\u0259 edib<\/strong><br><em>Apr 19 , 2019 &#8211; 09:44<\/em><\/p>\n\n\n\n<p>Az\u0259rbaycan Respublikas\u0131n\u0131n Prezidenti yan\u0131nda D\u00f6vl\u0259t \u0130dar\u0259\u00e7ilik Akademiyas\u0131n\u0131n (D\u0130A) rektoru akademik Urxan \u018fl\u0259kb\u0259rov Ankara Sosial Elml\u0259r Universitetind\u0259 t\u0259\u015fkil olunan elmi seminarda \u201cDavaml\u0131 inkl\u00fcziv inki\u015faf m\u0259qs\u0259dl\u0259rinin t\u0259mini \u00fc\u00e7\u00fcn yeni idar\u0259etm\u0259 texnologiyalar\u0131: Az\u0259rbaycan\u0131n t\u0259cr\u00fcb\u0259si\u201d m\u00f6vzusunda m\u0259ruz\u0259 il\u0259 \u00e7\u0131x\u0131\u015f edib.<\/p>\n\n\n\n<p>M\u0259ruz\u0259\u00e7i torpaqlar\u0131m\u0131z\u0131n 20 faizinin t\u0259cav\u00fczkar Erm\u0259nistan t\u0259r\u0259find\u0259n i\u015f\u011fal alt\u0131nda saxlan\u0131lmas\u0131na baxmayaraq, Az\u0259rbaycan\u0131n q\u0131sa m\u00fcdd\u0259td\u0259 innovativ davaml\u0131 inki\u015faf siyas\u0259tini realla\u015fd\u0131rma\u011fa m\u00fcv\u0259ff\u0259q oldu\u011funu bildirib. Vur\u011fulay\u0131b ki, b\u00fct\u00fcn bu nailiyy\u0259tl\u0259r ulu \u00f6nd\u0259r Heyd\u0259r \u018fliyevin m\u00fc\u0259yy\u0259nl\u0259\u015fdirdiyi, Prezident \u0130lham \u018fliyev t\u0259r\u0259find\u0259n h\u0259yata ke\u00e7iril\u0259n d\u0259rin d\u00fc\u015f\u00fcn\u00fclm\u00fc\u015f strategiya v\u0259 t\u0259tbiq olunan orijinal innovativ idar\u0259etm\u0259 texnologiyalar\u0131 \u0259sas\u0131nda qazan\u0131l\u0131b. Bu texnologiyalar\u0131n i\u015fl\u0259nilm\u0259si v\u0259 h\u0259yata ke\u00e7irilm\u0259si prosesind\u0259 Az\u0259rbaycan\u0131n Birinci vitse-prezidenti Mehriban \u018fliyeva v\u0259 onun r\u0259hb\u0259rlik etdiyi Heyd\u0259r \u018fliyev Fondu x\u00fcsusi rola malikdir.<\/p>\n\n\n\n<p>Rektor diqq\u0259t\u0259 \u00e7atd\u0131r\u0131b ki, 2018-ci il Davos Forumunun hesabat\u0131nda inkl\u00fcziv inki\u015faf indeksin\u0259 g\u00f6r\u0259, Az\u0259rbaycan ke\u00e7id iqtisadiyyat\u0131na malik \u00f6lk\u0259l\u0259r aras\u0131nda 3-c\u00fc yerd\u0259 q\u0259rarla\u015faraq, iqtisadi imkanlar\u0131 daha y\u00fcks\u0259k olan Avropa \u0130ttifaq\u0131 \u00f6lk\u0259l\u0259rinin \u00e7oxunu gerid\u0259 qoyub. Akademik qeyd edib ki, bu qrupdak\u0131 \u00f6lk\u0259l\u0259rin \u00fcst\u00fcn iqtisadi imkanlar\u0131n\u0131n olmas\u0131na baxmayaraq, onlar aras\u0131nda Az\u0259rbaycan Avropa \u0130ttifaq\u0131, \u0130qtisadi \u018fm\u0259kda\u015fl\u0131q v\u0259 \u0130nki\u015faf T\u0259\u015fkilat\u0131n\u0131n \u00fczv\u00fc olan \u00e7ox sayda d\u00f6vl\u0259tl\u0259rd\u0259n ir\u0259lid\u0259dir. Az\u0259rbaycan\u0131n inkl\u00fcziv inki\u015faf indeksl\u0259ri AB\u015e, Yaponiya, \u0130taliya, \u0130srail, \u0130spaniya, Portuqaliya, T\u00fcrkiy\u0259, Rusiya v\u0259 ba\u015fqa \u00f6lk\u0259l\u0259rin g\u00f6st\u0259ricil\u0259rini \u00fcst\u0259l\u0259yir. Bu nailiyy\u0259t Az\u0259rbaycan Respublikas\u0131nda iqtisadi, sosial v\u0259 humanitar siyas\u0259tin \u00fcmumi inki\u015faf strategiyas\u0131n\u0131n vacib istiqam\u0259ti olmas\u0131ndan x\u0259b\u0259r verir.<\/p>\n\n\n\n<p>Akademik U.\u018fl\u0259kb\u0259rov qeyd edib ki, \u00f6lk\u0259mizin inkl\u00fcziv inki\u015faf ed\u0259n c\u0259miyy\u0259tin qurulmas\u0131 istiqam\u0259tind\u0259 qazand\u0131\u011f\u0131 u\u011furlar\u0131n ba\u015fl\u0131ca faktoru insan potensial\u0131n\u0131n formala\u015fd\u0131r\u0131lmas\u0131 v\u0259 s\u0259f\u0259rb\u0259r edilm\u0259sin\u0259 elmi yana\u015fmadad\u0131r. Son ill\u0259rd\u0259 \u00f6lk\u0259d\u0259 adamba\u015f\u0131na d\u00fc\u015f\u0259n g\u0259lirl\u0259rin artmas\u0131, iqtisadi dir\u00e7\u0259li\u015f\u0259 nail olunmas\u0131 d\u00f6vl\u0259t s\u0259viyy\u0259sind\u0259 elm, t\u0259hsil v\u0259 s\u0259hiyy\u0259nin inki\u015faf\u0131 \u00fc\u00e7\u00fcn geni\u015f \u015f\u0259rait yarad\u0131b. T\u0259hlill\u0259r g\u00f6st\u0259rir ki, Az\u0259rbaycan Respublikas\u0131nda qazan\u0131lan u\u011furlar\u0131n \u0259sas\u0131nda Prezident \u0130lham \u018fliyev t\u0259r\u0259find\u0259n i\u015fl\u0259nilmi\u015f, n\u0259z\u0259ri \u0259saslar\u0131 v\u0259 t\u0259tbiq \u00fcsullar\u0131 yeni olan idar\u0259etm\u0259 texnologiyalar\u0131 kompleksi dayan\u0131r. M\u0259ruz\u0259d\u0259 idar\u0259etm\u0259d\u0259 istifad\u0259 olunan bu yeni sinergetik, komplementar v\u0259 kompensasion texnologiyalar v\u0259 onlar\u0131n kompleks t\u0259tbiqinin n\u0259tic\u0259l\u0259ri geni\u015f t\u0259hlil edilib. Seminar\u0131n gedi\u015find\u0259 D\u0130A-n\u0131n elmi-t\u0259\u015fkilat v\u0259 beyn\u0259lxalq \u0259laq\u0259l\u0259r \u015f\u00f6b\u0259sinin m\u00fcdiri, dosent R\u0259c\u0259b R\u0259himli Az\u0259rbaycan Respublikas\u0131n\u0131n d\u00f6vl\u0259t idar\u0259\u00e7ilik sistemi, d\u00f6vl\u0259t qullu\u011fu sah\u0259sind\u0259 h\u0259yata ke\u00e7iril\u0259n islahatlar v\u0259 \u0259ld\u0259 edil\u0259n n\u0259tic\u0259l\u0259rl\u0259 ba\u011fl\u0131 \u0259trafl\u0131 bilgi verib. M\u0259ruz\u0259\u00e7inin Az\u0259rbaycan h\u0259qiq\u0259tl\u0259ri il\u0259 ba\u011fl\u0131 t\u0259qdim etdiyi faktlar, alimin \u00f6lk\u0259mizin inki\u015faf dinamikas\u0131na dair fikir v\u0259 m\u00fclahiz\u0259l\u0259ri, o c\u00fcml\u0259d\u0259n nikbin proqnozlar\u0131 b\u00f6y\u00fck maraqla qar\u015f\u0131lan\u0131b.<\/p>\n\n\n\n<p>Sonda Akademik U.\u018fl\u0259kb\u0259rov seminarda i\u015ftirak ed\u0259n professor, m\u00fc\u0259llim v\u0259 doktorantlar\u0131n suallar\u0131n\u0131 cavabland\u0131r\u0131b. Qeyd ed\u0259k ki, T\u00fcrkiy\u0259nin sosial elml\u0259r sah\u0259sind\u0259 ara\u015fd\u0131rmalar h\u0259yata ke\u00e7ir\u0259n ilk v\u0259 yegan\u0259 d\u00f6vl\u0259t ali t\u0259hsil oca\u011f\u0131 olan Ankara Sosial Elml\u0259r Universiteti Az\u0259rbaycanla elmi \u0259m\u0259kda\u015fl\u0131\u011fa b\u00f6y\u00fck diqq\u0259t g\u00f6st\u0259rir.<\/p>\n\n\n\n<figure class=\"wp-container-2 wp-block-gallery-1 wp-block-gallery columns-1 is-cropped\"><ul class=\"blocks-gallery-grid\"><li class=\"blocks-gallery-item\"><figure><img width=\"635\" height=\"480\" src=\"https:\/\/dia.edu.az\/wp-content\/uploads\/2021\/03\/19.04.jpg\" alt=\"\" data-id=\"11513\" data-full-url=\"https:\/\/dia.edu.az\/wp-content\/uploads\/2021\/03\/19.04.jpg\" data-link=\"https:\/\/dia.edu.az\/?attachment_id=11513\" class=\"wp-image-11513\" srcset=\"https:\/\/legacy.dia.edu.az\/wp-content\/uploads\/2021\/03\/19.04.jpg 635w, https:\/\/legacy.dia.edu.az\/wp-content\/uploads\/2021\/03\/19.04-300x227.jpg 300w, https:\/\/legacy.dia.edu.az\/wp-content\/uploads\/2021\/03\/19.04-16x12.jpg 16w, https:\/\/legacy.dia.edu.az\/wp-content\/uploads\/2021\/03\/19.04-300x227@2x.jpg 600w\" sizes=\"(max-width: 635px) 100vw, 635px\" \/><\/figure><\/li><\/ul><\/figure>","protected":false},"excerpt":{"rendered":"<p>Akademik Urxan \u018fl\u0259kb\u0259rov Ankarada Az\u0259rbaycan\u0131n davaml\u0131 inkl\u00fcziv inki\u015faf\u0131 m\u00f6vzusunda m\u0259ruz\u0259 edibApr 19 , 2019 &#8211; 09:44 Az\u0259rbaycan Respublikas\u0131n\u0131n Prezidenti yan\u0131nda D\u00f6vl\u0259t \u0130dar\u0259\u00e7ilik Akademiyas\u0131n\u0131n (D\u0130A) rektoru akademik Urxan \u018fl\u0259kb\u0259rov Ankara Sosial Elml\u0259r Universitetind\u0259 t\u0259\u015fkil olunan elmi seminarda \u201cDavaml\u0131 inkl\u00fcziv inki\u015faf m\u0259qs\u0259dl\u0259rinin t\u0259mini \u00fc\u00e7\u00fcn yeni idar\u0259etm\u0259 texnologiyalar\u0131: Az\u0259rbaycan\u0131n t\u0259cr\u00fcb\u0259si\u201d m\u00f6vzusunda m\u0259ruz\u0259 il\u0259 \u00e7\u0131x\u0131\u015f edib. M\u0259ruz\u0259\u00e7i torpaqlar\u0131m\u0131z\u0131n 20 [&hellip;]<\/p>","protected":false},"author":2,"featured_media":11513,"comment_status":"closed","ping_status":"closed","sticky":false,"template":"","format":"standard","meta":[],"categories":[137],"tags":[],"_links":{"self":[{"href":"https:\/\/legacy.dia.edu.az\/ru\/wp-json\/wp\/v2\/posts\/11512"}],"collection":[{"href":"https:\/\/legacy.dia.edu.az\/ru\/wp-json\/wp\/v2\/posts"}],"about":[{"href":"https:\/\/legacy.dia.edu.az\/ru\/wp-json\/wp\/v2\/types\/post"}],"author":[{"embeddable":true,"href":"https:\/\/legacy.dia.edu.az\/ru\/wp-json\/wp\/v2\/users\/2"}],"replies":[{"embeddable":true,"href":"https:\/\/legacy.dia.edu.az\/ru\/wp-json\/wp\/v2\/comments?post=11512"}],"version-history":[{"count":0,"href":"https:\/\/legacy.dia.edu.az\/ru\/wp-json\/wp\/v2\/posts\/11512\/revisions"}],"wp:featuredmedia":[{"embeddable":true,"href":"https:\/\/legacy.dia.edu.az\/ru\/wp-json\/wp\/v2\/media\/11513"}],"wp:attachment":[{"href":"https:\/\/legacy.dia.edu.az\/ru\/wp-json\/wp\/v2\/media?parent=11512"}],"wp:term":[{"taxonomy":"category","embeddable":true,"href":"https:\/\/legacy.dia.edu.az\/ru\/wp-json\/wp\/v2\/categories?post=11512"},{"taxonomy":"post_tag","embeddable":true,"href":"https:\/\/legacy.dia.edu.az\/ru\/wp-json\/wp\/v2\/tags?post=11512"}],"curies":[{"name":"wp","href":"https:\/\/api.w.org\/{rel}","templated":true}]}}