{"id":11503,"date":"2019-04-23T11:38:00","date_gmt":"2019-04-23T08:38:00","guid":{"rendered":"https:\/\/dia.edu.az\/?p=11503"},"modified":"2021-03-13T11:38:53","modified_gmt":"2021-03-13T08:38:53","slug":"az%c9%99rbaycanda-regional-inkisafin-idar%c9%99-olunmasinda-yeni-istiqam%c9%99tl%c9%99r-movzusunda-respublika-elmi-konfransi-kecirilib","status":"publish","type":"post","link":"https:\/\/legacy.dia.edu.az\/ru\/arxivl\u0259r\/11503","title":{"rendered":"\u201cAz\u0259rbaycanda regional inki\u015faf\u0131n idar\u0259 olunmas\u0131nda yeni istiqam\u0259tl\u0259r\u201d m\u00f6vzusunda respublika elmi konfrans\u0131 ke\u00e7irilib"},"content":{"rendered":"<p><strong>\u201cAz\u0259rbaycanda regional inki\u015faf\u0131n idar\u0259 olunmas\u0131nda yeni istiqam\u0259tl\u0259r\u201d m\u00f6vzusunda respublika elmi konfrans\u0131 ke\u00e7irilib<\/strong><br><em>Apr 23 , 2019 &#8211; 09:08<\/em><\/p>\n\n\n\n<p>Aprelin 22-d\u0259 Az\u0259rbaycan Respublikas\u0131n\u0131n Prezidenti yan\u0131nda D\u00f6vl\u0259t \u0130dar\u0259\u00e7ilik Akademiyas\u0131nda (D\u0130A) \u201cAz\u0259rbaycanda regional inki\u015faf\u0131n idar\u0259 olunmas\u0131nda yeni istiqam\u0259tl\u0259r\u201d m\u00f6vzusunda respublika elmi konfrans\u0131 ke\u00e7irilib.<\/p>\n\n\n\n<p>Konfrans\u0131n a\u00e7\u0131l\u0131\u015f\u0131n\u0131 D\u00f6vl\u0259t \u0130dar\u0259\u00e7ilik Akademiyas\u0131n\u0131n rektoru, akademik Urxan \u018fl\u0259kb\u0259rov v\u0259 Milli M\u0259clisin regional m\u0259s\u0259l\u0259l\u0259r komit\u0259sinin s\u0259dri Arif R\u0259himzad\u0259 edibl\u0259r. Bildirilib ki, Prezident \u0130lham \u018fliyevin r\u0259hb\u0259rliyi il\u0259 son 16 ild\u0259 Az\u0259rbaycanda b\u00fct\u00fcn sah\u0259l\u0259rd\u0259 y\u00fcks\u0259k nailiyy\u0259tl\u0259r qazan\u0131l\u0131b, b\u00f6lg\u0259l\u0259rd\u0259 sosial-iqtisadi inki\u015fafla ba\u011fl\u0131 infrastruktur layih\u0259l\u0259ri, k\u00f6kl\u00fc iqtisadi islahatlar h\u0259yata ke\u00e7irilib, \u00f6lk\u0259mizin beyn\u0259lxalq n\u00fcfuzu \u0259h\u0259miyy\u0259tli d\u0259r\u0259c\u0259d\u0259 art\u0131b. D\u00f6vl\u0259t ba\u015f\u00e7\u0131s\u0131 \u201cAz\u0259rbaycan Respublikas\u0131 regionlar\u0131n\u0131n 2019\u20132023-c\u00fc ill\u0259rd\u0259 sosial-iqtisadi inki\u015faf\u0131 D\u00f6vl\u0259t Proqram\u0131\u201dn\u0131n t\u0259sdiq edilm\u0259si haqq\u0131nda F\u0259rman imzalay\u0131b. F\u0259rman \u00f6lk\u0259 regionlar\u0131n\u0131n, o c\u00fcml\u0259d\u0259n k\u0259nd yerl\u0259rinin sosial-iqtisadi inki\u015faf\u0131 sah\u0259sind\u0259 g\u00f6r\u00fclm\u00fc\u015f i\u015fl\u0259ri n\u00f6vb\u0259ti ill\u0259rd\u0259 d\u0259 davam etdirm\u0259k, el\u0259c\u0259 d\u0259 infrastrukturun v\u0259 sosial xidm\u0259tl\u0259rin daha da yax\u015f\u0131la\u015fd\u0131r\u0131lmas\u0131, b\u00f6lg\u0259l\u0259rd\u0259 ya\u015fayan \u0259halinin m\u0259\u015f\u011fullu\u011funun v\u0259 maddi rifah\u0131n\u0131n y\u00fcks\u0259ldilm\u0259si m\u0259qs\u0259di da\u015f\u0131y\u0131r.<\/p>\n\n\n\n<p>Qeyd edilib ki, regionlar\u0131m\u0131z\u0131n inki\u015faf\u0131 \u00f6lk\u0259d\u0259 u\u011furla h\u0259yata ke\u00e7iril\u0259n davaml\u0131 sosial-iqtisadi inki\u015faf strategiyas\u0131n\u0131n m\u00fch\u00fcm t\u0259rkib hiss\u0259sidir. Regionlar\u0131n inki\u015faf\u0131 sah\u0259sind\u0259 q\u0259bul edilmi\u015f v\u0259 u\u011furla h\u0259yata ke\u00e7irilmi\u015f d\u00f6vl\u0259t proqramlar\u0131nda, habel\u0259 regionlar\u0131n sosial-iqtisadi inki\u015faf\u0131na dair \u0259lav\u0259 t\u0259dbirl\u0259rl\u0259 ba\u011fl\u0131 s\u0259r\u0259ncamlarda n\u0259z\u0259rd\u0259 tutulmu\u015f v\u0259zif\u0259l\u0259rin icras\u0131 \u00f6lk\u0259d\u0259 qeyri-neft sektorunun davaml\u0131 inki\u015faf\u0131na, kommunal xidm\u0259tl\u0259rin v\u0259 sosial infrastruktur t\u0259minat\u0131n\u0131n keyfiyy\u0259tinin y\u00fcks\u0259ldilm\u0259sin\u0259, sahibkarl\u0131q m\u00fchitinin daha da yax\u015f\u0131la\u015fd\u0131r\u0131lmas\u0131na, investisiya qoyulu\u015funun artmas\u0131na, yeni m\u00fc\u0259ssis\u0259l\u0259rin, i\u015f yerl\u0259rinin a\u00e7\u0131lmas\u0131na v\u0259 n\u0259tic\u0259d\u0259, \u0259halinin m\u0259\u015f\u011fullu\u011funun art\u0131r\u0131lmas\u0131na v\u0259 yoxsulluq s\u0259viyy\u0259sinin azald\u0131lmas\u0131na t\u0259kan verib.<\/p>\n\n\n\n<p>Daha sonra Yasamal b\u0259l\u0259diyy\u0259sinin \u00fczv\u00fc \u018fli \u018fkb\u0259rli, \u018fmlak M\u0259s\u0259l\u0259l\u0259ri D\u00f6vl\u0259t Komit\u0259sinin sektor m\u00fcdiri Nurlan Verdiyev, D\u00f6vl\u0259t \u0130dar\u0259\u00e7ilik Akademiyas\u0131n\u0131n dekan\u0131, professor Xatir\u0259 H\u00fcseynova v\u0259 akademiyan\u0131n dosenti Roza \u018fliyeva m\u0259ruz\u0259 il\u0259 \u00e7\u0131x\u0131\u015f edibl\u0259r.<\/p>\n\n\n\n<p>Konfrans\u0131n g\u00fcnd\u0259liyi v\u0259 se\u00e7ilmi\u015f istiqam\u0259tl\u0259r regional inki\u015faf\u0131n idar\u0259 olunmas\u0131nda innovativ prosesl\u0259rin t\u0259hlili, perspektiv imkanlar\u0131n \u00f6yr\u0259nilm\u0259sin\u0259 h\u0259sr edilib. Bu sah\u0259d\u0259 \u0259ld\u0259 edilmi\u015f u\u011furlar v\u0259 g\u0259l\u0259c\u0259k inki\u015faf perspektivl\u0259ri istiqam\u0259tind\u0259 innovasiyalar\u0131 t\u0259qdim etm\u0259k ist\u0259y\u0259n t\u0259dqiqat\u00e7\u0131lar, m\u00fc\u0259llim hey\u0259ti, m\u00fct\u0259x\u0259ssisl\u0259r fikir m\u00fcbadil\u0259si apar\u0131blar.<\/p>\n\n\n\n<p>Konfransda Milli M\u0259clis, Ekologiya v\u0259 T\u0259bii S\u0259rv\u0259tl\u0259r Nazirliyi, H\u0259rbi Prokurorluq, \u018fmlak M\u0259s\u0259l\u0259l\u0259ri D\u00f6vl\u0259t Komit\u0259si, Ombudsman Aparat\u0131n\u0131n \u015e\u0259ki Regional M\u0259rk\u0259zi, Ming\u0259\u00e7evir \u201cASAN xidm\u0259t\u201d, Naftalan \u015e\u0259h\u0259r \u0130cra Hakimiyy\u0259ti, Qazax Rayon \u0130cra Hakimiyy\u0259ti, Pirallah\u0131 Rayon \u0130cra Hakimiyy\u0259ti, Beyl\u0259qan Rayon \u0130cra Hakimiyy\u0259ti, A\u011fstafa Rayon \u0130cra Hakimiyy\u0259ti, Yard\u0131ml\u0131 Rayon \u0130cra Hakimiyy\u0259ti, T\u0259rt\u0259r Rayon \u0130cra Hakimiyy\u0259ti, A\u011fda\u015f Rayon \u0130cra Hakimiyy\u0259ti, Zaqatala Rayon \u0130cra Hakimiyy\u0259ti, X\u0259z\u0259r Rayon \u0130cra Hakimiyy\u0259ti, Yasamal B\u0259l\u0259diyy\u0259si, Az\u0259rbaycan D\u00f6vl\u0259t \u0130qtisad Universiteti, Az\u0259rbaycan D\u00f6vl\u0259t Neft v\u0259 S\u0259naye Universiteti, Q\u0259rb Universiteti v\u0259 dig\u0259r qurumlar\u0131n n\u00fcmay\u0259nd\u0259l\u0259ri i\u015ftirak edibl\u0259r.<\/p>\n\n\n\n<p>Konfrans \u00f6z i\u015fini sessiyalarla davam etdirib.<\/p>\n\n\n\n<figure class=\"wp-container-2 wp-block-gallery-1 wp-block-gallery columns-1 is-cropped\"><ul class=\"blocks-gallery-grid\"><li class=\"blocks-gallery-item\"><figure><img width=\"640\" height=\"308\" src=\"https:\/\/dia.edu.az\/wp-content\/uploads\/2021\/03\/23.041555996346.jpg\" alt=\"\" data-id=\"11504\" data-full-url=\"https:\/\/dia.edu.az\/wp-content\/uploads\/2021\/03\/23.041555996346.jpg\" data-link=\"https:\/\/dia.edu.az\/?attachment_id=11504\" class=\"wp-image-11504\" srcset=\"https:\/\/legacy.dia.edu.az\/wp-content\/uploads\/2021\/03\/23.041555996346.jpg 640w, https:\/\/legacy.dia.edu.az\/wp-content\/uploads\/2021\/03\/23.041555996346-300x144.jpg 300w, https:\/\/legacy.dia.edu.az\/wp-content\/uploads\/2021\/03\/23.041555996346-16x8.jpg 16w, https:\/\/legacy.dia.edu.az\/wp-content\/uploads\/2021\/03\/23.041555996346-300x144@2x.jpg 600w\" sizes=\"(max-width: 640px) 100vw, 640px\" \/><\/figure><\/li><\/ul><\/figure>","protected":false},"excerpt":{"rendered":"<p>\u201cAz\u0259rbaycanda regional inki\u015faf\u0131n idar\u0259 olunmas\u0131nda yeni istiqam\u0259tl\u0259r\u201d m\u00f6vzusunda respublika elmi konfrans\u0131 ke\u00e7irilibApr 23 , 2019 &#8211; 09:08 Aprelin 22-d\u0259 Az\u0259rbaycan Respublikas\u0131n\u0131n Prezidenti yan\u0131nda D\u00f6vl\u0259t \u0130dar\u0259\u00e7ilik Akademiyas\u0131nda (D\u0130A) \u201cAz\u0259rbaycanda regional inki\u015faf\u0131n idar\u0259 olunmas\u0131nda yeni istiqam\u0259tl\u0259r\u201d m\u00f6vzusunda respublika elmi konfrans\u0131 ke\u00e7irilib. Konfrans\u0131n a\u00e7\u0131l\u0131\u015f\u0131n\u0131 D\u00f6vl\u0259t \u0130dar\u0259\u00e7ilik Akademiyas\u0131n\u0131n rektoru, akademik Urxan \u018fl\u0259kb\u0259rov v\u0259 Milli M\u0259clisin regional m\u0259s\u0259l\u0259l\u0259r komit\u0259sinin s\u0259dri [&hellip;]<\/p>","protected":false},"author":2,"featured_media":11504,"comment_status":"closed","ping_status":"closed","sticky":false,"template":"","format":"standard","meta":[],"categories":[137],"tags":[],"_links":{"self":[{"href":"https:\/\/legacy.dia.edu.az\/ru\/wp-json\/wp\/v2\/posts\/11503"}],"collection":[{"href":"https:\/\/legacy.dia.edu.az\/ru\/wp-json\/wp\/v2\/posts"}],"about":[{"href":"https:\/\/legacy.dia.edu.az\/ru\/wp-json\/wp\/v2\/types\/post"}],"author":[{"embeddable":true,"href":"https:\/\/legacy.dia.edu.az\/ru\/wp-json\/wp\/v2\/users\/2"}],"replies":[{"embeddable":true,"href":"https:\/\/legacy.dia.edu.az\/ru\/wp-json\/wp\/v2\/comments?post=11503"}],"version-history":[{"count":0,"href":"https:\/\/legacy.dia.edu.az\/ru\/wp-json\/wp\/v2\/posts\/11503\/revisions"}],"wp:featuredmedia":[{"embeddable":true,"href":"https:\/\/legacy.dia.edu.az\/ru\/wp-json\/wp\/v2\/media\/11504"}],"wp:attachment":[{"href":"https:\/\/legacy.dia.edu.az\/ru\/wp-json\/wp\/v2\/media?parent=11503"}],"wp:term":[{"taxonomy":"category","embeddable":true,"href":"https:\/\/legacy.dia.edu.az\/ru\/wp-json\/wp\/v2\/categories?post=11503"},{"taxonomy":"post_tag","embeddable":true,"href":"https:\/\/legacy.dia.edu.az\/ru\/wp-json\/wp\/v2\/tags?post=11503"}],"curies":[{"name":"wp","href":"https:\/\/api.w.org\/{rel}","templated":true}]}}