{"id":11500,"date":"2019-04-23T11:35:00","date_gmt":"2019-04-23T08:35:00","guid":{"rendered":"https:\/\/dia.edu.az\/?p=11500"},"modified":"2021-03-13T11:37:33","modified_gmt":"2021-03-13T08:37:33","slug":"turkiy%c9%99-universitetl%c9%99ri-il%c9%99-%c9%99m%c9%99kdasliq-az%c9%99rbaycanin-inkluziv-inkisafi-bar%c9%99d%c9%99-elmi-ictimaiyy%c9%99ti-m%c9%99lumatlandirmaga-genis-imkanlar-yaradir","status":"publish","type":"post","link":"https:\/\/legacy.dia.edu.az\/ru\/arxivl\u0259r\/11500","title":{"rendered":"T\u00fcrkiy\u0259 universitetl\u0259ri il\u0259 \u0259m\u0259kda\u015fl\u0131q Az\u0259rbaycan\u0131n inkl\u00fcziv inki\u015faf\u0131 bar\u0259d\u0259 elmi ictimaiyy\u0259ti m\u0259lumatland\u0131rma\u011fa geni\u015f imkanlar yarad\u0131r"},"content":{"rendered":"<p><strong>T\u00fcrkiy\u0259 universitetl\u0259ri il\u0259 \u0259m\u0259kda\u015fl\u0131q Az\u0259rbaycan\u0131n inkl\u00fcziv inki\u015faf\u0131 bar\u0259d\u0259 elmi ictimaiyy\u0259ti m\u0259lumatland\u0131rma\u011fa geni\u015f imkanlar yarad\u0131r<\/strong><br><em>Apr 23 , 2019 &#8211; 09:03<\/em><\/p>\n\n\n\n<p>Az\u0259rbaycan Respublikas\u0131n\u0131n Prezidenti yan\u0131nda D\u00f6vl\u0259t \u0130dar\u0259\u00e7ilik Akademiyas\u0131 (D\u0130A) T\u00fcrkiy\u0259nin n\u00fcfuzlu ali m\u0259kt\u0259bl\u0259ri il\u0259 \u0259m\u0259kda\u015fl\u0131\u011fa x\u00fcsusi diqq\u0259t yetirir. Ankara Sosial Elml\u0259r Universiteti il\u0259 m\u00fcnasib\u0259tl\u0259rimiz dinamik inki\u015fafdad\u0131r. M\u0259hz bu \u0259laq\u0259l\u0259r say\u0259sind\u0259 Az\u0259rbaycan\u0131n inkl\u00fcziv inki\u015faf\u0131 bar\u0259d\u0259 T\u00fcrkiy\u0259nin elmi ictimaiyy\u0259tin\u0259 \u0259trafl\u0131 m\u0259lumat \u00e7atd\u0131ra bilirik. Bunu&nbsp;<a href=\"https:\/\/azertag.az\/\" target=\"_blank\" rel=\"noreferrer noopener\">AZ\u018fRTAC<\/a>\u2013a a\u00e7\u0131qlamas\u0131nda D\u0130A-n\u0131n rektoru, akademik Urxan \u018fl\u0259kb\u0259rov deyib. U.\u018fl\u0259kb\u0259rov bildirib ki, 2018-ci il Davos Forumunun hesabat\u0131nda inkl\u00fcziv inki\u015faf indeksin\u0259 g\u00f6r\u0259 Az\u0259rbaycan ke\u00e7id iqtisadiyyat\u0131na malik \u00f6lk\u0259l\u0259r aras\u0131nda 3-c\u00fc yerd\u0259 q\u0259rarla\u015faraq, iqtisadi imkanlar\u0131 daha y\u00fcks\u0259k olan Avropa \u0130ttifaq\u0131 \u00f6lk\u0259l\u0259rinin \u00e7oxunu gerid\u0259 qoyub. Eyni zamanda, inkl\u00fcziv inki\u015faf\u0131n idar\u0259 edilm\u0259sin\u0259, y\u0259ni resurslardan s\u0259m\u0259r\u0259li istifad\u0259y\u0259 g\u00f6r\u0259 Az\u0259rbaycan d\u00fcnyada birinci yerd\u0259dir. Bu, Prezident \u0130lham \u018fliyevin t\u0259tbiq etdiyi yeni idar\u0259\u00e7ilik texnologiyalar\u0131n\u0131n n\u0259tic\u0259sidir.<\/p>\n\n\n\n<p>Qeyd ed\u0259k ki, U.\u018fl\u0259kb\u0259rov Ankara Sosial Elml\u0259r Universitetind\u0259 t\u0259\u015fkil olunan elmi seminarda \u201cDavaml\u0131 inkl\u00fcziv inki\u015faf m\u0259qs\u0259dl\u0259rinin t\u0259mini \u00fc\u00e7\u00fcn yeni idar\u0259etm\u0259 texnologiyalar\u0131: Az\u0259rbaycan\u0131n t\u0259cr\u00fcb\u0259si\u201d m\u00f6vzusunda m\u0259ruz\u0259 il\u0259 \u00e7\u0131x\u0131\u015f edib. Bundan ba\u015fqa, Ankarada D\u0130A il\u0259 T\u00fcrkiy\u0259nin Xaricd\u0259ki T\u00fcrkl\u0259r v\u0259 \u018fqr\u0259ba \u0130cmalar\u0131 \u0130dar\u0259si aras\u0131nda \u0259m\u0259kda\u015fl\u0131q protokolu imzalan\u0131b.<\/p>","protected":false},"excerpt":{"rendered":"<p>T\u00fcrkiy\u0259 universitetl\u0259ri il\u0259 \u0259m\u0259kda\u015fl\u0131q Az\u0259rbaycan\u0131n inkl\u00fcziv inki\u015faf\u0131 bar\u0259d\u0259 elmi ictimaiyy\u0259ti m\u0259lumatland\u0131rma\u011fa geni\u015f imkanlar yarad\u0131rApr 23 , 2019 &#8211; 09:03 Az\u0259rbaycan Respublikas\u0131n\u0131n Prezidenti yan\u0131nda D\u00f6vl\u0259t \u0130dar\u0259\u00e7ilik Akademiyas\u0131 (D\u0130A) T\u00fcrkiy\u0259nin n\u00fcfuzlu ali m\u0259kt\u0259bl\u0259ri il\u0259 \u0259m\u0259kda\u015fl\u0131\u011fa x\u00fcsusi diqq\u0259t yetirir. Ankara Sosial Elml\u0259r Universiteti il\u0259 m\u00fcnasib\u0259tl\u0259rimiz dinamik inki\u015fafdad\u0131r. M\u0259hz bu \u0259laq\u0259l\u0259r say\u0259sind\u0259 Az\u0259rbaycan\u0131n inkl\u00fcziv inki\u015faf\u0131 bar\u0259d\u0259 T\u00fcrkiy\u0259nin elmi ictimaiyy\u0259tin\u0259 [&hellip;]<\/p>","protected":false},"author":2,"featured_media":11501,"comment_status":"closed","ping_status":"closed","sticky":false,"template":"","format":"standard","meta":[],"categories":[137],"tags":[],"_links":{"self":[{"href":"https:\/\/legacy.dia.edu.az\/ru\/wp-json\/wp\/v2\/posts\/11500"}],"collection":[{"href":"https:\/\/legacy.dia.edu.az\/ru\/wp-json\/wp\/v2\/posts"}],"about":[{"href":"https:\/\/legacy.dia.edu.az\/ru\/wp-json\/wp\/v2\/types\/post"}],"author":[{"embeddable":true,"href":"https:\/\/legacy.dia.edu.az\/ru\/wp-json\/wp\/v2\/users\/2"}],"replies":[{"embeddable":true,"href":"https:\/\/legacy.dia.edu.az\/ru\/wp-json\/wp\/v2\/comments?post=11500"}],"version-history":[{"count":0,"href":"https:\/\/legacy.dia.edu.az\/ru\/wp-json\/wp\/v2\/posts\/11500\/revisions"}],"wp:featuredmedia":[{"embeddable":true,"href":"https:\/\/legacy.dia.edu.az\/ru\/wp-json\/wp\/v2\/media\/11501"}],"wp:attachment":[{"href":"https:\/\/legacy.dia.edu.az\/ru\/wp-json\/wp\/v2\/media?parent=11500"}],"wp:term":[{"taxonomy":"category","embeddable":true,"href":"https:\/\/legacy.dia.edu.az\/ru\/wp-json\/wp\/v2\/categories?post=11500"},{"taxonomy":"post_tag","embeddable":true,"href":"https:\/\/legacy.dia.edu.az\/ru\/wp-json\/wp\/v2\/tags?post=11500"}],"curies":[{"name":"wp","href":"https:\/\/api.w.org\/{rel}","templated":true}]}}