{"id":11490,"date":"2019-04-26T11:31:00","date_gmt":"2019-04-26T08:31:00","guid":{"rendered":"https:\/\/dia.edu.az\/?p=11490"},"modified":"2021-03-13T11:33:06","modified_gmt":"2021-03-13T08:33:06","slug":"dovl%c9%99t-idar%c9%99cilik-akademiyasinda-ekologiya-v%c9%99-t%c9%99bii-s%c9%99rv%c9%99tl%c9%99r-nazirliyind%c9%99-calisan-dovl%c9%99t-qulluqculari-ucun-ixtisasartirma-kursu-t%c9%99skil-edilib","status":"publish","type":"post","link":"https:\/\/legacy.dia.edu.az\/ru\/arxivl\u0259r\/11490","title":{"rendered":"D\u00f6vl\u0259t \u0130dar\u0259\u00e7ilik Akademiyas\u0131nda Ekologiya v\u0259 T\u0259bii S\u0259rv\u0259tl\u0259r Nazirliyind\u0259 \u00e7al\u0131\u015fan d\u00f6vl\u0259t qulluq\u00e7ular\u0131 \u00fc\u00e7\u00fcn ixtisasart\u0131rma kursu t\u0259\u015fkil edilib"},"content":{"rendered":"<p><strong>D\u00f6vl\u0259t \u0130dar\u0259\u00e7ilik Akademiyas\u0131nda Ekologiya v\u0259 T\u0259bii S\u0259rv\u0259tl\u0259r Nazirliyind\u0259 \u00e7al\u0131\u015fan d\u00f6vl\u0259t qulluq\u00e7ular\u0131 \u00fc\u00e7\u00fcn ixtisasart\u0131rma kursu t\u0259\u015fkil edilib<\/strong><br><em>Apr 26 , 2019 &#8211; 12:07<\/em><\/p>\n\n\n\n<p>Az\u0259rbaycan Respublikas\u0131n\u0131n Prezidenti yan\u0131nda D\u00f6vl\u0259t \u0130dar\u0259\u00e7ilik Akademiyas\u0131nda 22-25 aprel tarixl\u0259rind\u0259 \u201cM\u00fcasir d\u00f6vl\u0259t idar\u0259\u00e7iliyinin t\u0259\u015fkilati \u0259saslar\u0131: 15 il innovativ inki\u015faf yollar\u0131nda\u201d istiqam\u0259ti \u00fczr\u0259ixtisasart\u0131rma kursu ke\u00e7irilib.<\/p>\n\n\n\n<p>Ekologiya v\u0259 T\u0259bii S\u0259rv\u0259tl\u0259r Nazirliyi il\u0259 Az\u0259rbaycan Respublikas\u0131n\u0131n Prezidenti yan\u0131nda D\u00f6vl\u0259t \u0130dar\u0259\u00e7ilik Akademiyas\u0131 aras\u0131nda birg\u0259 \u0259m\u0259kda\u015fl\u0131q, kadr potensial\u0131n\u0131n g\u00fccl\u0259ndirilm\u0259si kimi m\u0259s\u0259l\u0259l\u0259r\u0259 dair 2019-cu ild\u0259 imzalanan Memoranduma \u0259sas\u0259n kursa Az\u0259rbaycan Respublikas\u0131n\u0131n Ekologiya v\u0259 T\u0259bii S\u0259rv\u0259tl\u0259r Nazirliyinin \u0259m\u0259kda\u015flar\u0131 olan d\u00f6vl\u0259t qulluq\u00e7ular\u0131 c\u0259lb edilmi\u015fdir.<\/p>\n\n\n\n<p>&nbsp; &nbsp; &nbsp; &nbsp;Kursun \u0259sas m\u0259qs\u0259di d\u00f6vl\u0259t idar\u0259\u00e7iliyind\u0259 innovativ texnologiyalar: Az\u0259rbaycan Respublikas\u0131n\u0131n t\u0259cr\u00fcb\u0259si, D\u00fcnyada v\u0259 b\u00f6lg\u0259d\u0259 yeni t\u0259hl\u00fck\u0259sizlik m\u00fchitinin formala\u015fmas\u0131naAz\u0259rbaycan Respublikas\u0131n\u0131n t\u00f6hf\u0259si, d\u0259yi\u015fiklikl\u0259rin idar\u0259edilm\u0259si, d\u00f6vl\u0259t qulluq\u00e7ular\u0131n\u0131n m\u0259n\u0259vi-\u0259xlaqi kefiyy\u0259tl\u0259rinin art\u0131r\u0131lmas\u0131 v\u0259 s. m\u00f6vzularla ba\u011fl\u0131 bilikl\u0259rin dinl\u0259yicil\u0259r\u0259 \u00e7atd\u0131r\u0131lmas\u0131 v\u0259 bu sah\u0259d\u0259 g\u00f6zl\u0259ntil\u0259r bar\u0259d\u0259 fikir m\u00fcbadil\u0259sinin apar\u0131lmas\u0131 idi.<\/p>\n\n\n\n<p>&nbsp; &nbsp; &nbsp; &nbsp; &nbsp; &nbsp; &nbsp; Kursun a\u00e7\u0131l\u0131\u015f\u0131nda D\u00f6vl\u0259t \u0130dar\u0259\u00e7ilik Akademiyas\u0131n\u0131n rektoru akademik Urxan \u018fl\u0259kb\u0259rov ulu \u00f6nd\u0259r Heyd\u0259r \u018fliyev t\u0259r\u0259find\u0259n \u0259sas\u0131 qoyulmu\u015f v\u0259 Prezident \u0130lham \u018fliyevin u\u011furla inki\u015faf etdirdiyi innovativ idar\u0259etm\u0259 texnologiyalar\u0131n\u0131n n\u0259z\u0259ri \u0259saslar\u0131n\u0131n i\u015fl\u0259nilm\u0259si, onlar\u0131n t\u0259cr\u00fcb\u0259d\u0259 t\u0259tbiqind\u0259n dan\u0131\u015fd\u0131. Akademik U.\u018fl\u0259kb\u0259rov Az\u0259rbaycan Respublikas\u0131nda davaml\u0131 inkl\u00fcziv inki\u015faf sah\u0259sind\u0259 \u00f6lk\u0259 Prezidenti c\u0259nab \u0130lham \u018fliyevin u\u011furla h\u0259yata ke\u00e7irdiyi strategiyan\u0131n \u0259h\u0259miyy\u0259tind\u0259n s\u00f6z a\u00e7d\u0131, d\u00f6vl\u0259t siyas\u0259tinin y\u00fcks\u0259k pe\u015f\u0259karl\u0131qla planla\u015fd\u0131r\u0131lmas\u0131n\u0131n v\u0259 idar\u0259 edilm\u0259sinin innovativ idar\u0259etm\u0259 texnologiyalar\u0131 kompleksinin t\u0259tbiqi il\u0259 ba\u011fl\u0131 oldu\u011funu qeyd etdi. Akademik \u0259ld\u0259 edil\u0259n u\u011furlar\u0131n \u0259sas\u0131nda idar\u0259etm\u0259 sah\u0259si \u00fc\u00e7\u00fcn m\u00fch\u00fcm olan sinergetik, komplimentar v\u0259 kompensasion texnologiyalar\u0131n x\u00fcsusi yer tutdu\u011funu vur\u011fulad\u0131.<\/p>\n\n\n\n<p>&nbsp; &nbsp; &nbsp; &nbsp;Dig\u0259r m\u0259ruz\u0259\u00e7il\u0259r D\u00f6vl\u0259t \u0130dar\u0259\u00e7ilik Akademiyas\u0131n\u0131n I&nbsp; prorektoru professor \u018flikram Abdullayev, Siyasi ara\u015fd\u0131rmalar institutunun direktoru, Milli M\u0259clisin deputat\u0131 professor Elman N\u0259sirov, D\u00f6vl\u0259t qullu\u011fu v\u0259 kadr siyas\u0259ti kafedras\u0131n\u0131n dosenti, Milli M\u0259clisin deputat\u0131 Ayd\u0131n Mirz\u0259zad\u0259, Siyasi idar\u0259etm\u0259 fak\u00fclt\u0259sinin dekan\u0131 professor El\u00e7in \u018fhm\u0259dov, Analitika v\u0259 t\u0259hsilin informasiya t\u0259minat\u0131 \u015f\u00f6b\u0259sinin m\u00fcdiri professor Ziyaf\u0259t H\u0259bibova, Tarix kafedras\u0131n\u0131n professoru Fuad M\u0259mm\u0259dov, Elmi-t\u0259\u015fkilat v\u0259 beyn\u0259lxalq \u0259laq\u0259l\u0259r \u015f\u00f6b\u0259sinin m\u00fcdiri dosent R\u0259c\u0259b R\u0259himli, Politologiya v\u0259 siyasi idar\u0259etm\u0259 kafedras\u0131n\u0131n m\u00fc\u0259llimi, siyasi elml\u0259r \u00fczr\u0259 f\u0259ls\u0259f\u0259 doktoru Tural \u018fliyev, D\u00f6vl\u0259t qullu\u011fu v\u0259 kadr siyas\u0259ti kafedras\u0131n\u0131n m\u00fc\u0259llimi Elnur \u018fliyev v\u0259 ba\u015fqalar\u0131 m\u00fcxt\u0259lif m\u00f6vzularda m\u00fchazir\u0259l\u0259rl\u0259 \u00e7\u0131x\u0131\u015f etmi\u015fl\u0259r.&nbsp;<\/p>\n\n\n\n<p>\u00a0 \u00a0 \u00a0 \u00a0 \u00a0 \u00a0 \u00a0Sonda kursu m\u00fcv\u0259ff\u0259qiyy\u0259tl\u0259 bitir\u0259nl\u0259r\u0259 sertifikatlar t\u0259qdim edilib.<\/p>\n\n\n\n<figure class=\"wp-container-2 wp-block-gallery-1 wp-block-gallery columns-3 is-cropped\"><ul class=\"blocks-gallery-grid\"><li class=\"blocks-gallery-item\"><figure><img width=\"1024\" height=\"678\" src=\"https:\/\/dia.edu.az\/wp-content\/uploads\/2021\/03\/25.04-1024x678.jpg\" alt=\"\" data-id=\"11491\" data-full-url=\"https:\/\/dia.edu.az\/wp-content\/uploads\/2021\/03\/25.04-scaled.jpg\" data-link=\"https:\/\/dia.edu.az\/?attachment_id=11491\" class=\"wp-image-11491\" srcset=\"https:\/\/legacy.dia.edu.az\/wp-content\/uploads\/2021\/03\/25.04-1024x678.jpg 1024w, https:\/\/legacy.dia.edu.az\/wp-content\/uploads\/2021\/03\/25.04-300x199.jpg 300w, https:\/\/legacy.dia.edu.az\/wp-content\/uploads\/2021\/03\/25.04-1536x1017.jpg 1536w, https:\/\/legacy.dia.edu.az\/wp-content\/uploads\/2021\/03\/25.04-2048x1356.jpg 2048w, https:\/\/legacy.dia.edu.az\/wp-content\/uploads\/2021\/03\/25.04-16x12.jpg 16w, https:\/\/legacy.dia.edu.az\/wp-content\/uploads\/2021\/03\/25.04-150x100.jpg 150w, https:\/\/legacy.dia.edu.az\/wp-content\/uploads\/2021\/03\/25.04-300x199@2x.jpg 600w\" sizes=\"(max-width: 1024px) 100vw, 1024px\" \/><\/figure><\/li><li class=\"blocks-gallery-item\"><figure><img width=\"1024\" height=\"678\" src=\"https:\/\/dia.edu.az\/wp-content\/uploads\/2021\/03\/2504-1024x678.jpg\" alt=\"\" data-id=\"11492\" data-full-url=\"https:\/\/dia.edu.az\/wp-content\/uploads\/2021\/03\/2504-scaled.jpg\" data-link=\"https:\/\/dia.edu.az\/?attachment_id=11492\" class=\"wp-image-11492\" srcset=\"https:\/\/legacy.dia.edu.az\/wp-content\/uploads\/2021\/03\/2504-1024x678.jpg 1024w, https:\/\/legacy.dia.edu.az\/wp-content\/uploads\/2021\/03\/2504-300x199.jpg 300w, https:\/\/legacy.dia.edu.az\/wp-content\/uploads\/2021\/03\/2504-1536x1017.jpg 1536w, https:\/\/legacy.dia.edu.az\/wp-content\/uploads\/2021\/03\/2504-2048x1356.jpg 2048w, https:\/\/legacy.dia.edu.az\/wp-content\/uploads\/2021\/03\/2504-16x12.jpg 16w, https:\/\/legacy.dia.edu.az\/wp-content\/uploads\/2021\/03\/2504-150x100.jpg 150w, https:\/\/legacy.dia.edu.az\/wp-content\/uploads\/2021\/03\/2504-300x199@2x.jpg 600w\" sizes=\"(max-width: 1024px) 100vw, 1024px\" \/><\/figure><\/li><li class=\"blocks-gallery-item\"><figure><img width=\"1024\" height=\"678\" src=\"https:\/\/dia.edu.az\/wp-content\/uploads\/2021\/03\/250419-1024x678.jpg\" alt=\"\" data-id=\"11493\" data-full-url=\"https:\/\/dia.edu.az\/wp-content\/uploads\/2021\/03\/250419-scaled.jpg\" data-link=\"https:\/\/dia.edu.az\/?attachment_id=11493\" class=\"wp-image-11493\" srcset=\"https:\/\/legacy.dia.edu.az\/wp-content\/uploads\/2021\/03\/250419-1024x678.jpg 1024w, https:\/\/legacy.dia.edu.az\/wp-content\/uploads\/2021\/03\/250419-300x199.jpg 300w, https:\/\/legacy.dia.edu.az\/wp-content\/uploads\/2021\/03\/250419-1536x1017.jpg 1536w, https:\/\/legacy.dia.edu.az\/wp-content\/uploads\/2021\/03\/250419-2048x1356.jpg 2048w, https:\/\/legacy.dia.edu.az\/wp-content\/uploads\/2021\/03\/250419-16x12.jpg 16w, https:\/\/legacy.dia.edu.az\/wp-content\/uploads\/2021\/03\/250419-150x100.jpg 150w, https:\/\/legacy.dia.edu.az\/wp-content\/uploads\/2021\/03\/250419-300x199@2x.jpg 600w\" sizes=\"(max-width: 1024px) 100vw, 1024px\" \/><\/figure><\/li><\/ul><\/figure>","protected":false},"excerpt":{"rendered":"<p>D\u00f6vl\u0259t \u0130dar\u0259\u00e7ilik Akademiyas\u0131nda Ekologiya v\u0259 T\u0259bii S\u0259rv\u0259tl\u0259r Nazirliyind\u0259 \u00e7al\u0131\u015fan d\u00f6vl\u0259t qulluq\u00e7ular\u0131 \u00fc\u00e7\u00fcn ixtisasart\u0131rma kursu t\u0259\u015fkil edilibApr 26 , 2019 &#8211; 12:07 Az\u0259rbaycan Respublikas\u0131n\u0131n Prezidenti yan\u0131nda D\u00f6vl\u0259t \u0130dar\u0259\u00e7ilik Akademiyas\u0131nda 22-25 aprel tarixl\u0259rind\u0259 \u201cM\u00fcasir d\u00f6vl\u0259t idar\u0259\u00e7iliyinin t\u0259\u015fkilati \u0259saslar\u0131: 15 il innovativ inki\u015faf yollar\u0131nda\u201d istiqam\u0259ti \u00fczr\u0259ixtisasart\u0131rma kursu ke\u00e7irilib. Ekologiya v\u0259 T\u0259bii S\u0259rv\u0259tl\u0259r Nazirliyi il\u0259 Az\u0259rbaycan Respublikas\u0131n\u0131n Prezidenti yan\u0131nda [&hellip;]<\/p>","protected":false},"author":2,"featured_media":11491,"comment_status":"closed","ping_status":"closed","sticky":false,"template":"","format":"standard","meta":[],"categories":[137],"tags":[],"_links":{"self":[{"href":"https:\/\/legacy.dia.edu.az\/ru\/wp-json\/wp\/v2\/posts\/11490"}],"collection":[{"href":"https:\/\/legacy.dia.edu.az\/ru\/wp-json\/wp\/v2\/posts"}],"about":[{"href":"https:\/\/legacy.dia.edu.az\/ru\/wp-json\/wp\/v2\/types\/post"}],"author":[{"embeddable":true,"href":"https:\/\/legacy.dia.edu.az\/ru\/wp-json\/wp\/v2\/users\/2"}],"replies":[{"embeddable":true,"href":"https:\/\/legacy.dia.edu.az\/ru\/wp-json\/wp\/v2\/comments?post=11490"}],"version-history":[{"count":0,"href":"https:\/\/legacy.dia.edu.az\/ru\/wp-json\/wp\/v2\/posts\/11490\/revisions"}],"wp:featuredmedia":[{"embeddable":true,"href":"https:\/\/legacy.dia.edu.az\/ru\/wp-json\/wp\/v2\/media\/11491"}],"wp:attachment":[{"href":"https:\/\/legacy.dia.edu.az\/ru\/wp-json\/wp\/v2\/media?parent=11490"}],"wp:term":[{"taxonomy":"category","embeddable":true,"href":"https:\/\/legacy.dia.edu.az\/ru\/wp-json\/wp\/v2\/categories?post=11490"},{"taxonomy":"post_tag","embeddable":true,"href":"https:\/\/legacy.dia.edu.az\/ru\/wp-json\/wp\/v2\/tags?post=11490"}],"curies":[{"name":"wp","href":"https:\/\/api.w.org\/{rel}","templated":true}]}}