{"id":11449,"date":"2019-05-07T10:51:00","date_gmt":"2019-05-07T07:51:00","guid":{"rendered":"https:\/\/dia.edu.az\/?p=11449"},"modified":"2021-03-13T11:09:25","modified_gmt":"2021-03-13T08:09:25","slug":"dovl%c9%99t-idar%c9%99cilik-akademiyasinda-ulu-ond%c9%99r-heyd%c9%99r-%c9%99liyev%c9%99-h%c9%99sr-olunmus-elmi-konfrans-t%c9%99skil-edilib","status":"publish","type":"post","link":"https:\/\/legacy.dia.edu.az\/ru\/arxivl\u0259r\/11449","title":{"rendered":"D\u00f6vl\u0259t \u0130dar\u0259\u00e7ilik Akademiyas\u0131nda ulu \u00f6nd\u0259r Heyd\u0259r \u018fliyev\u0259 h\u0259sr olunmu\u015f elmi konfrans t\u0259\u015fkil edilib"},"content":{"rendered":"<p><strong>D\u00f6vl\u0259t \u0130dar\u0259\u00e7ilik Akademiyas\u0131nda ulu \u00f6nd\u0259r Heyd\u0259r \u018fliyev\u0259 h\u0259sr olunmu\u015f elmi konfrans t\u0259\u015fkil edilib<\/strong><br><em>May 07 , 2019 &#8211; 04:23<\/em><\/p>\n\n\n\n<p>May\u0131n 7-d\u0259 Az\u0259rbaycan Respublikas\u0131n\u0131n Prezidenti yan\u0131nda D\u00f6vl\u0259t \u0130dar\u0259\u00e7ilik Akademiyas\u0131n\u0131n (D\u0130A) Heyd\u0259r \u018fliyev D\u00f6vl\u0259t \u0130dar\u0259\u00e7iliyi M\u0259kt\u0259bind\u0259 \u00dcmummilli Liderin anadan olmas\u0131n\u0131n 96-c\u0131 ild\u00f6n\u00fcm\u00fc il\u0259 \u0259laq\u0259dar elmi konfrans ke\u00e7irilib.<\/p>\n\n\n\n<p>Konfransdan \u00f6nc\u0259 Ulu \u00d6nd\u0259rin akademiyadak\u0131 b\u00fcst\u00fc \u00f6n\u00fcn\u0259 \u0259klil qoyulub, xatir\u0259si bir d\u0259qiq\u0259lik s\u00fckutla yad edilib.<\/p>\n\n\n\n<p>Konfrans\u0131 giri\u015f s\u00f6z\u00fc il\u0259 D\u0130A-n\u0131n rektoru, akademik Urxan \u018fl\u0259kb\u0259rov a\u00e7\u0131b. O, \u201cHeyd\u0259r \u018fliyev v\u0259 Az\u0259rbaycan Respublikas\u0131nda inkl\u00fcziv c\u0259miyy\u0259tin formala\u015fmas\u0131\u201d m\u00f6vzusunda m\u0259ruz\u0259 edib. Akademik Urxan \u018fl\u0259kb\u0259rov g\u00f6rk\u0259mli siyasi xadim Heyd\u0259r \u018fliyevin xalq\u0131m\u0131z v\u0259 d\u00f6vl\u0259timiz qar\u015f\u0131s\u0131ndak\u0131 misilsiz xidm\u0259tl\u0259rind\u0259n dan\u0131\u015f\u0131b. Diqq\u0259t\u0259 \u00e7atd\u0131r\u0131b ki, bu il h\u0259m d\u0259 Heyd\u0259r \u018fliyevin hakimiyy\u0259t\u0259 g\u0259lm\u0259sinin 50 illiyidir. B\u0259zi m\u0259qamlarda Az\u0259rbaycan\u0131n bu g\u00fcn qazand\u0131\u011f\u0131 u\u011furlar\u0131n \u0259sas\u0131 el\u0259 o d\u00f6vrd\u0259 qoyulub. Yax\u015f\u0131 idar\u0259etm\u0259 \u00f6lk\u0259nin u\u011furlu inki\u015faf\u0131 v\u0259 bu prosesin davaml\u0131l\u0131\u011f\u0131n\u0131n t\u0259min olunmas\u0131 \u00fc\u00e7\u00fcn z\u0259ruri \u015f\u0259rtdir. M\u00fcst\u0259qilliyini b\u0259rpa etdikd\u0259n sonra Az\u0259rbaycan Respublikas\u0131 iqtisadi v\u0259 sosial inki\u015faf bax\u0131m\u0131ndan n\u0259z\u0259r\u0259\u00e7arpacaq nailiyy\u0259tl\u0259r\u0259 imza at\u0131b. D\u00f6vl\u0259tin u\u011furlu daxili v\u0259 xarici siyas\u0259ti, milli v\u0259 qlobal maraqlar\u0131n uzla\u015fd\u0131r\u0131lmas\u0131, m\u00fcasir idar\u0259etm\u0259 texnologiyalar\u0131n\u0131n t\u0259tbiqi Az\u0259rbaycan\u0131n beyn\u0259lxalq m\u00fcnasib\u0259tl\u0259r sistemind\u0259 iqtisadi v\u0259 siyasi \u00f6n\u0259minin getdikc\u0259 artmas\u0131na yol a\u00e7\u0131b.<\/p>\n\n\n\n<p>Akademik Urxan \u018fl\u0259kb\u0259rov deyib: \u201c\u0130nkl\u00fcziv inki\u015faf d\u00f6vl\u0259tin inki\u015faf\u0131n\u0131n el\u0259 bir yoludur ki, \u00f6lk\u0259d\u0259 b\u00fct\u00fcn sah\u0259l\u0259rin inki\u015faf\u0131n\u0131 ehtiva edir v\u0259 bunun n\u0259tic\u0259l\u0259rind\u0259n b\u00fct\u00fcn v\u0259t\u0259nda\u015flar b\u0259hr\u0259l\u0259nir. \u0130nkl\u00fcziv inki\u015faf \u00e7ox geni\u015f anlay\u0131\u015fd\u0131r v\u0259 Ulu \u00d6nd\u0259rin f\u0259aliyy\u0259tinin b\u00fct\u00fcn m\u0259rh\u0259l\u0259l\u0259rind\u0259 biz inkl\u00fcziv inki\u015fafa x\u00fcsusi \u00f6n\u0259m verildiyini g\u00f6r\u00fcr\u00fck. \u0130nkl\u00fcziv c\u0259miyy\u0259tin formala\u015fd\u0131r\u0131lmas\u0131 yaln\u0131z \u00f6lk\u0259d\u0259 s\u0259m\u0259r\u0259li iqtisadiyyat\u0131n m\u00f6vcudlu\u011fu \u015f\u0259raitind\u0259 m\u00fcmk\u00fcnd\u00fcr\u201d.<\/p>\n\n\n\n<p>Rektor qeyd edib ki, Az\u0259rbaycan\u0131n m\u00fcasir tarixind\u0259 Heyd\u0259r \u018fliyevin m\u00fcst\u0259sna xidm\u0259tl\u0259ri, onun irsi h\u0259l\u0259 uzun ill\u0259r t\u0259dqiqat\u00e7\u0131lar\u0131n diqq\u0259t m\u0259rk\u0259zind\u0259 olacaq. M\u00fcasir Az\u0259rbaycan\u0131n qurucusu olan \u00dcmummilli Liderimizin xatir\u0259si Az\u0259rbaycan ad\u0131 ya\u015fad\u0131qca xalq\u0131m\u0131z\u0131n yadda\u015f\u0131nda, \u00fcr\u0259yind\u0259 ya\u015fayacaq. Rektor Urxan \u018fl\u0259kb\u0259rov Heyd\u0259r \u018fliyevin \u00f6lk\u0259mizin u\u011furlu inki\u015faf\u0131 istiqam\u0259tind\u0259 h\u0259yata ke\u00e7irdiyi b\u00f6y\u00fck i\u015fl\u0259rin, m\u00f6ht\u0259\u015f\u0259m layih\u0259l\u0259rin bu g\u00fcn Prezident \u0130lham \u018fliyev t\u0259r\u0259find\u0259n u\u011furla davam etdirildiyini diqq\u0259t\u0259 \u00e7atd\u0131r\u0131b.<\/p>\n\n\n\n<p>Konfransda Milli M\u0259clisin deputat\u0131, D\u0130A-n\u0131n Siyasi Ara\u015fd\u0131rmalar \u0130nstitutunun direktoru, siyasi elml\u0259r doktoru, professor Elman N\u0259sirov \u201cSiyas\u0259tin Heyd\u0259r \u018fliyev zirv\u0259si\u201d m\u00f6vzusunda m\u0259ruz\u0259 edib. O bildirib ki, \u00fcmummilli lider Heyd\u0259r \u018fliyev Az\u0259rbaycan d\u00f6vl\u0259tinin tarixind\u0259 misilsiz xidm\u0259ti olmu\u015f \u015f\u0259xsiyy\u0259tdir.<\/p>\n\n\n\n<p>Deputat deyib: \u201cM\u00fcasir Az\u0259rbaycan d\u00f6vl\u0259ti Ulu \u00f6nd\u0259rd\u0259n xalq\u0131m\u0131za \u0259man\u0259tdir, bu \u0259man\u0259ti g\u00f6z b\u0259b\u0259yi kimi qorumaq v\u0259 Heyd\u0259r \u018fliyev ideyalar\u0131 \u0259traf\u0131nda s\u0131x birl\u0259\u015fib onlar\u0131 davam etdirm\u0259k h\u0259r birimizin borcudur. Ulu \u00f6nd\u0259r h\u0259m 1969-1982-ci, h\u0259m d\u0259 1993-2003-c\u00fc ill\u0259rd\u0259 Az\u0259rbaycana r\u0259hb\u0259rlik ed\u0259rk\u0259n \u00f6lk\u0259miz \u00fc\u00e7\u00fcn unudulmayacaq i\u015fl\u0259r g\u00f6r\u00fcb. H\u0259r iki d\u00f6vr bir-birind\u0259n zaman, ictimai-siyasi formasiya bax\u0131m\u0131ndan se\u00e7ils\u0259 d\u0259, Az\u0259rbaycan d\u00f6vl\u0259t\u00e7iliyin\u0259 xidm\u0259t bax\u0131m\u0131ndan bir-birin\u0259 ox\u015fard\u0131r\u201d.<\/p>\n\n\n\n<p>D\u0130A-n\u0131n h\u00fcquq kafedras\u0131n\u0131n m\u00fcdiri F\u0259xr\u0259ddin Na\u011f\u0131yev \u201cHeyd\u0259r \u018fliyev v\u0259 Az\u0259rbaycan Respublikas\u0131nda h\u00fcquqi islahatlar\u201d m\u0259ruz\u0259sind\u0259 n\u0259z\u0259r\u0259 \u00e7atd\u0131r\u0131b ki, Az\u0259rbaycan Respublikas\u0131 m\u00fcst\u0259qilliy\u0259 qovu\u015fduqdan sonra demokratik, h\u00fcquqi d\u00f6vl\u0259t quruculu\u011funu \u00f6z\u00fcn\u00fcn inki\u015faf yolu se\u00e7di. Lakin bu proses he\u00e7 d\u0259 sad\u0259 olmad\u0131. Az\u0259rbaycan m\u00fcst\u0259qilliyinin ilk ill\u0259rind\u0259 \u00f6z tarixinin \u0259n m\u00fcr\u0259kk\u0259b d\u00f6vrl\u0259rind\u0259n birini ya\u015fay\u0131b. M\u0259hz bel\u0259 a\u011f\u0131r \u015f\u0259raitd\u0259 xalq\u0131n t\u0259kidi il\u0259 hakimiyy\u0259t\u0259 qay\u0131dan \u00fcmummilli lider Heyd\u0259r \u018fliyev q\u0131sa m\u00fcdd\u0259t \u0259rzind\u0259 Az\u0259rbaycanda sabitliyi t\u0259min etm\u0259y\u0259 nail oldu v\u0259 taley\u00fckl\u00fc d\u00f6vl\u0259t quruculu\u011funu h\u0259yata ke\u00e7irm\u0259y\u0259 ba\u015flad\u0131. Bu proses \u00f6z\u00fcn\u00fc m\u0259hk\u0259m\u0259-h\u00fcquq islahatlar\u0131n\u0131n realla\u015fd\u0131r\u0131lmas\u0131nda da g\u00f6st\u0259rdi. 1995-ci ild\u0259 Konstitusiyan\u0131n q\u0259bul edilm\u0259si il\u0259 m\u0259hk\u0259m\u0259-h\u00fcquq islahat\u0131n\u0131n birinci m\u0259rh\u0259l\u0259si ba\u015fland\u0131. \u018fsas\u0131 Ulu \u00d6nd\u0259r t\u0259r\u0259find\u0259n qoyulan bu proses Prezident \u0130lham \u018fliyev t\u0259r\u0259find\u0259n bu g\u00fcn u\u011furla davam etdirilir.<\/p>\n\n\n\n<p>D\u0130A-n\u0131n elmi t\u0259\u015fkilat v\u0259 beyn\u0259lxalq \u0259laq\u0259l\u0259r \u015f\u00f6b\u0259sinin m\u00fcdiri, dosent R\u0259c\u0259b R\u0259himli \u201cHeyd\u0259r \u018fliyev d\u00f6vl\u0259t idar\u0259\u00e7iliyind\u0259 islahatlar\u0131n banisidir\u201d m\u00f6vzusunda m\u0259ruz\u0259 edib. O deyib: \u201cSSR\u0130 kimi bir imperiya par\u00e7aland\u0131qdan sonra \u00f6z m\u00fcst\u0259qil d\u00f6vl\u0259tini qurmaq, a\u011fr\u0131l\u0131-ac\u0131l\u0131 ke\u00e7id d\u00f6vr\u00fcn\u00fc ke\u00e7m\u0259k \u00fc\u00e7\u00fcn Az\u0259rbaycana g\u00fccl\u00fc lider laz\u0131m idi. Sevindirici hald\u0131r ki, m\u00fcst\u0259qilliyimizin ilk ill\u0259rind\u0259 Az\u0259rbaycan\u0131n, s\u00f6z\u00fcn \u0259sl m\u0259nas\u0131nda, lideri var idi. M\u0259hz bu liderin &#8211; Heyd\u0259r \u018fliyevin uzaqg\u00f6r\u0259nliyi n\u0259tic\u0259sind\u0259 biz m\u00fcst\u0259qilliyimizi m\u00f6hk\u0259ml\u0259ndir\u0259 bildik. \u00dcmummilli Liderin d\u00f6vl\u0259t idar\u0259\u00e7iliyi sah\u0259sind\u0259 apard\u0131\u011f\u0131 u\u011furlu islahatlar \u00f6lk\u0259mizin dinamik inki\u015faf\u0131na s\u0259b\u0259b oldu\u201d.<\/p>\n\n\n\n<p>Konfrans m\u0259ruz\u0259l\u0259r \u0259traf\u0131nda m\u00fczakir\u0259l\u0259rl\u0259 davam edib.<\/p>\n\n\n\n<figure class=\"wp-container-2 wp-block-gallery-1 wp-block-gallery columns-1 is-cropped\"><ul class=\"blocks-gallery-grid\"><li class=\"blocks-gallery-item\"><figure><img width=\"640\" height=\"424\" src=\"https:\/\/dia.edu.az\/wp-content\/uploads\/2021\/03\/0805191557293945.jpg\" alt=\"\" data-id=\"11460\" data-full-url=\"https:\/\/dia.edu.az\/wp-content\/uploads\/2021\/03\/0805191557293945.jpg\" data-link=\"https:\/\/dia.edu.az\/?attachment_id=11460\" class=\"wp-image-11460\" srcset=\"https:\/\/legacy.dia.edu.az\/wp-content\/uploads\/2021\/03\/0805191557293945.jpg 640w, https:\/\/legacy.dia.edu.az\/wp-content\/uploads\/2021\/03\/0805191557293945-300x199.jpg 300w, https:\/\/legacy.dia.edu.az\/wp-content\/uploads\/2021\/03\/0805191557293945-16x12.jpg 16w, https:\/\/legacy.dia.edu.az\/wp-content\/uploads\/2021\/03\/0805191557293945-150x100.jpg 150w, https:\/\/legacy.dia.edu.az\/wp-content\/uploads\/2021\/03\/0805191557293945-300x199@2x.jpg 600w\" sizes=\"(max-width: 640px) 100vw, 640px\" \/><\/figure><\/li><\/ul><\/figure>","protected":false},"excerpt":{"rendered":"<p>D\u00f6vl\u0259t \u0130dar\u0259\u00e7ilik Akademiyas\u0131nda ulu \u00f6nd\u0259r Heyd\u0259r \u018fliyev\u0259 h\u0259sr olunmu\u015f elmi konfrans t\u0259\u015fkil edilibMay 07 , 2019 &#8211; 04:23 May\u0131n 7-d\u0259 Az\u0259rbaycan Respublikas\u0131n\u0131n Prezidenti yan\u0131nda D\u00f6vl\u0259t \u0130dar\u0259\u00e7ilik Akademiyas\u0131n\u0131n (D\u0130A) Heyd\u0259r \u018fliyev D\u00f6vl\u0259t \u0130dar\u0259\u00e7iliyi M\u0259kt\u0259bind\u0259 \u00dcmummilli Liderin anadan olmas\u0131n\u0131n 96-c\u0131 ild\u00f6n\u00fcm\u00fc il\u0259 \u0259laq\u0259dar elmi konfrans ke\u00e7irilib. Konfransdan \u00f6nc\u0259 Ulu \u00d6nd\u0259rin akademiyadak\u0131 b\u00fcst\u00fc \u00f6n\u00fcn\u0259 \u0259klil qoyulub, xatir\u0259si bir [&hellip;]<\/p>","protected":false},"author":2,"featured_media":11460,"comment_status":"closed","ping_status":"closed","sticky":false,"template":"","format":"standard","meta":[],"categories":[137],"tags":[],"_links":{"self":[{"href":"https:\/\/legacy.dia.edu.az\/ru\/wp-json\/wp\/v2\/posts\/11449"}],"collection":[{"href":"https:\/\/legacy.dia.edu.az\/ru\/wp-json\/wp\/v2\/posts"}],"about":[{"href":"https:\/\/legacy.dia.edu.az\/ru\/wp-json\/wp\/v2\/types\/post"}],"author":[{"embeddable":true,"href":"https:\/\/legacy.dia.edu.az\/ru\/wp-json\/wp\/v2\/users\/2"}],"replies":[{"embeddable":true,"href":"https:\/\/legacy.dia.edu.az\/ru\/wp-json\/wp\/v2\/comments?post=11449"}],"version-history":[{"count":0,"href":"https:\/\/legacy.dia.edu.az\/ru\/wp-json\/wp\/v2\/posts\/11449\/revisions"}],"wp:featuredmedia":[{"embeddable":true,"href":"https:\/\/legacy.dia.edu.az\/ru\/wp-json\/wp\/v2\/media\/11460"}],"wp:attachment":[{"href":"https:\/\/legacy.dia.edu.az\/ru\/wp-json\/wp\/v2\/media?parent=11449"}],"wp:term":[{"taxonomy":"category","embeddable":true,"href":"https:\/\/legacy.dia.edu.az\/ru\/wp-json\/wp\/v2\/categories?post=11449"},{"taxonomy":"post_tag","embeddable":true,"href":"https:\/\/legacy.dia.edu.az\/ru\/wp-json\/wp\/v2\/tags?post=11449"}],"curies":[{"name":"wp","href":"https:\/\/api.w.org\/{rel}","templated":true}]}}