{"id":11358,"date":"2019-07-08T10:16:00","date_gmt":"2019-07-08T07:16:00","guid":{"rendered":"https:\/\/dia.edu.az\/?p=11358"},"modified":"2021-03-13T10:18:48","modified_gmt":"2021-03-13T07:18:48","slug":"akademik-ramiz-mehdiyevin-yeni-%c9%99s%c9%99rinin-dovl%c9%99t-idar%c9%99cilik-akademiyasinda-muzakir%c9%99si-olub","status":"publish","type":"post","link":"https:\/\/legacy.dia.edu.az\/ru\/arxivl\u0259r\/11358","title":{"rendered":"Akademik Ramiz Mehdiyevin yeni \u0259s\u0259rinin D\u00f6vl\u0259t \u0130dar\u0259\u00e7ilik Akademiyas\u0131nda m\u00fczakir\u0259si olub"},"content":{"rendered":"<p><strong>Akademik Ramiz Mehdiyevin yeni \u0259s\u0259rinin D\u00f6vl\u0259t \u0130dar\u0259\u00e7ilik Akademiyas\u0131nda m\u00fczakir\u0259si olub<\/strong><br><em>\u0130yl 08 , 2019 &#8211; 08:21<\/em><\/p>\n\n\n\n<p>\u0130yunun 28-d\u0259 Az\u0259rbaycan Respublikas\u0131n\u0131n Prezidenti yan\u0131nda D\u00f6vl\u0259t \u0130dar\u0259\u00e7ilik Akademiyas\u0131nda (D\u0130A) Prezident Administrasiyas\u0131n\u0131n r\u0259hb\u0259ri, akademik Ramiz Mehdiyevin \u201cErm\u0259nistan-Az\u0259rbaycan Da\u011fl\u0131q Qaraba\u011f m\u00fcnaqi\u015f\u0259si: problemin m\u0259nb\u0259l\u0259ri v\u0259 nizamlanma perspektivl\u0259ri\u201d adl\u0131 \u0259s\u0259rinin m\u00fczakir\u0259si ke\u00e7irilib.<\/p>\n\n\n\n<p>T\u0259dbiri a\u00e7an D\u0130A-n\u0131n rektoru, akademik Urxan \u018fl\u0259kb\u0259rov akademik Ramiz Mehdiyevin bu \u0259s\u0259rind\u0259 d\u0259 \u0259vv\u0259lkil\u0259rd\u0259 oldu\u011fu kimi, h\u0259m problemin k\u00f6k\u00fcn\u00fcn v\u0259 nec\u0259 inki\u015faf etdiyinin, h\u0259m d\u0259 h\u0259lli imkanlar\u0131n\u0131n t\u0259qdim edildiyini bildirib. Rektor deyib: \u201cAkademik Ramiz Mehdiyevin \u0259s\u0259rl\u0259rinin m\u00fcasir Az\u0259rbaycan\u0131n inki\u015faf\u0131, d\u00fcnyada c\u0259r\u0259yan ed\u0259n qlobal prosesl\u0259rin t\u0259hlili bax\u0131m\u0131ndan b\u00f6y\u00fck \u0259h\u0259miyy\u0259ti var. G\u00f6rk\u0259mli alimin b\u00fct\u00fcn \u0259s\u0259rl\u0259ri bizim akademiya \u00fc\u00e7\u00fcn x\u00fcsusi \u0259h\u0259miyy\u0259t da\u015f\u0131y\u0131r\u201d.<\/p>\n\n\n\n<p>T\u0259dbird\u0259 \u00e7\u0131x\u0131\u015f ed\u0259n Milli M\u0259clisin deputat\u0131, AMEA-n\u0131n Qafqaz\u015f\u00fcnasl\u0131q \u0130nstitutunun direktoru, professor Musa Qas\u0131ml\u0131 diqq\u0259t\u0259 \u00e7atd\u0131r\u0131b ki, akademik Ramiz Mehdiyevin \u0259s\u0259rl\u0259rind\u0259 d\u00f6vl\u0259t m\u00fcst\u0259qilliyini b\u0259rpa etmi\u015f \u00f6lk\u0259mizd\u0259 c\u0259r\u0259yan ed\u0259n ictimai, siyasi prosesl\u0259r\u0259, Erm\u0259nistan\u0131n t\u0259cav\u00fcz\u00fc n\u0259tic\u0259sind\u0259 yaranm\u0131\u015f Da\u011fl\u0131q Qaraba\u011f m\u00fcnaqi\u015f\u0259sin\u0259, onun k\u00f6kl\u0259rin\u0259, h\u0259lli perspektivl\u0259rin\u0259 f\u0259ls\u0259fi bax\u0131\u015f ortaya qoyulur. Akademik yeni \u0259s\u0259rind\u0259 d\u0259, ilk n\u00f6vb\u0259d\u0259, m\u00fcnaqi\u015f\u0259nin k\u00f6kl\u0259rin\u0259 n\u00fcfuz edir, \u0259n m\u00f6t\u0259b\u0259r m\u0259nb\u0259l\u0259r\u0259 istinadla fikrini \u0259sasland\u0131r\u0131r. Alim bu q\u0259na\u0259t\u0259 g\u0259lir ki, m\u00fcnaqi\u015f\u0259nin m\u0259nb\u0259l\u0259rinin mahiyy\u0259tini, s\u0259b\u0259bl\u0259rini v\u0259 indiki konyunkturunu anlamaq \u00fc\u00e7\u00fcn onu, ilk n\u00f6vb\u0259d\u0259, Rusiya imperiyas\u0131n\u0131n v\u0259 sovet hakimiyy\u0259tinin C\u0259nubi Qafqazda k\u00f6\u00e7\u00fcrm\u0259 siyas\u0259ti kontekstind\u0259 ara\u015fd\u0131rmaq laz\u0131md\u0131r. \u018fs\u0259rd\u0259, h\u0259m\u00e7inin Da\u011fl\u0131q Qaraba\u011f Muxtar Vilay\u0259tinin s\u00fcni \u015f\u0259kild\u0259 yarad\u0131lmas\u0131 v\u0259 sovet Rusiyas\u0131n\u0131n strateji m\u0259qs\u0259dl\u0259ri, Az\u0259rbaycan\u0131n T\u00fcrkiy\u0259y\u0259 yax\u0131nla\u015fmas\u0131n\u0131n qar\u015f\u0131s\u0131n\u0131 almaqdan \u00f6tr\u00fc Da\u011fl\u0131q Qaraba\u011f m\u0259s\u0259l\u0259sini ortaya atmas\u0131, xaricd\u0259n g\u0259tiril\u0259n erm\u0259nil\u0259rin Az\u0259rbaycan \u0259razisind\u0259 yerl\u0259\u015fdirilm\u0259si il\u0259 yana\u015f\u0131, az\u0259rbaycanl\u0131lar\u0131n Erm\u0259nistan \u0259razisind\u0259n deportasiyas\u0131 diqq\u0259t\u0259 \u00e7atd\u0131r\u0131l\u0131b. \u018fn vacib m\u0259s\u0259l\u0259l\u0259rd\u0259n biri d\u0259 \u0259s\u0259rd\u0259 \u00f6t\u0259n \u0259srin 80-ci ill\u0259rinin sonunda respublika r\u0259hb\u0259rliyinin z\u0259ifliyi s\u0259b\u0259bind\u0259n m\u00fcnaqi\u015f\u0259nin ba\u015flanmas\u0131n\u0131n qeyd olunmas\u0131d\u0131r. M\u00fc\u0259llif sonrak\u0131 prosesl\u0259ri m\u0259rh\u0259l\u0259l\u0259r\u0259 b\u00f6l\u00fcb, o c\u00fcml\u0259d\u0259n AT\u018fT-in Minsk qrupunun f\u0259aliyy\u0259ti, at\u0259\u015fk\u0259s\u0259 nail olunmas\u0131, Lissabon sammitinin m\u00fcdd\u0259alar\u0131 v\u0259 ikili standartlar diqq\u0259t\u0259 \u00e7atd\u0131r\u0131l\u0131b. Sonda akademik x\u00fcsusi vur\u011fulay\u0131r ki, N.Pa\u015finyan t\u0259r\u0259find\u0259n anons edilmi\u015f \u201ciqtisadi inqilab\u201d v\u0259 Erm\u0259nistan\u0131n sosial-iqtisadi h\u0259yat\u0131nda \u0259sasl\u0131 d\u0259yi\u015fiklikl\u0259r Erm\u0259nistan-Az\u0259rbaycan Da\u011fl\u0131q Qaraba\u011f m\u00fcnaqi\u015f\u0259si tezlikl\u0259 v\u0259 \u0259dal\u0259tli \u015f\u0259kild\u0259 nizamlanmadan ba\u015f verm\u0259y\u0259c\u0259k.<\/p>\n\n\n\n<p>Milli M\u0259clisin deputat\u0131, D\u0130A-n\u0131n D\u00f6vl\u0259t qullu\u011fu v\u0259 kadr siyas\u0259ti kafedras\u0131n\u0131n dosenti Ayd\u0131n Mirz\u0259zad\u0259 deyib: \u201cAkademik Ramiz Mehdiyev t\u0259dqiq etdiyi m\u00f6vzu il\u0259 ba\u011fl\u0131 birba\u015fa prosesl\u0259rin i\u00e7ind\u0259dir. Bu bax\u0131mdan onun \u0259s\u0259rl\u0259ri n\u0259inki indi, g\u0259l\u0259c\u0259kd\u0259 d\u0259 oxucular v\u0259 t\u0259dqiqat\u00e7\u0131lar \u00fc\u00e7\u00fcn \u00e7ox maraql\u0131 olacaq. Yeni \u0259s\u0259r sistemlidir, bel\u0259 ki, burada problemin tarixi k\u00f6kl\u0259rind\u0259n ba\u015flayaraq bu g\u00fcn\u0259 q\u0259d\u0259r olan b\u00fct\u00fcn m\u0259rh\u0259l\u0259l\u0259r \u0259hat\u0259 olunur. \u018fs\u0259r, h\u0259m\u00e7inin faktlarla z\u0259ngindir. Eyni zamanda, \u0259s\u0259rd\u0259 m\u00f6vzu il\u0259 ba\u011fl\u0131 yeni faktlar a\u015fkarlan\u0131r \u2013 bu h\u0259min faktlard\u0131r ki, biz onlara indiy\u0259 q\u0259d\u0259r diqq\u0259t yetirm\u0259mi\u015f, \u00f6z t\u0259bli\u011fat\u0131m\u0131zda ondan istifad\u0259 etm\u0259mi\u015fik\u201d.<\/p>\n\n\n\n<p>Milli M\u0259clisin deputat\u0131, D\u0130A-n\u0131n Siyasi Ara\u015fd\u0131rmalar \u0130nstitutunun direktoru, professor Elman N\u0259sirov \u0259s\u0259rd\u0259 \u00e7ar Rusiyas\u0131ndan ba\u015flayaraq sovet d\u00f6vr\u00fcn\u0259d\u0259k m\u00fcnaqi\u015f\u0259nin k\u00f6kl\u0259rinin h\u0259rt\u0259r\u0259fli ara\u015fd\u0131r\u0131ld\u0131\u011f\u0131n\u0131, m\u00fc\u0259llifin sistemli t\u0259hlil apard\u0131\u011f\u0131n\u0131, A.Qriboyedov, S.Qlinka, N.\u015eavrov v\u0259 ba\u015fqa m\u0259nb\u0259l\u0259ri t\u0259dqiqata c\u0259lb ed\u0259r\u0259k Da\u011fl\u0131q Qaraba\u011f m\u00fcnaqi\u015f\u0259sinin nec\u0259 yarand\u0131\u011f\u0131n\u0131 oxucuya t\u0259qdim etdiyini bildirib. \u018fs\u0259rd\u0259n ayd\u0131n olur ki, ist\u0259r \u00e7ar, ist\u0259rs\u0259 d\u0259 sovet Rusiyas\u0131 konkret \u0259razini \u2013 Az\u0259rbaycan\u0131 erm\u0259nil\u0259r vasit\u0259sil\u0259 n\u0259zar\u0259td\u0259 saxlamaq ist\u0259yir. M\u00fcst\u0259qillik ill\u0259rind\u0259 Az\u0259rbaycan\u0131n inki\u015faf\u0131 say\u0259sind\u0259 \u00f6lk\u0259nin d\u00fcnyada h\u00f6rm\u0259t qazanm\u0131\u015f sabit d\u00f6vl\u0259t\u0259 \u00e7evrildiyini yazan m\u00fc\u0259llif, eyni zamanda, Da\u011fl\u0131q Qaraba\u011f m\u00fcnaqi\u015f\u0259nin h\u0259llind\u0259 s\u00fclh yoluna sadiqliyini, lakin h\u0259rbi yolla h\u0259lli h\u00fcququnu da \u00f6z\u00fcm\u00fczd\u0259 saxlad\u0131\u011f\u0131n\u0131 bildirir. \u201c\u018fs\u0259r rus v\u0259 Az\u0259rbaycan dill\u0259rind\u0259 n\u0259\u015fr edilib. Onun BMT-nin 6 dilin\u0259 t\u0259rc\u00fcm\u0259 edilm\u0259si \u00e7ox \u0259h\u0259miyy\u0259tli olard\u0131\u201d, &#8211; dey\u0259 professor Elman N\u0259sirov vur\u011fulay\u0131b.<\/p>\n\n\n\n<p>D\u0130A-n\u0131n prorektoru, h\u00fcquq \u00fczr\u0259 elml\u0259r doktoru Mehdi Abdullayev Az\u0259rbaycan elmin\u0259 t\u00f6hf\u0259 olan bu \u0259s\u0259rd\u0259 Da\u011fl\u0131q Qaraba\u011f probleminin siyasi, h\u00fcquqi, tarixi aspektl\u0259rd\u0259n t\u0259hlil edildiyini s\u00f6yl\u0259yib. Qeyd edib ki, m\u00fc\u0259llif \u0259s\u0259rd\u0259 SSR\u0130 da\u011f\u0131landan sonra Az\u0259rbaycan\u0131n beyn\u0259lxalq s\u0259rh\u0259dl\u0259rinin (dig\u0259r m\u00fctt\u0259fiq respublikalar\u0131n s\u0259rh\u0259dl\u0259ri kimi) d\u00fcnya birliyi t\u0259r\u0259find\u0259n \u201cuti possidetis juris\u201d prinsipi \u0259sas\u0131nda, y\u0259ni, m\u00fcst\u0259qillik \u0259ld\u0259 edildiyi anda m\u00f6vcud olan ke\u00e7mi\u015f inzibati s\u0259rh\u0259dl\u0259r \u00e7\u0259r\u00e7iv\u0259sind\u0259 tan\u0131nd\u0131\u011f\u0131n\u0131 g\u00f6st\u0259rir.<\/p>\n\n\n\n<p>Az\u0259rbaycan Respublikas\u0131n\u0131n Prezidenti yan\u0131nda D\u00f6vl\u0259t \u0130dar\u0259\u00e7ilik Akademiyas\u0131n\u0131n professoru, siyasi elml\u0259r doktoru, \u201cAz\u0259rbaycan Respublikas\u0131 Da\u011fl\u0131q Qaraba\u011f b\u00f6lg\u0259sinin Az\u0259rbaycanl\u0131 \u0130cmas\u0131\u201d \u0130ctimai Birliyinin s\u0259dr m\u00fcavini El\u00e7in \u018fhm\u0259dov vur\u011fulay\u0131b ki, akademik Ramiz Mehdiyevin yeni \u0259s\u0259ri m\u00fcasir d\u00f6vrd\u0259 c\u0259lb edildiyimiz m\u00fcnaqi\u015f\u0259 il\u0259 daha yax\u0131ndan tan\u0131\u015f olmaq ist\u0259y\u0259n h\u0259r bir t\u0259dqiqat\u00e7\u0131da real t\u0259s\u0259vv\u00fcr yaradacaq, m\u00fcst\u0259qillik tariximizd\u0259 Erm\u0259nistan\u0131n Az\u0259rbaycana t\u0259cav\u00fcz\u00fc il\u0259 ba\u011fl\u0131 apar\u0131lan t\u0259dqiqatlar\u0131n kompleks \u015f\u0259kild\u0259 \u00f6yr\u0259nilm\u0259si \u00fc\u00e7\u00fcn m\u00fch\u00fcm m\u0259nb\u0259 rolunu oynayacaq.<\/p>\n\n\n\n<p>Professor El\u00e7in \u018fhm\u0259dov bildirib ki, \u0259s\u0259rd\u0259 tarixi s\u0259n\u0259dl\u0259r \u0259sas\u0131nda t\u0259kzibedilm\u0259z faktlarla Da\u011fl\u0131q Qaraba\u011f\u0131n Erm\u0259nistana birl\u0259\u015fdirilm\u0259si \u00fc\u00e7\u00fcn uzun m\u00fcdd\u0259td\u0259n b\u0259ri haz\u0131rlanm\u0131\u015f plan \u00fczr\u0259 erm\u0259nil\u0259rin Da\u011fl\u0131q Qaraba\u011f\u0131 Az\u0259rbaycandan ay\u0131rmaq c\u0259hdl\u0259rinin \u0259sass\u0131z v\u0259 qeyri-qanuni olmas\u0131 s\u00fcbut edilir: \u201cM\u00fc\u0259llif qeyd edir ki, 1980-ci ill\u0259rin ax\u0131rlar\u0131nda SSR\u0130-d\u0259 \u201cyenid\u0259nqurma\u201d ad\u0131 alt\u0131nda ba\u015f ver\u0259n hadis\u0259l\u0259r\u0259 v\u0259 da\u011f\u0131d\u0131c\u0131 prosesl\u0259r\u0259 diqq\u0259tl\u0259 n\u0259z\u0259r sald\u0131qda, qondarma \u201cDa\u011fl\u0131q Qaraba\u011f problemi\u201dnin tamamil\u0259 s\u00fcni mahiyy\u0259t da\u015f\u0131d\u0131\u011f\u0131 ayd\u0131n olur. H\u0259min d\u00f6vrd\u0259 SSR\u0130-nin ali r\u0259hb\u0259rl\u0259rind\u0259n biri olan Heyd\u0259r \u018fliyevin hakimiyy\u0259td\u0259n k\u0259narla\u015fd\u0131r\u0131lmas\u0131 n\u0259tic\u0259sind\u0259 Erm\u0259nistan\u0131n ultramill\u0259t\u00e7i dair\u0259l\u0259ri, onlar\u0131n Kremld\u0259ki v\u0259 xarici \u00f6lk\u0259l\u0259rd\u0259ki havadarlar\u0131 t\u0259r\u0259find\u0259n Da\u011fl\u0131q Qaraba\u011f Muxtar Vilay\u0259tinin Az\u0259rbaycan\u0131n t\u0259rkibind\u0259n \u00e7\u0131xar\u0131lmas\u0131 v\u0259 onun Erm\u0259nistana inteqrasiya edilm\u0259si \u00fc\u00e7\u00fcn \u0259lveri\u015fli siyasi z\u0259min yarad\u0131ld\u0131\u201d.<\/p>\n\n\n\n<p>\u018fs\u0259rd\u0259 Erm\u0259nistan-Az\u0259rbaycan Da\u011fl\u0131q Qaraba\u011f m\u00fcnaqi\u015f\u0259sinin z\u0259ngin m\u0259nb\u0259l\u0259r \u0259sas\u0131nda kompleks \u015f\u0259kild\u0259 ara\u015fd\u0131r\u0131ld\u0131\u011f\u0131n\u0131 vur\u011fulayan El\u00e7in \u018fhm\u0259dov onu alimin elmi-n\u0259z\u0259ri v\u0259 f\u0259ls\u0259fi \u00fcmumil\u0259\u015fdirm\u0259l\u0259ri bax\u0131m\u0131ndan Az\u0259rbaycan elminin b\u00f6y\u00fck nailiyy\u0259ti kimi s\u0259ciyy\u0259l\u0259ndirib.<\/p>\n\n\n\n<p>D\u0130A-n\u0131n h\u00fcquq kafedras\u0131n\u0131n professoru, h\u00fcquq \u00fczr\u0259 elml\u0259r doktoru Namiq \u018fliyev deyib: \u201cAkademik Ramiz Mehdiyevin bu v\u0259 \u0259vv\u0259lki \u0259s\u0259rl\u0259ri g\u00f6st\u0259rir ki, Da\u011fl\u0131q Qaraba\u011f problemi daim diqq\u0259td\u0259 olmal\u0131d\u0131r. Bu bax\u0131mdan \u0259s\u0259r \u00e7ox vaxt\u0131nda yaz\u0131l\u0131b v\u0259 orada qald\u0131r\u0131lan m\u0259s\u0259l\u0259l\u0259rd\u0259n biz m\u00fc\u0259yy\u0259n n\u0259tic\u0259l\u0259r \u00e7\u0131xarmal\u0131y\u0131q\u201d.<\/p>\n\n\n\n<p>M\u00fczakir\u0259l\u0259r\u0259 yekun vuran akademik Urxan \u018fl\u0259kb\u0259rov qeyd edib ki, akademik Ramiz Mehdiyev h\u0259m g\u00f6rk\u0259mli alim, h\u0259m d\u0259 y\u00fcks\u0259k idar\u0259\u00e7ilik t\u0259cr\u00fcb\u0259sin\u0259 malik \u015f\u0259xsiyy\u0259tdir. Onun bu \u0259s\u0259rd\u0259 \u0259ksini tapan fikirl\u0259ri vacibdir. Bu \u0259s\u0259r d\u0259, \u0259vv\u0259lkil\u0259r kimi, t\u0259dris proqram\u0131na daxil edilm\u0259lidir.<\/p>\n\n\n\n<figure class=\"wp-container-2 wp-block-gallery-1 wp-block-gallery columns-1 is-cropped\"><ul class=\"blocks-gallery-grid\"><li class=\"blocks-gallery-item\"><figure><img width=\"923\" height=\"669\" src=\"https:\/\/dia.edu.az\/wp-content\/uploads\/2021\/03\/1-71.jpg\" alt=\"\" data-id=\"11359\" data-full-url=\"https:\/\/dia.edu.az\/wp-content\/uploads\/2021\/03\/1-71.jpg\" data-link=\"https:\/\/dia.edu.az\/?attachment_id=11359\" class=\"wp-image-11359\" srcset=\"https:\/\/legacy.dia.edu.az\/wp-content\/uploads\/2021\/03\/1-71.jpg 923w, https:\/\/legacy.dia.edu.az\/wp-content\/uploads\/2021\/03\/1-71-300x217.jpg 300w, https:\/\/legacy.dia.edu.az\/wp-content\/uploads\/2021\/03\/1-71-360x260.jpg 360w, https:\/\/legacy.dia.edu.az\/wp-content\/uploads\/2021\/03\/1-71-300x217@2x.jpg 600w\" sizes=\"(max-width: 923px) 100vw, 923px\" \/><\/figure><\/li><\/ul><\/figure>","protected":false},"excerpt":{"rendered":"<p>Akademik Ramiz Mehdiyevin yeni \u0259s\u0259rinin D\u00f6vl\u0259t \u0130dar\u0259\u00e7ilik Akademiyas\u0131nda m\u00fczakir\u0259si olub\u0130yl 08 , 2019 &#8211; 08:21 \u0130yunun 28-d\u0259 Az\u0259rbaycan Respublikas\u0131n\u0131n Prezidenti yan\u0131nda D\u00f6vl\u0259t \u0130dar\u0259\u00e7ilik Akademiyas\u0131nda (D\u0130A) Prezident Administrasiyas\u0131n\u0131n r\u0259hb\u0259ri, akademik Ramiz Mehdiyevin \u201cErm\u0259nistan-Az\u0259rbaycan Da\u011fl\u0131q Qaraba\u011f m\u00fcnaqi\u015f\u0259si: problemin m\u0259nb\u0259l\u0259ri v\u0259 nizamlanma perspektivl\u0259ri\u201d adl\u0131 \u0259s\u0259rinin m\u00fczakir\u0259si ke\u00e7irilib. T\u0259dbiri a\u00e7an D\u0130A-n\u0131n rektoru, akademik Urxan \u018fl\u0259kb\u0259rov akademik Ramiz Mehdiyevin bu [&hellip;]<\/p>","protected":false},"author":2,"featured_media":11359,"comment_status":"closed","ping_status":"closed","sticky":false,"template":"","format":"standard","meta":[],"categories":[137],"tags":[],"_links":{"self":[{"href":"https:\/\/legacy.dia.edu.az\/ru\/wp-json\/wp\/v2\/posts\/11358"}],"collection":[{"href":"https:\/\/legacy.dia.edu.az\/ru\/wp-json\/wp\/v2\/posts"}],"about":[{"href":"https:\/\/legacy.dia.edu.az\/ru\/wp-json\/wp\/v2\/types\/post"}],"author":[{"embeddable":true,"href":"https:\/\/legacy.dia.edu.az\/ru\/wp-json\/wp\/v2\/users\/2"}],"replies":[{"embeddable":true,"href":"https:\/\/legacy.dia.edu.az\/ru\/wp-json\/wp\/v2\/comments?post=11358"}],"version-history":[{"count":0,"href":"https:\/\/legacy.dia.edu.az\/ru\/wp-json\/wp\/v2\/posts\/11358\/revisions"}],"wp:featuredmedia":[{"embeddable":true,"href":"https:\/\/legacy.dia.edu.az\/ru\/wp-json\/wp\/v2\/media\/11359"}],"wp:attachment":[{"href":"https:\/\/legacy.dia.edu.az\/ru\/wp-json\/wp\/v2\/media?parent=11358"}],"wp:term":[{"taxonomy":"category","embeddable":true,"href":"https:\/\/legacy.dia.edu.az\/ru\/wp-json\/wp\/v2\/categories?post=11358"},{"taxonomy":"post_tag","embeddable":true,"href":"https:\/\/legacy.dia.edu.az\/ru\/wp-json\/wp\/v2\/tags?post=11358"}],"curies":[{"name":"wp","href":"https:\/\/api.w.org\/{rel}","templated":true}]}}