{"id":11355,"date":"2019-07-09T10:15:00","date_gmt":"2019-07-09T07:15:00","guid":{"rendered":"https:\/\/dia.edu.az\/?p=11355"},"modified":"2021-03-13T10:15:58","modified_gmt":"2021-03-13T07:15:58","slug":"dovl%c9%99t-idar%c9%99cilik-akademiyasinda-az%c9%99rbaycanin-davamli-inkluziv-inkisafinda-konullul%c9%99r-f%c9%99aliyy%c9%99tinin-rolu-istiqam%c9%99ti-uzr%c9%99-ixtisasartirma-kursu","status":"publish","type":"post","link":"https:\/\/legacy.dia.edu.az\/ru\/arxivl\u0259r\/11355","title":{"rendered":"D\u00f6vl\u0259t \u0130dar\u0259\u00e7ilik Akademiyas\u0131nda \u201cAz\u0259rbaycan\u0131n davaml\u0131 inkl\u00fcziv inki\u015faf\u0131nda k\u00f6n\u00fcll\u00fcl\u0259r f\u0259aliyy\u0259tinin rolu\u201d istiqam\u0259ti \u00fczr\u0259 ixtisasart\u0131rma kursu ba\u015fa \u00e7at\u0131b"},"content":{"rendered":"<p><strong>D\u00f6vl\u0259t \u0130dar\u0259\u00e7ilik Akademiyas\u0131nda \u201cAz\u0259rbaycan\u0131n davaml\u0131 inkl\u00fcziv inki\u015faf\u0131nda k\u00f6n\u00fcll\u00fcl\u0259r f\u0259aliyy\u0259tinin rolu\u201d istiqam\u0259ti \u00fczr\u0259 ixtisasart\u0131rma kursu ba\u015fa \u00e7at\u0131b<\/strong><br><em>\u0130yl 09 , 2019 &#8211; 08:24<\/em><\/p>\n\n\n\n<p>Az\u0259rbaycan Respublikas\u0131n\u0131n Prezidenti yan\u0131nda D\u00f6vl\u0259t \u0130dar\u0259\u00e7ilik Akademiyas\u0131nda (D\u0130A) \u201cAz\u0259rbaycan\u0131n davaml\u0131 inkl\u00fcziv inki\u015faf\u0131nda k\u00f6n\u00fcll\u00fcl\u0259r f\u0259aliyy\u0259tinin rolu\u201d istiqam\u0259ti \u00fczr\u0259 ikig\u00fcnl\u00fck ixtisasart\u0131rma kursu iyunun 28-d\u0259 ba\u015fa \u00e7at\u0131b.<\/p>\n\n\n\n<p>Kursa 25 \u015f\u0259h\u0259r v\u0259 rayondan qat\u0131lan i\u015ftirak\u00e7\u0131lara sertifikatlar t\u0259qdim edilib.<\/p>\n\n\n\n<p>Kursun ikinci g\u00fcn\u00fcnd\u0259 Milli M\u0259clisin deputat\u0131, iqtisad elml\u0259ri \u00fczr\u0259 f\u0259ls\u0259f\u0259 doktoru Tahir Mirki\u015fili \u201c\u0130qtisadiyyat\u0131n innovativ inki\u015faf\u0131nda g\u0259ncl\u0259rin rolu\u201d m\u00f6vzusunda m\u0259ruz\u0259 edib. M\u0259ruz\u0259d\u0259 bildirilib ki, qloballa\u015fan d\u00fcnyada h\u0259r hans\u0131 bir sah\u0259ni innovasiyalars\u0131z t\u0259s\u0259vv\u00fcr etm\u0259k m\u00fcmk\u00fcn deyil. \u0130qtisadiyyatda nailiyy\u0259tl\u0259rin \u0259ld\u0259 olunmas\u0131 m\u0259qs\u0259dil\u0259 innovativ texnologiyalardan geni\u015f istifad\u0259 etm\u0259k Az\u0259rbaycan d\u00f6vl\u0259tinin \u0259sas m\u0259qs\u0259dl\u0259rind\u0259ndir.<\/p>\n\n\n\n<p>Az\u0259rbaycan Respublikas\u0131 Prezidenti Administrasiyas\u0131n\u0131n Strateji ara\u015fd\u0131rma v\u0259 planla\u015fd\u0131rma \u015f\u00f6b\u0259sinin b\u00f6y\u00fck m\u0259sl\u0259h\u0259t\u00e7isi Xanlar A\u011falarov \u201cSosial \u015f\u0259b\u0259k\u0259l\u0259r v\u0259 informasiya m\u00fcharib\u0259l\u0259ri\u201d m\u00f6vzusunda m\u0259ruz\u0259sind\u0259 \u00f6lk\u0259mizin bu istiqam\u0259td\u0259 g\u00f6rd\u00fcy\u00fc i\u015fl\u0259rd\u0259n, qazand\u0131\u011f\u0131 nailiyy\u0259tl\u0259rd\u0259n dan\u0131\u015f\u0131b. Bildirilib ki, informasiya m\u00fcharib\u0259l\u0259ri m\u00fcasir d\u00fcnyada \u0259n \u00e7ox diqq\u0259t yetirilm\u0259li m\u0259s\u0259l\u0259l\u0259rd\u0259ndir.<\/p>\n\n\n\n<p>\u201cAz\u0259rbaycanda m\u00fcasir k\u00f6n\u00fcll\u00fcl\u00fck h\u0259r\u0259kat\u0131n\u0131n \u0259sas istiqam\u0259tl\u0259ri\u201d m\u00f6vzusunda m\u0259ruz\u0259 ed\u0259n Az\u0259rbaycan Respublikas\u0131n\u0131n Prezidenti yan\u0131nda V\u0259t\u0259nda\u015flara Xidm\u0259t v\u0259 Sosial \u0130nnovasiyalar \u00fczr\u0259 D\u00f6vl\u0259t Agentliyinin n\u00fcmay\u0259nd\u0259si Cahangir Hac\u0131yev \u00f6lk\u0259mizd\u0259 k\u00f6n\u00fcll\u00fcl\u00fck h\u0259r\u0259kat\u0131n\u0131n yaranmas\u0131ndan dan\u0131\u015f\u0131b. Qeyd edib ki, Az\u0259rbaycan d\u00f6vl\u0259ti dig\u0259r sah\u0259l\u0259r kimi, bu sah\u0259nin d\u0259 inki\u015faf\u0131n\u0131 diqq\u0259td\u0259 saxlay\u0131r.<\/p>\n\n\n\n<p>G\u0259ncl\u0259r v\u0259 \u0130dman nazirinin m\u00fcavini \u0130ntiqam Babayev \u201cRegionlarda g\u0259ncl\u0259rl\u0259 i\u015fin x\u00fcsusiyy\u0259tl\u0259ri\u201d m\u00f6vzusunda m\u0259ruz\u0259sind\u0259 bu sah\u0259d\u0259 g\u00f6r\u00fcl\u0259n i\u015fl\u0259rd\u0259n b\u0259hs edib. Bildirib ki, bu sah\u0259 il\u0259 ba\u011fl\u0131 m\u00fcxt\u0259lif d\u00f6vl\u0259t proqramlar\u0131 q\u0259bul edilib v\u0259 u\u011furla icra olunur.<\/p>\n\n\n\n<p>Sonda i\u015ftirak\u00e7\u0131lara sertifikatlar t\u0259qdim edilib.<\/p>\n\n\n\n<figure class=\"wp-container-2 wp-block-gallery-1 wp-block-gallery columns-1 is-cropped\"><ul class=\"blocks-gallery-grid\"><li class=\"blocks-gallery-item\"><figure><img width=\"969\" height=\"646\" src=\"https:\/\/dia.edu.az\/wp-content\/uploads\/2021\/03\/1-70.jpg\" alt=\"\" data-id=\"11356\" data-full-url=\"https:\/\/dia.edu.az\/wp-content\/uploads\/2021\/03\/1-70.jpg\" data-link=\"https:\/\/dia.edu.az\/?attachment_id=11356\" class=\"wp-image-11356\" srcset=\"https:\/\/legacy.dia.edu.az\/wp-content\/uploads\/2021\/03\/1-70.jpg 969w, https:\/\/legacy.dia.edu.az\/wp-content\/uploads\/2021\/03\/1-70-300x200.jpg 300w, https:\/\/legacy.dia.edu.az\/wp-content\/uploads\/2021\/03\/1-70-150x100.jpg 150w, https:\/\/legacy.dia.edu.az\/wp-content\/uploads\/2021\/03\/1-70-300x200@2x.jpg 600w\" sizes=\"(max-width: 969px) 100vw, 969px\" \/><\/figure><\/li><\/ul><\/figure>","protected":false},"excerpt":{"rendered":"<p>D\u00f6vl\u0259t \u0130dar\u0259\u00e7ilik Akademiyas\u0131nda \u201cAz\u0259rbaycan\u0131n davaml\u0131 inkl\u00fcziv inki\u015faf\u0131nda k\u00f6n\u00fcll\u00fcl\u0259r f\u0259aliyy\u0259tinin rolu\u201d istiqam\u0259ti \u00fczr\u0259 ixtisasart\u0131rma kursu ba\u015fa \u00e7at\u0131b\u0130yl 09 , 2019 &#8211; 08:24 Az\u0259rbaycan Respublikas\u0131n\u0131n Prezidenti yan\u0131nda D\u00f6vl\u0259t \u0130dar\u0259\u00e7ilik Akademiyas\u0131nda (D\u0130A) \u201cAz\u0259rbaycan\u0131n davaml\u0131 inkl\u00fcziv inki\u015faf\u0131nda k\u00f6n\u00fcll\u00fcl\u0259r f\u0259aliyy\u0259tinin rolu\u201d istiqam\u0259ti \u00fczr\u0259 ikig\u00fcnl\u00fck ixtisasart\u0131rma kursu iyunun 28-d\u0259 ba\u015fa \u00e7at\u0131b. Kursa 25 \u015f\u0259h\u0259r v\u0259 rayondan qat\u0131lan i\u015ftirak\u00e7\u0131lara sertifikatlar t\u0259qdim edilib. [&hellip;]<\/p>","protected":false},"author":2,"featured_media":11356,"comment_status":"closed","ping_status":"closed","sticky":false,"template":"","format":"standard","meta":[],"categories":[137],"tags":[],"_links":{"self":[{"href":"https:\/\/legacy.dia.edu.az\/ru\/wp-json\/wp\/v2\/posts\/11355"}],"collection":[{"href":"https:\/\/legacy.dia.edu.az\/ru\/wp-json\/wp\/v2\/posts"}],"about":[{"href":"https:\/\/legacy.dia.edu.az\/ru\/wp-json\/wp\/v2\/types\/post"}],"author":[{"embeddable":true,"href":"https:\/\/legacy.dia.edu.az\/ru\/wp-json\/wp\/v2\/users\/2"}],"replies":[{"embeddable":true,"href":"https:\/\/legacy.dia.edu.az\/ru\/wp-json\/wp\/v2\/comments?post=11355"}],"version-history":[{"count":0,"href":"https:\/\/legacy.dia.edu.az\/ru\/wp-json\/wp\/v2\/posts\/11355\/revisions"}],"wp:featuredmedia":[{"embeddable":true,"href":"https:\/\/legacy.dia.edu.az\/ru\/wp-json\/wp\/v2\/media\/11356"}],"wp:attachment":[{"href":"https:\/\/legacy.dia.edu.az\/ru\/wp-json\/wp\/v2\/media?parent=11355"}],"wp:term":[{"taxonomy":"category","embeddable":true,"href":"https:\/\/legacy.dia.edu.az\/ru\/wp-json\/wp\/v2\/categories?post=11355"},{"taxonomy":"post_tag","embeddable":true,"href":"https:\/\/legacy.dia.edu.az\/ru\/wp-json\/wp\/v2\/tags?post=11355"}],"curies":[{"name":"wp","href":"https:\/\/api.w.org\/{rel}","templated":true}]}}