{"id":11351,"date":"2019-07-20T10:13:00","date_gmt":"2019-07-20T07:13:00","guid":{"rendered":"https:\/\/dia.edu.az\/?p=11351"},"modified":"2021-03-13T10:14:35","modified_gmt":"2021-03-13T07:14:35","slug":"dia-nin-dosenti-k%c9%99nd-t%c9%99s%c9%99rrufatinin-davamli-idar%c9%99-edilm%c9%99si-innovativ-yanasma-movzusunda-muhazir%c9%99-deyib","status":"publish","type":"post","link":"https:\/\/legacy.dia.edu.az\/ru\/arxivl\u0259r\/11351","title":{"rendered":"D\u0130A-n\u0131n dosenti \u201cK\u0259nd t\u0259s\u0259rr\u00fcfat\u0131n\u0131n davaml\u0131 idar\u0259 edilm\u0259si, innovativ yana\u015fma\u201d m\u00f6vzusunda m\u00fchazir\u0259 deyib"},"content":{"rendered":"<p><strong>D\u0130A-n\u0131n dosenti \u201cK\u0259nd t\u0259s\u0259rr\u00fcfat\u0131n\u0131n davaml\u0131 idar\u0259 edilm\u0259si, innovativ yana\u015fma\u201d m\u00f6vzusunda m\u00fchazir\u0259 deyib<\/strong><br><em>\u0130yl 20 , 2019 &#8211; 08:24<\/em><\/p>\n\n\n\n<p>Az\u0259rbaycan Respublikas\u0131n\u0131n Prezidenti yan\u0131nda D\u00f6vl\u0259t \u0130dar\u0259\u00e7illik Akademiyas\u0131n\u0131n Davaml\u0131 inki\u015faf\u0131n planla\u015fd\u0131r\u0131lmas\u0131 v\u0259 idar\u0259 edilm\u0259si kafedras\u0131n\u0131n dosenti El\u015fan \u018fhm\u0259dov Az\u0259rbaycan D\u00f6vl\u0259t Aqrar Univesitetind\u0259 (ADAU) ke\u00e7irilmi\u015f II-ci Beyn\u0259lxalq Yay M\u0259kt\u0259binin i\u015ftirak\u00e7\u0131lar\u0131na \u201cK\u0259nd t\u0259s\u0259rr\u00fcfat\u0131n\u0131n davaml\u0131 idar\u0259 edilm\u0259si, innovativ yana\u015fma\u201d m\u00f6vzusunda m\u00fchazir\u0259 deyib. Qeyd ed\u0259k ki, 2018-ci ilin 16-28 iyul tarixl\u0259rind\u0259 Az\u0259rbaycan D\u00f6vl\u0259t Aqrar Univesitetind\u0259 (ADAU) ke\u00e7irilmi\u015f, 11 \u00f6lk\u0259nin ali t\u0259hsil m\u00fc\u0259ssis\u0259l\u0259rind\u0259n 34 t\u0259l\u0259b\u0259nin i\u015ftirak etdiyi \u201cDavaml\u0131 \u0130nki\u015faf H\u0259d\u0259fl\u0259ri\u201d adl\u0131 1-ci Beyn\u0259lxalq yay m\u0259kt\u0259binin universitetin beyn\u0259lxalq n\u00fcfuzunun art\u0131r\u0131lmas\u0131, d\u00f6vl\u0259timizin aqrar sah\u0259y\u0259 v\u0259 aqrar t\u0259hsil\u0259 qay\u011f\u0131s\u0131n\u0131n t\u0259bli\u011f edilm\u0259si bax\u0131m\u0131ndan \u0259h\u0259miyy\u0259tini n\u0259z\u0259r\u0259 alaraq, t\u0259hsil m\u00fc\u0259ssis\u0259sind\u0259 2019-cu ilin 9-18 iyul tarixl\u0259rind\u0259 bakalavriat s\u0259viyy\u0259sinin t\u0259l\u0259b\u0259l\u0259ri \u00fc\u00e7\u00fcn \u201cAqrar sah\u0259nin innovasiyal\u0131 inki\u015faf\u0131: d\u00fcnya t\u0259cr\u00fcb\u0259si, perspektivl\u0259r\u201d adl\u0131 2-ci Beyn\u0259lxalq yay m\u0259kt\u0259bi t\u0259\u015fkil olunmu\u015fdur.<\/p>\n\n\n\n<p>Yay m\u0259kt\u0259bind\u0259 respublikam\u0131z\u0131n ali t\u0259hsil m\u00fc\u0259ssis\u0259l\u0259ri il\u0259 (17 t\u0259l\u0259b\u0259) yana\u015f\u0131, Bolqar\u0131stan (4 t\u0259l\u0259b\u0259), \u00c7in Xalq Respublikas\u0131 (1 t\u0259l\u0259b\u0259), G\u00fcrc\u00fcstan (3 t\u0259l\u0259b\u0259), \u0130ran \u0130slam Respublikas\u0131 (1 t\u0259l\u0259b\u0259), Hindistan (1 t\u0259l\u0259b\u0259), Qazax\u0131stan (2 t\u0259l\u0259b\u0259), Q\u0131r\u011f\u0131z\u0131stan (2 t\u0259l\u0259b\u0259), \u00d6zb\u0259kistan (1 t\u0259l\u0259b\u0259), Pakistan \u0130slam Respublikas\u0131 (1 t\u0259l\u0259b\u0259), Pol\u015fa (1 t\u0259l\u0259b\u0259), Rusiya Federasiyas\u0131 (2 t\u0259l\u0259b\u0259), T\u00fcrkiy\u0259 (4 t\u0259l\u0259b\u0259), Ukraynan\u0131n (2 t\u0259l\u0259b\u0259) ali t\u0259hsil m\u00fc\u0259ssis\u0259l\u0259rind\u0259n 42 t\u0259l\u0259b\u0259 i\u015ftirak edir.<\/p>\n\n\n\n<figure class=\"wp-container-2 wp-block-gallery-1 wp-block-gallery columns-2 is-cropped\"><ul class=\"blocks-gallery-grid\"><li class=\"blocks-gallery-item\"><figure><img width=\"600\" height=\"400\" src=\"https:\/\/dia.edu.az\/wp-content\/uploads\/2021\/03\/2007.19.jpg\" alt=\"\" data-id=\"11352\" data-link=\"https:\/\/dia.edu.az\/?attachment_id=11352\" class=\"wp-image-11352\" srcset=\"https:\/\/legacy.dia.edu.az\/wp-content\/uploads\/2021\/03\/2007.19-300x200@2x.jpg 600w, https:\/\/legacy.dia.edu.az\/wp-content\/uploads\/2021\/03\/2007.19-300x200.jpg 300w, https:\/\/legacy.dia.edu.az\/wp-content\/uploads\/2021\/03\/2007.19-150x100.jpg 150w\" sizes=\"(max-width: 600px) 100vw, 600px\" \/><\/figure><\/li><li class=\"blocks-gallery-item\"><figure><img width=\"600\" height=\"400\" src=\"https:\/\/dia.edu.az\/wp-content\/uploads\/2021\/03\/20.07.jpg\" alt=\"\" data-id=\"11353\" data-full-url=\"https:\/\/dia.edu.az\/wp-content\/uploads\/2021\/03\/20.07.jpg\" data-link=\"https:\/\/dia.edu.az\/?attachment_id=11353\" class=\"wp-image-11353\" srcset=\"https:\/\/legacy.dia.edu.az\/wp-content\/uploads\/2021\/03\/20.07-300x200@2x.jpg 600w, https:\/\/legacy.dia.edu.az\/wp-content\/uploads\/2021\/03\/20.07-300x200.jpg 300w, https:\/\/legacy.dia.edu.az\/wp-content\/uploads\/2021\/03\/20.07-150x100.jpg 150w\" sizes=\"(max-width: 600px) 100vw, 600px\" \/><\/figure><\/li><\/ul><\/figure>","protected":false},"excerpt":{"rendered":"<p>D\u0130A-n\u0131n dosenti \u201cK\u0259nd t\u0259s\u0259rr\u00fcfat\u0131n\u0131n davaml\u0131 idar\u0259 edilm\u0259si, innovativ yana\u015fma\u201d m\u00f6vzusunda m\u00fchazir\u0259 deyib\u0130yl 20 , 2019 &#8211; 08:24 Az\u0259rbaycan Respublikas\u0131n\u0131n Prezidenti yan\u0131nda D\u00f6vl\u0259t \u0130dar\u0259\u00e7illik Akademiyas\u0131n\u0131n Davaml\u0131 inki\u015faf\u0131n planla\u015fd\u0131r\u0131lmas\u0131 v\u0259 idar\u0259 edilm\u0259si kafedras\u0131n\u0131n dosenti El\u015fan \u018fhm\u0259dov Az\u0259rbaycan D\u00f6vl\u0259t Aqrar Univesitetind\u0259 (ADAU) ke\u00e7irilmi\u015f II-ci Beyn\u0259lxalq Yay M\u0259kt\u0259binin i\u015ftirak\u00e7\u0131lar\u0131na \u201cK\u0259nd t\u0259s\u0259rr\u00fcfat\u0131n\u0131n davaml\u0131 idar\u0259 edilm\u0259si, innovativ yana\u015fma\u201d m\u00f6vzusunda m\u00fchazir\u0259 deyib. [&hellip;]<\/p>","protected":false},"author":2,"featured_media":11352,"comment_status":"closed","ping_status":"closed","sticky":false,"template":"","format":"standard","meta":[],"categories":[137],"tags":[],"_links":{"self":[{"href":"https:\/\/legacy.dia.edu.az\/ru\/wp-json\/wp\/v2\/posts\/11351"}],"collection":[{"href":"https:\/\/legacy.dia.edu.az\/ru\/wp-json\/wp\/v2\/posts"}],"about":[{"href":"https:\/\/legacy.dia.edu.az\/ru\/wp-json\/wp\/v2\/types\/post"}],"author":[{"embeddable":true,"href":"https:\/\/legacy.dia.edu.az\/ru\/wp-json\/wp\/v2\/users\/2"}],"replies":[{"embeddable":true,"href":"https:\/\/legacy.dia.edu.az\/ru\/wp-json\/wp\/v2\/comments?post=11351"}],"version-history":[{"count":0,"href":"https:\/\/legacy.dia.edu.az\/ru\/wp-json\/wp\/v2\/posts\/11351\/revisions"}],"wp:featuredmedia":[{"embeddable":true,"href":"https:\/\/legacy.dia.edu.az\/ru\/wp-json\/wp\/v2\/media\/11352"}],"wp:attachment":[{"href":"https:\/\/legacy.dia.edu.az\/ru\/wp-json\/wp\/v2\/media?parent=11351"}],"wp:term":[{"taxonomy":"category","embeddable":true,"href":"https:\/\/legacy.dia.edu.az\/ru\/wp-json\/wp\/v2\/categories?post=11351"},{"taxonomy":"post_tag","embeddable":true,"href":"https:\/\/legacy.dia.edu.az\/ru\/wp-json\/wp\/v2\/tags?post=11351"}],"curies":[{"name":"wp","href":"https:\/\/api.w.org\/{rel}","templated":true}]}}